{"id":71934,"date":"2024-01-14T12:33:17","date_gmt":"2024-01-14T11:33:17","guid":{"rendered":"https:\/\/www.die-stadtzeitung.de\/?p=71934"},"modified":"2024-01-23T15:31:07","modified_gmt":"2024-01-23T14:31:07","slug":"neuer-podcast-laesst-hinter-die-uni-kulissen-blicken","status":"publish","type":"post","link":"https:\/\/www.die-stadtzeitung.de\/index.php\/2024\/01\/14\/neuer-podcast-laesst-hinter-die-uni-kulissen-blicken\/","title":{"rendered":"Neuer Podcast l\u00e4sst hinter die Uni-Kulissen blicken"},"content":{"rendered":"<div id=\"attachment_71936\" class=\"wp-caption alignnone\" style=\"max-width: 882px;\"><img loading=\"lazy\" decoding=\"async\" class=\"wp-image-71936 size-full\" src=\"\/wp-content\/uploads\/2024\/01\/Backstage_Podcast.jpg\" alt=\"\" width=\"872\" height=\"574\" \/><span class=\"wp-caption-text\">&#8222;Backstage&#8220; &#8211; der neue Podcast der Bergischen Universit\u00e4t &#8211; \u00a9 Bergische Universit\u00e4t<\/span><\/div>\n<p>\u201eWir nehmen unsere H\u00f6rerinnen und H\u00f6rer mit auf eine Reise hinter die Kulissen unserer Uni und hinein in die Geschichten der Menschen, die sie ausmachen\u201c, erz\u00e4hlt Anne MacDonald, federf\u00fchrende Redakteurin des neuen Podcasts. Das spannende Format richtet sich an Studieninteressierte, aber auch s\u00e4mtliche Uniangeh\u00f6rige und alle sonstigen Interessierten.<\/p>\n<p>In der ersten Folge erz\u00e4hlt Sebastian von seinem Weg ins Lehramt. Er studiert Philosophie sowie Chemie und berichtet dar\u00fcber, was er im Studium lernt, wie er sich seinen sp\u00e4teren Alltag als Lehrer vorstellt und was das letztlich auch alles mit seinem gr\u00f6\u00dften Hobby zu tun hat. In der n\u00e4chsten Folge, im Februar, steht Senta von den Talentscouts im Mittelpunkt.<\/p>\n<p>Der Podcast erscheint monatlich und kann \u00fcber Spotify, Apple Podcasts und Amazon Music abgerufen werden. Sie finden ihn au\u00dferdem <a href=\"https:\/\/www.startdenker.uni-wuppertal.de\/de\/orientieren\/podcasts\/backstage-uni-wuppertal\/\">hier<\/a>.<\/p>\n","protected":false},"excerpt":{"rendered":"<p>Studieren, lehren, informieren, verwalten, versorgen: Wer sind die Menschen, die man an der Bergischen Universit\u00e4t trifft? Wie sind sie hierhergekommen und was macht diesen Ort f\u00fcr sie so besonders? Das erz\u00e4hlen Studierende und Besch\u00e4ftigte im neuen Podcast \u201eBackstage Uni Wuppertal\u201c.<\/p>\n","protected":false},"author":7,"featured_media":0,"comment_status":"open","ping_status":"open","sticky":false,"template":"","format":"standard","meta":{"footnotes":""},"categories":[27],"tags":[],"class_list":["post-71934","post","type-post","status-publish","format-standard","hentry","category-wissen"],"publishpress_future_action":{"enabled":false,"date":"2026-05-08 19:05:42","action":"change-status","newStatus":"draft","terms":[],"taxonomy":"category","extraData":[]},"publishpress_future_workflow_manual_trigger":{"enabledWorkflows":[]},"_links":{"self":[{"href":"https:\/\/www.die-stadtzeitung.de\/index.php\/wp-json\/wp\/v2\/posts\/71934","targetHints":{"allow":["GET"]}}],"collection":[{"href":"https:\/\/www.die-stadtzeitung.de\/index.php\/wp-json\/wp\/v2\/posts"}],"about":[{"href":"https:\/\/www.die-stadtzeitung.de\/index.php\/wp-json\/wp\/v2\/types\/post"}],"author":[{"embeddable":true,"href":"https:\/\/www.die-stadtzeitung.de\/index.php\/wp-json\/wp\/v2\/users\/7"}],"replies":[{"embeddable":true,"href":"https:\/\/www.die-stadtzeitung.de\/index.php\/wp-json\/wp\/v2\/comments?post=71934"}],"version-history":[{"count":2,"href":"https:\/\/www.die-stadtzeitung.de\/index.php\/wp-json\/wp\/v2\/posts\/71934\/revisions"}],"predecessor-version":[{"id":71937,"href":"https:\/\/www.die-stadtzeitung.de\/index.php\/wp-json\/wp\/v2\/posts\/71934\/revisions\/71937"}],"wp:attachment":[{"href":"https:\/\/www.die-stadtzeitung.de\/index.php\/wp-json\/wp\/v2\/media?parent=71934"}],"wp:term":[{"taxonomy":"category","embeddable":true,"href":"https:\/\/www.die-stadtzeitung.de\/index.php\/wp-json\/wp\/v2\/categories?post=71934"},{"taxonomy":"post_tag","embeddable":true,"href":"https:\/\/www.die-stadtzeitung.de\/index.php\/wp-json\/wp\/v2\/tags?post=71934"}],"curies":[{"name":"wp","href":"https:\/\/api.w.org\/{rel}","templated":true}]}}