{"id":71908,"date":"2024-01-17T16:29:33","date_gmt":"2024-01-17T15:29:33","guid":{"rendered":"https:\/\/www.die-stadtzeitung.de\/?p=71908"},"modified":"2024-01-17T16:29:33","modified_gmt":"2024-01-17T15:29:33","slug":"tic-begeistert-mit-dem-grusical-die-addams-family","status":"publish","type":"post","link":"https:\/\/www.die-stadtzeitung.de\/index.php\/2024\/01\/17\/tic-begeistert-mit-dem-grusical-die-addams-family\/","title":{"rendered":"TiC begeistert mit dem Grusical \u201eDie Addams Family\u201c"},"content":{"rendered":"<div id=\"attachment_71911\" class=\"wp-caption alignnone\" style=\"max-width: 2570px;\"><img loading=\"lazy\" decoding=\"async\" class=\"size-full wp-image-71911\" src=\"\/wp-content\/uploads\/2024\/01\/IMG_2914-2-Verbessert-RR-scaled.jpg\" alt=\"\" width=\"2560\" height=\"1746\" \/><span class=\"wp-caption-text\">Die &#8222;Addams Family&#8220;, die auf der B\u00fchne des TiC-Theaters in Cronenberg ihr Unwesen treibt &#8211; \u00a9 Martin Mazur<\/span><\/div>\n<p>Amerikas wahrscheinlich schr\u00e4gste Familie erobert die Musical-B\u00fchne: Die Addams leben in ihrem Haus im Central Park ein alles andere als gew\u00f6hnliches Leben voll Dunkelheit, Schmerz und Tod.<\/p>\n<p>Doch das k\u00f6nnte sich bald \u00e4ndern, denn Wednesday, die Tochter der Familie Addams, ist erwachsen geworden und verliebt sich in den ganz normalen Jungen Lukas aus einer ganz normalen Familie.<\/p>\n<p>Ein ganz normaler Junge? Eine wahrhaft schreckliche Vorstellung f\u00fcr Wednesdays Eltern. Dass allerdings der Nachwuchs pl\u00f6tzlich \u00fcber die Str\u00e4nge schl\u00e4gt und seine eigenen Wege gehen will, davon k\u00f6nnen auch die Eltern von Wednesdays Freund Lukas ein Lied singen.<\/p>\n<h4>Ein Musical mit eing\u00e4ngigen Melodien<\/h4>\n<p>Und die n\u00e4chste Katastrophe steht bereits bevor, denn die beiden Familien sollen sich kennenlernen und Wednesday w\u00fcnscht sich nur einen ganz normalen Abend ohne besondere Vorkommnisse. Doch da hat sie die Rechnung ohne die \u00fcbrigen Mitglieder der Familie Addams gemacht &#8230;.<\/p>\n<p>Andrew Lippas Musical mit seiner eing\u00e4ngigen Musik aus Vintage-Swing, Latin-Pop und Dance macabre erlebte seit 2010 mehr als 700 Auff\u00fchrungen am New Yorker Broadway. \u201eThe Addams Family\u201c ist ein Grusical \u00fcber eine \u201eschrecklich nette Familie\u201c, \u00fcber Liebe, Ehrlichkeit und die Frage, was eigentlich \u201enormal\u201c ist. Ein schaurig-sch\u00f6ner Grusel-Spa\u00df!<\/p>\n<p>&nbsp;<\/p>\n<p><strong>Die letzten Vorstellungstermine von \u201eDie Addams Family\u201c:<\/strong><\/p>\n<p>Freitag &#8211; 09.02.2024 &#8211; 20:00 Uhr &#8211; Atelier &#8211; Unterkirchen<\/p>\n<p>Samstag &#8211; 10.02.2024 &#8211; 20:00 Uhr &#8211; Atelier &#8211; Unterkirchen<\/p>\n<p>Freitag &#8211; 23.02.2024 &#8211; 20:00 Uhr &#8211; Atelier Unterkirchen<\/p>\n<p>Samstag &#8211; 24.02.2024 &#8211; 20:00 Uhr &#8211; Atelier Unterkirchen<\/p>\n<p>Sonntag &#8211; 25.02.2024 &#8211; 19:00 Uhr &#8211; Atelier Unterkirchen<\/p>\n<p>Freitag &#8211; 15.03.2024 &#8211; 20:00 Uhr &#8211; Atelier Unterkirchen<\/p>\n<p>Samstag &#8211; 16.03.2024 &#8211; 20:00 Uhr &#8211; Atelier Unterkirchen<\/p>\n<p>Sonntag &#8211; 17.03.2024 &#8211; 19:00 Uhr &#8211; Atelier &#8211; Unterkirchen<\/p>\n<p>&nbsp;<\/p>\n<p>Kartenbestellung online unter <a href=\"http:\/\/tic-theater.de\">http:\/\/tic-theater.de<\/a>, telefonisch unter 0202\/472211 oder im TiC-Kartenb\u00fcro &#8211; Hauptstra\u00dfe 3 in Cronenberg<\/p>\n<p>\u00d6ffnungszeiten: Mo-Fr 11-18 Uhr &#8211;\u00a0 Sa 11-14 Uhr<\/p>\n","protected":false},"excerpt":{"rendered":"<p>Sp\u00e4testens seit der beliebten Netflix-Serie \u201eWednesday\u201c ist die \u201eAddams Family\u201c wieder in aller Munde. Und auch auf der B\u00fchne des TiC-Theaters treibt die \u201eAddams Family\u201c ihr Unwesen \u2013 aber nur noch bis zum 17. M\u00e4rz. Die frech-beschwingte Musical-Version von Andrew Lippa hat Dustin Smailes f\u00fcr das Theater in Cronenberg inszeniert.<\/p>\n","protected":false},"author":7,"featured_media":0,"comment_status":"open","ping_status":"open","sticky":false,"template":"","format":"standard","meta":{"footnotes":""},"categories":[29],"tags":[],"class_list":["post-71908","post","type-post","status-publish","format-standard","hentry","category-kultur"],"publishpress_future_action":{"enabled":false,"date":"2026-05-07 04:08:05","action":"change-status","newStatus":"draft","terms":[],"taxonomy":"category","extraData":[]},"publishpress_future_workflow_manual_trigger":{"enabledWorkflows":[]},"_links":{"self":[{"href":"https:\/\/www.die-stadtzeitung.de\/index.php\/wp-json\/wp\/v2\/posts\/71908","targetHints":{"allow":["GET"]}}],"collection":[{"href":"https:\/\/www.die-stadtzeitung.de\/index.php\/wp-json\/wp\/v2\/posts"}],"about":[{"href":"https:\/\/www.die-stadtzeitung.de\/index.php\/wp-json\/wp\/v2\/types\/post"}],"author":[{"embeddable":true,"href":"https:\/\/www.die-stadtzeitung.de\/index.php\/wp-json\/wp\/v2\/users\/7"}],"replies":[{"embeddable":true,"href":"https:\/\/www.die-stadtzeitung.de\/index.php\/wp-json\/wp\/v2\/comments?post=71908"}],"version-history":[{"count":5,"href":"https:\/\/www.die-stadtzeitung.de\/index.php\/wp-json\/wp\/v2\/posts\/71908\/revisions"}],"predecessor-version":[{"id":71914,"href":"https:\/\/www.die-stadtzeitung.de\/index.php\/wp-json\/wp\/v2\/posts\/71908\/revisions\/71914"}],"wp:attachment":[{"href":"https:\/\/www.die-stadtzeitung.de\/index.php\/wp-json\/wp\/v2\/media?parent=71908"}],"wp:term":[{"taxonomy":"category","embeddable":true,"href":"https:\/\/www.die-stadtzeitung.de\/index.php\/wp-json\/wp\/v2\/categories?post=71908"},{"taxonomy":"post_tag","embeddable":true,"href":"https:\/\/www.die-stadtzeitung.de\/index.php\/wp-json\/wp\/v2\/tags?post=71908"}],"curies":[{"name":"wp","href":"https:\/\/api.w.org\/{rel}","templated":true}]}}