{"id":71808,"date":"2024-01-16T13:34:58","date_gmt":"2024-01-16T12:34:58","guid":{"rendered":"https:\/\/www.die-stadtzeitung.de\/?p=71808"},"modified":"2024-01-16T13:35:11","modified_gmt":"2024-01-16T12:35:11","slug":"achim-ottos-winter-fotos-schmuecken-die-aktuelle-stunde","status":"publish","type":"post","link":"https:\/\/www.die-stadtzeitung.de\/index.php\/2024\/01\/16\/achim-ottos-winter-fotos-schmuecken-die-aktuelle-stunde\/","title":{"rendered":"Achim Ottos Winter-Fotos schm\u00fccken die &#8222;Aktuelle Stunde&#8220;"},"content":{"rendered":"<div id=\"attachment_71811\" class=\"wp-caption alignnone\" style=\"max-width: 2570px;\"><img loading=\"lazy\" decoding=\"async\" class=\"wp-image-71811 size-full\" src=\"\/wp-content\/uploads\/2024\/01\/01039082-01-scaled.jpeg\" alt=\"\" width=\"2560\" height=\"1500\" \/><span class=\"wp-caption-text\">Das Moderatoren-Duo Catherine Vogel und Michael Dietz in der WDR-Sendung &#8222;Aktuelle Stunde&#8220;. Im Hintergrund (l.) ein Winter-Foto von Achim Otto &#8211; \u00a9 Screenshot Achim Otto<\/span><\/div>\n<p>Fotografieren ist seit jeher sein gro\u00dfes Hobby, seine Br\u00f6tchen hat Achim Otto fr\u00fcher als Industriekaufmann in der Werbe- und Marketingbranche verdient. Dennoch sind seine Fotos absolut professionell. \u00dcber 1.000 Mal wurden Fotos von ihm in allen Zeitungen des bergischen Dreiecks abgedruckt oder in Fernseh-Sendungen im WDR, NDR und von Sat1 gezeigt. So wie auch jetzt wieder.<\/p>\n<p>Besonders stolz ist Achim Otto darauf, dass einige seiner Naturaufnahmen sogar den Wetterbericht in den \u201eARD-Tagesthemen\u201c geschm\u00fcckt haben.\u00a0Achim Otto: \u201eDa ich nicht f\u00fcrs Archiv arbeiten m\u00f6chte, versende ich meine Bilder immer an\u00a0Fernsehsender, Zeitungen und Agenturen.\u201c Mit Erfolg, wie man sieht\u2026<\/p>\n<div id=\"attachment_71814\" class=\"wp-caption alignnone\" style=\"max-width: 760px;\"><img loading=\"lazy\" decoding=\"async\" class=\"wp-image-71814 size-full\" src=\"\/wp-content\/uploads\/2024\/01\/Achim-Otto-wald-1-1.jpg\" alt=\"\" width=\"750\" height=\"500\" \/><span class=\"wp-caption-text\">Idyllische Winter-Impressionen in einem Wupertaler Wald &#8211; \u00a9 Achim Otto<\/span><\/div>\n<p>Seine erste Kamera, eine \u201eAgfa Optima\u201c, bekam er als 14j\u00e4hriger zur Konfirmation geschenkt. Sofort machte es bei ihm Klick! Damals fotografierte Achim Otto noch analog mit ganz normalen Filmen und entwickelte seine Bilder sogar in einem kleinen Heim-Labor selbst.<\/p>\n<p>Nat\u00fcrlich ging der Achim Otto, der sich mit VHS-Foto-Kursen st\u00e4ndig weiterbildete, bei seinem Hobby mit der Zeit. Heute schie\u00dft er seine Bilder mit einer modernen Digital-Spiegelreflex-Kamera.<\/p>\n<div id=\"attachment_71818\" class=\"wp-caption alignnone\" style=\"max-width: 760px;\"><img loading=\"lazy\" decoding=\"async\" class=\"wp-image-71818 size-full\" src=\"\/wp-content\/uploads\/2024\/01\/Achim-Otto-v8.jpg\" alt=\"\" width=\"750\" height=\"481\" \/><span class=\"wp-caption-text\">Ein bergisches Fachwerkhaus in einer traumhaften Winterlandschaft &#8211; \u00a9 Achim Otto<\/span><\/div>\n<p>Fr\u00fcher war er auch oft noch auf Familienfeiern mit der Kamera im Einsatz. Heute zieht es ihn nur noch hinaus in die Natur. Und das schon fr\u00fchmorgens, um ja keinen romantischen Sonnenaufgang oder gespenstischen Nebelschwaden zu verpassen. Auch die Schwebebahn ist eines seiner favorisierten Motive.<\/p>\n<p>Nachmittags geht Achim Otto oft mit seiner Ehefrau spazieren \u2013 und auch dann ist die Kamera immer dabei. Fortsetzung folgt!\u00a0<strong>(pp)<\/strong><\/p>\n<div id=\"attachment_71820\" class=\"wp-caption alignnone\" style=\"max-width: 410px;\"><img loading=\"lazy\" decoding=\"async\" class=\"wp-image-71820 size-full\" src=\"\/wp-content\/uploads\/2024\/01\/131-2-01-2.jpg\" alt=\"\" width=\"400\" height=\"267\" \/><span class=\"wp-caption-text\">Achim Otto mit seiner geliebten Leica &#8211; \u00a9 privat<\/span><\/div>\n","protected":false},"excerpt":{"rendered":"<p>Er versorgt die STADTZEITUNG regelm\u00e4\u00dfig mit beeindruckenden Naturaufnahmen und Stadt-Impressionen. Achim Otto hat ein H\u00e4ndchen \u2013 oder besser gesagt \u2013 ein Auge f\u00fcr au\u00dfergew\u00f6hnliche Motive. Gestern (15.01.) flimmerten aussagestarke Winter-Impressionen des Wuppertaler Fotografen sogar als Aufmacher in der WDR-Sendung \u201eAktuelle Stunde\u201c \u00fcber die Mattscheibe.<\/p>\n","protected":false},"author":7,"featured_media":0,"comment_status":"open","ping_status":"open","sticky":false,"template":"","format":"standard","meta":{"footnotes":""},"categories":[24],"tags":[],"class_list":["post-71808","post","type-post","status-publish","format-standard","hentry","category-wuppertal"],"publishpress_future_action":{"enabled":false,"date":"2026-05-05 05:00:21","action":"change-status","newStatus":"draft","terms":[],"taxonomy":"category","extraData":[]},"publishpress_future_workflow_manual_trigger":{"enabledWorkflows":[]},"_links":{"self":[{"href":"https:\/\/www.die-stadtzeitung.de\/index.php\/wp-json\/wp\/v2\/posts\/71808","targetHints":{"allow":["GET"]}}],"collection":[{"href":"https:\/\/www.die-stadtzeitung.de\/index.php\/wp-json\/wp\/v2\/posts"}],"about":[{"href":"https:\/\/www.die-stadtzeitung.de\/index.php\/wp-json\/wp\/v2\/types\/post"}],"author":[{"embeddable":true,"href":"https:\/\/www.die-stadtzeitung.de\/index.php\/wp-json\/wp\/v2\/users\/7"}],"replies":[{"embeddable":true,"href":"https:\/\/www.die-stadtzeitung.de\/index.php\/wp-json\/wp\/v2\/comments?post=71808"}],"version-history":[{"count":8,"href":"https:\/\/www.die-stadtzeitung.de\/index.php\/wp-json\/wp\/v2\/posts\/71808\/revisions"}],"predecessor-version":[{"id":71825,"href":"https:\/\/www.die-stadtzeitung.de\/index.php\/wp-json\/wp\/v2\/posts\/71808\/revisions\/71825"}],"wp:attachment":[{"href":"https:\/\/www.die-stadtzeitung.de\/index.php\/wp-json\/wp\/v2\/media?parent=71808"}],"wp:term":[{"taxonomy":"category","embeddable":true,"href":"https:\/\/www.die-stadtzeitung.de\/index.php\/wp-json\/wp\/v2\/categories?post=71808"},{"taxonomy":"post_tag","embeddable":true,"href":"https:\/\/www.die-stadtzeitung.de\/index.php\/wp-json\/wp\/v2\/tags?post=71808"}],"curies":[{"name":"wp","href":"https:\/\/api.w.org\/{rel}","templated":true}]}}