{"id":71800,"date":"2024-01-11T14:58:23","date_gmt":"2024-01-11T13:58:23","guid":{"rendered":"https:\/\/www.die-stadtzeitung.de\/?p=71800"},"modified":"2024-01-18T12:34:13","modified_gmt":"2024-01-18T11:34:13","slug":"orte-der-demokratiegeschichte-matinee-zum-schauspielhaus","status":"publish","type":"post","link":"https:\/\/www.die-stadtzeitung.de\/index.php\/2024\/01\/11\/orte-der-demokratiegeschichte-matinee-zum-schauspielhaus\/","title":{"rendered":"Orte der Demokratiegeschichte: Matin\u00e9e zum Schauspielhaus"},"content":{"rendered":"<div id=\"attachment_45375\" class=\"wp-caption alignnone\" style=\"max-width: 2570px;\"><img loading=\"lazy\" decoding=\"async\" class=\"size-full wp-image-45375\" src=\"\/wp-content\/uploads\/2017\/10\/Thomas-Braus_UweSchinkel-scaled.jpg\" alt=\"\" width=\"2560\" height=\"1706\" \/><span class=\"wp-caption-text\">Schauspielintendant &amp; Schauspieler Thomas Braus &#8211; \u00a9 Wuppertaler B\u00fchnen \/ Uwe Schinkel<\/span><\/div>\n<p>Veranstaltungsort ist das Pina-Bausch-Zentrum. Das Schauspiel der Wuppertaler B\u00fchnen, das 1945 nach der Befreiung vom Nationalsozialismus als eine der ersten B\u00fchnen Deutschlands wieder den Vorhang hob, agierte an unterschiedlichen Spielorten in Elberfeld und Barmen.<\/p>\n<p>Ein besonders prominenter Ort wurde das Schauspielhaus an der Friedrich-Engels-Allee, das \u2013 durch seine Architektur besondere Transparenz vermittelnd \u2013 1966 mit der Rede von Heinrich B\u00f6ll \u00fcber die Freiheit der Kunst er\u00f6ffnet wurde.<\/p>\n<p>Bis zur Rede B\u00f6lls hatte sich das Schauspiel langsam aber sicher aus der \u201eKunst\u201c des Nationalsozialismus hin zur Kunst in der Demokratie entwickelt. Dabei bezog es auch die Jugend mit ein, die sich aus nationalsozialistisch gepr\u00e4gter Mentalit\u00e4t befreien wollte und musste.<\/p>\n<p>Nicht nur entwickelten sich dort in der Bundesrepublik bekannte Schauspielerinnen und Schauspieler wie Xenia P\u00f6rtner und Harald Leipniz, sondern auch Paul P\u00f6rtners Weg zum experimentellen Theater und demokratischen Mitspieltheater begann im Wuppertaler Schauspielhaus.<\/p>\n<div id=\"attachment_33776\" class=\"wp-caption alignnone\" style=\"max-width: 511px;\"><img loading=\"lazy\" decoding=\"async\" class=\" wp-image-33776\" src=\"\/wp-content\/uploads\/2021\/02\/1b78a8404967d0a62a4f6bbe6a751671-2.jpg\" alt=\"\" width=\"501\" height=\"349\" \/><span class=\"wp-caption-text\">Das Schauspielhaus mit Werbung des Tanztheaters Pina Bausch &#8211; \u00a9 Paul Coon<\/span><\/div>\n<p>Im Engelsjahr 1970 kam es mit der Inszenierung des kommunistischen St\u00fcckes \u201eDer Stern wird rot\u201c von Sean O`Casey zu gro\u00dfer Emp\u00f6rung des eher konservativ eingestellten Wuppertaler Publikums, was zur \u00f6ffentlichen Auseinandersetzung und damit zur weiteren Demokratisierung durch das Schauspiel f\u00fchrte.<\/p>\n<p>Diese und andere geschichtliche Entwicklungen der Demokratiegeschichte im Wuppertaler Schauspiel werden bei der Matin\u00e9e thematisiert. Bettina Milz, Leiterfin der Vorlaufphase des Pina Bausch Zentrums, der Schauspielintendant Thomas Braus, die T\u00e4nzerin Julie Shanahan, die Schauspielerin Julia Wolff, der Schauspieler Martin Wei\u00df, Julia Kolat (Geige), Ann-Kristin Mertmann (Geige) sowie Beatrix Burghoff und Studierende des Bergischen Weiterbildungskollegs Wuppertal gestalten das Programm.<\/p>\n<p>Organisator ist Wolfgang Heinrichs, au\u00dferplanm\u00e4\u00dfiger Professor f\u00fcr Neuere Geschichte an der Bergischen Universit\u00e4t Wuppertal, in Kooperation mit dem Zentrum f\u00fcr Stadtgeschichte (Dr. Lars Bluma) und dem Bergischen Kolleg Wuppertal (Beatrix Burghoff).<\/p>\n<div id=\"attachment_71805\" class=\"wp-caption alignnone\" style=\"max-width: 510px;\"><img loading=\"lazy\" decoding=\"async\" class=\"size-full wp-image-71805\" src=\"\/wp-content\/uploads\/2024\/01\/JuliaWolff_UweSchinkel-scaled-1.jpg\" alt=\"\" width=\"500\" height=\"333\" \/><span class=\"wp-caption-text\">Julia Wolff &#8211; \u00a9 Uwe Schinkel \/ Schauspiel Wuppertal<\/span><\/div>\n<p><strong>Termin:<\/strong><\/p>\n<p><strong>Orte der Demokratiegeschichte:<\/strong><\/p>\n<h4>Matin\u00e9e zum Schauspielhaus Wuppertal<\/h4>\n<p><strong>Sonntag &#8211; 21.01.2023 &#8211; 11:00 Uhr<\/strong><\/p>\n<p>Pina Bausch Zentrum\/ehemaliges Schauspielhaus &#8211; Bundesallee 260 &#8211; 42103 Wuppertal<\/p>\n<p><strong>Link zur Webseite des Pina Bausch Zentrums:<\/strong><\/p>\n<p><a href=\"https:\/\/pinabauschzentrum.de\/\">https:\/\/pinabauschzentrum.de\/<\/a><\/p>\n","protected":false},"excerpt":{"rendered":"<p>Im vergangenen Jahr haben sich Studierende der Bergischen Universit\u00e4t mit Orten der Demokratiegeschichte in Wuppertal besch\u00e4ftigt. Acht dieser Orte werden im Rahmen einer Veranstaltungsreihe vorgestellt. Eine Matin\u00e9e zum Schauspielhaus Wuppertal am Sontag (21.01.) bildet den Abschluss dieser Reihe.<\/p>\n","protected":false},"author":7,"featured_media":0,"comment_status":"open","ping_status":"open","sticky":false,"template":"","format":"standard","meta":{"footnotes":""},"categories":[29],"tags":[],"class_list":["post-71800","post","type-post","status-publish","format-standard","hentry","category-kultur"],"publishpress_future_action":{"enabled":false,"date":"2026-05-08 19:28:41","action":"change-status","newStatus":"draft","terms":[],"taxonomy":"category","extraData":[]},"publishpress_future_workflow_manual_trigger":{"enabledWorkflows":[]},"_links":{"self":[{"href":"https:\/\/www.die-stadtzeitung.de\/index.php\/wp-json\/wp\/v2\/posts\/71800","targetHints":{"allow":["GET"]}}],"collection":[{"href":"https:\/\/www.die-stadtzeitung.de\/index.php\/wp-json\/wp\/v2\/posts"}],"about":[{"href":"https:\/\/www.die-stadtzeitung.de\/index.php\/wp-json\/wp\/v2\/types\/post"}],"author":[{"embeddable":true,"href":"https:\/\/www.die-stadtzeitung.de\/index.php\/wp-json\/wp\/v2\/users\/7"}],"replies":[{"embeddable":true,"href":"https:\/\/www.die-stadtzeitung.de\/index.php\/wp-json\/wp\/v2\/comments?post=71800"}],"version-history":[{"count":6,"href":"https:\/\/www.die-stadtzeitung.de\/index.php\/wp-json\/wp\/v2\/posts\/71800\/revisions"}],"predecessor-version":[{"id":71807,"href":"https:\/\/www.die-stadtzeitung.de\/index.php\/wp-json\/wp\/v2\/posts\/71800\/revisions\/71807"}],"wp:attachment":[{"href":"https:\/\/www.die-stadtzeitung.de\/index.php\/wp-json\/wp\/v2\/media?parent=71800"}],"wp:term":[{"taxonomy":"category","embeddable":true,"href":"https:\/\/www.die-stadtzeitung.de\/index.php\/wp-json\/wp\/v2\/categories?post=71800"},{"taxonomy":"post_tag","embeddable":true,"href":"https:\/\/www.die-stadtzeitung.de\/index.php\/wp-json\/wp\/v2\/tags?post=71800"}],"curies":[{"name":"wp","href":"https:\/\/api.w.org\/{rel}","templated":true}]}}