{"id":71590,"date":"2024-01-07T16:45:19","date_gmt":"2024-01-07T15:45:19","guid":{"rendered":"https:\/\/www.die-stadtzeitung.de\/?p=71590"},"modified":"2024-01-07T16:45:19","modified_gmt":"2024-01-07T15:45:19","slug":"die-boerse-vier-comedy-stars-sind-im-anflug","status":"publish","type":"post","link":"https:\/\/www.die-stadtzeitung.de\/index.php\/2024\/01\/07\/die-boerse-vier-comedy-stars-sind-im-anflug\/","title":{"rendered":"&#8222;die b\u00f6rse&#8220;: Vier Comedy-Stars sind im Anflug"},"content":{"rendered":"<div id=\"attachment_71592\" class=\"wp-caption alignnone\" style=\"max-width: 1525px;\"><img loading=\"lazy\" decoding=\"async\" class=\"wp-image-71592 size-full\" src=\"\/wp-content\/uploads\/2024\/01\/Lisa-Feller_Foto_Stephan-Pick_red.jpg\" alt=\"\" width=\"1515\" height=\"1034\" \/><span class=\"wp-caption-text\">Der erfolgreiche Comedy-Star Lisa Feller begeistert immer wieder mit Programmen, die auf den Punkt kommen &#8211; \u00a9 Stephan Pick<\/span><\/div>\n<p>Los geht es gleich am 01. Februar mit dem n\u00e4chsten \u201eRudelsingen\u201c. Da werden dann Lieder von ABBA bis ACDC, von Brings bis Beyonc\u00e9, von Udo J\u00fcrgens bis Udo Lindenberg \u201egeschmettert\u201c.<\/p>\n<p>Absurdes aus \u201eLittle Great Britain\u201c und \u201eGood old Germany\u201c nimmt am Freitag (02.02.) Komiker Christian Schulte-Loh mit seinem Programm \u201eBankrott Royal &#8211; Die Zukunft ist golden\u201c aufs Korn.<\/p>\n<p>Weiter geht\u00b4s am Samstag (03.02.)\u00a0 mit 50 Bands: Zur Feier des Jahres bringen Bipolar Feminin ihren aktuellen Longplayer \u201eEin fragiles System\u201c mit. Das sind zehn hochgradig mitsingbare Konfrontationen mit der Bipolarit\u00e4t von Wut und Liebe.<\/p>\n<p>Den Hang zur Ambivalenz teilen sie mit \u201eCava\u201c, deren raue Attit\u00fcde auf einen weichen Kern trifft. \u201eCava\u201c m\u00f6gen Schaumwein, Garage und Punk. Dreckige Gitarrenriffs, viel Feedback und melodische Vocals.<\/p>\n<div id=\"attachment_71593\" class=\"wp-caption alignnone\" style=\"max-width: 560px;\"><img loading=\"lazy\" decoding=\"async\" class=\"wp-image-71593 size-full\" src=\"\/wp-content\/uploads\/2024\/01\/David-Kebekus_Foto_Marvin-Ruppert.jpg\" alt=\"\" width=\"550\" height=\"551\" \/><span class=\"wp-caption-text\">David Kebekus, Bruder von Caroline Kebekus, die mit ihren TV-Comedy-Shows ein Millionen-Publikum erreicht &#8211; \u00a9 Marvin Ruppert<\/span><\/div>\n<p>Am Freitag (09.02.) \u00a0\u201eschockiert\u201c Comedy-Lady Lisa Feller mit ihrem neuen Programm \u201eDirty Talk\u201c. Da hat sie nicht nur ein W\u00f6rtchen mitzureden, sie kontert auch schlagfertig das in Mode gekommene \u201eschmutzige Gerede\u201c.<\/p>\n<p>Wird es nun definitiv immer hei\u00dfer? Cedrik Behr h\u00e4lt am Dienstag (13.02.) \u00a0einen Attac-Vortrag \u00fcber das Thema \u201eAnpassung an den Klimawandel im urbanen Raum\u201c.<\/p>\n<p>Filmemacherin Martina Kast hat mit \u201eChristian von Grumbkow &#8211; Wege zur Farbe\u201c eine filmische Biographie des aus Wuppertal stammenden Musikers, bildenden K\u00fcnstlers und Menschenfreunds geschaffen. Zu sehen ist der Film am Freitag (16.02.) in \u201eder b\u00f6rse\u201c \u00a0mit anschlie\u00dfender \u00a0Diskussion.<\/p>\n<p>Ein Abend mit Martin Sonneborn am Donnerstag (15.02.) \u00a0ist ein ganz unaufgeregtes Multimediaspektakel mit Krawall und Satire, lustigen Filmen und brutaler politischer Agitation zugunsten der \u201ePARTEI\u201c.<\/p>\n<div id=\"attachment_71596\" class=\"wp-caption alignnone\" style=\"max-width: 560px;\"><img loading=\"lazy\" decoding=\"async\" class=\"wp-image-71596 size-full\" src=\"\/wp-content\/uploads\/2024\/01\/Christian-von-Grumkow_Foto_Daria-Antsiferova.jpg\" alt=\"\" width=\"550\" height=\"391\" \/><span class=\"wp-caption-text\">Der K\u00fcnstler Christian von Grumbkow mit der Filmemacherin Martina Kast &#8211; \u00a9 Daria Antsiferova<\/span><\/div>\n<p>Im 50. Jahr \u201eder b\u00f6rse\u201c ist der \u201eWackeltreff\u201c zur\u00fcck. Die Kultparty steigt an jedem 3. Samstag im Monat. Am Samstag (17.02,) \u00a0geht \u00a0es mit den hei\u00dfesten DJ-Sounds von gestern und heute auf zwei \u201eDance-Floors\u201c kr\u00e4ftig ab.<\/p>\n<p>Einen Atemkurs f\u00fcr Wutb\u00fcrger liefert \u00a0Florian Hacke mit seinem Programm \u201eNichts darf man mehr!\u201c am Freitag (23.02.) ab.<\/p>\n<p>50 Jahre \u201edie b\u00f6rse\u201c! Da ist ganz klar mit Utopiastadt zu rechen und zwar so: 24+2+24. Am Samstag (24.02.2024) geht die Trasse bis nach Unterbarmen und es wird geraved, gejamt und gefeiert.<\/p>\n<p>Mit gleich zwei hochkar\u00e4tigen Veranstaltungen und der Veranstaltergemeinschaft \u201eThe Bowl\u201c geht \u201edie b\u00f6rse\u201c in die Historische Stadthalle:<\/p>\n<div id=\"attachment_71595\" class=\"wp-caption alignnone\" style=\"max-width: 560px;\"><img loading=\"lazy\" decoding=\"async\" class=\"wp-image-71595 size-full\" src=\"\/wp-content\/uploads\/2024\/01\/Sarah-Bosetti_Foto_Voland-Quist.jpg\" alt=\"\" width=\"550\" height=\"508\" \/><span class=\"wp-caption-text\">Schonungslos: Comedienne Sarah Bosetti &#8211; \u00a9 Voland Quist<\/span><\/div>\n<p>Mit ihrem Programm \u201eWer Angst hat soll zuhause bleiben!\u201c stellt Sarah Bosetti am Sonntag (25.02.) \u00a0in der Stadthalle die These auf: Die gr\u00f6\u00dfte Gefahr f\u00fcr die Menschheit sind nicht Klima, Krieg und Katastrophen, sondern der Populismus.<\/p>\n<p>Deutschlands ber\u00fchmtester Kriminalbiologie Dr. Mark Benecke gastiert am Dienstag (27.02.) in der Stadthalle. In seinem Programm \u201eMord im geschlossenen Raum\u201c beweist er, wie vielf\u00e4ltig und spannend sein Beruf ist.<\/p>\n<p>Den Monatsabschluss macht am Donnerstag (29.02.) der Bruder von Carolin Kebekus (Pussy Terror\u201c). Dinge, die David Kebekus \u00fcberragend findet, sind speziell bis manchmal sehr heikel. Er pr\u00e4sentiert sie aber aus einer Perspektive, aus der man dann doch dar\u00fcber lachen muss.<\/p>\n<div id=\"attachment_71597\" class=\"wp-caption alignnone\" style=\"max-width: 560px;\"><img loading=\"lazy\" decoding=\"async\" class=\"wp-image-71597 size-full\" src=\"\/wp-content\/uploads\/2024\/01\/Dr-Mark-Beneke_Pressefoto.jpg\" alt=\"\" width=\"550\" height=\"716\" \/><span class=\"wp-caption-text\">Deutschlands ber\u00fchmtester Kriminalbiologie Dr. Mark Benecke &#8211; \u00a9 privat<\/span><\/div>\n<p><strong>Das ausf\u00fchrliche Programm, weitere Infos und Ticketpreise finden Sie unter:<\/strong> <a href=\"http:\/\/www.dieboerse-wtal.de\">http:\/\/www.dieboerse-wtal.de<\/a><\/p>\n<p>&nbsp;<\/p>\n","protected":false},"excerpt":{"rendered":"<p>Das Kreativ-Team des Kulturzentrums \u201edie b\u00f6rse\u201c pr\u00e4sentiert im Februar ein breitgef\u00e4chertes Kultur-Programm, in dem u.a. Comedy-Stars wie Lisa Feller, Sarah Bosetti, David, Bruder von Carolin Kebekus, Christian Schulte-Loh oder der Wuppertaler Maler Christian von Grumbkow eine Hauptrolle spielen.<\/p>\n","protected":false},"author":7,"featured_media":0,"comment_status":"open","ping_status":"open","sticky":false,"template":"","format":"standard","meta":{"footnotes":""},"categories":[29],"tags":[],"class_list":["post-71590","post","type-post","status-publish","format-standard","hentry","category-kultur"],"publishpress_future_action":{"enabled":false,"date":"2026-05-06 10:52:24","action":"change-status","newStatus":"draft","terms":[],"taxonomy":"category","extraData":[]},"publishpress_future_workflow_manual_trigger":{"enabledWorkflows":[]},"_links":{"self":[{"href":"https:\/\/www.die-stadtzeitung.de\/index.php\/wp-json\/wp\/v2\/posts\/71590","targetHints":{"allow":["GET"]}}],"collection":[{"href":"https:\/\/www.die-stadtzeitung.de\/index.php\/wp-json\/wp\/v2\/posts"}],"about":[{"href":"https:\/\/www.die-stadtzeitung.de\/index.php\/wp-json\/wp\/v2\/types\/post"}],"author":[{"embeddable":true,"href":"https:\/\/www.die-stadtzeitung.de\/index.php\/wp-json\/wp\/v2\/users\/7"}],"replies":[{"embeddable":true,"href":"https:\/\/www.die-stadtzeitung.de\/index.php\/wp-json\/wp\/v2\/comments?post=71590"}],"version-history":[{"count":6,"href":"https:\/\/www.die-stadtzeitung.de\/index.php\/wp-json\/wp\/v2\/posts\/71590\/revisions"}],"predecessor-version":[{"id":71602,"href":"https:\/\/www.die-stadtzeitung.de\/index.php\/wp-json\/wp\/v2\/posts\/71590\/revisions\/71602"}],"wp:attachment":[{"href":"https:\/\/www.die-stadtzeitung.de\/index.php\/wp-json\/wp\/v2\/media?parent=71590"}],"wp:term":[{"taxonomy":"category","embeddable":true,"href":"https:\/\/www.die-stadtzeitung.de\/index.php\/wp-json\/wp\/v2\/categories?post=71590"},{"taxonomy":"post_tag","embeddable":true,"href":"https:\/\/www.die-stadtzeitung.de\/index.php\/wp-json\/wp\/v2\/tags?post=71590"}],"curies":[{"name":"wp","href":"https:\/\/api.w.org\/{rel}","templated":true}]}}