{"id":71158,"date":"2023-12-15T15:42:29","date_gmt":"2023-12-15T14:42:29","guid":{"rendered":"https:\/\/www.die-stadtzeitung.de\/?p=71158"},"modified":"2023-12-20T08:38:47","modified_gmt":"2023-12-20T07:38:47","slug":"bergischer-hc-faehrt-als-aussenseiter-nach-goeppingen","status":"publish","type":"post","link":"https:\/\/www.die-stadtzeitung.de\/index.php\/2023\/12\/15\/bergischer-hc-faehrt-als-aussenseiter-nach-goeppingen\/","title":{"rendered":"Bergischer HC f\u00e4hrt als Au\u00dfenseiter nach G\u00f6ppingen"},"content":{"rendered":"<div class=\"textLayer\" data-main-rotation=\"0\">\n<div id=\"attachment_55418\" class=\"wp-caption alignnone\" style=\"max-width: 2570px;\"><img loading=\"lazy\" decoding=\"async\" class=\"size-full wp-image-55418\" src=\"\/wp-content\/uploads\/2022\/09\/Classen-15-09-2022-089-2-scaled.jpg\" alt=\"\" width=\"2560\" height=\"1707\" \/><span class=\"wp-caption-text\">Der Einsatz von Kreisl\u00e4ufer Frederik Ladefoged (2.v.l.) in G\u00f6ppingen ist weiterhin frafglich &#8211; \u00a9 Archivfoto Jochen Classen<\/span><\/div>\n<\/div>\n<div class=\"page\" role=\"region\" data-page-number=\"2\" aria-label=\"Seite 2\" data-loaded=\"true\">\n<div class=\"canvasWrapper\">\n<p>Als Erg\u00e4nzung f\u00fcr die d\u00fcnn besetzte Kreisl\u00e4ufer-Position ist Frederik Sondermann von Zweitligist Bayer Dormagen mit dabei. Der 18-J\u00e4hrige steht dem BHC in den letzten beiden Spielen des Jahres als Ausleihe zur Verf\u00fcgung, so dass er auch am Samstag um 17:30 Uhr im PSD BANK DOME D\u00fcsseldorf gegen die HSG Wetzlar f\u00fcr die L\u00f6wen antreten wird.<\/p>\n<p>Sondermann k\u00f6nnte bereits in G\u00f6ppingen neben Ivo Santos einziger gelernter Kreisl\u00e4ufer sein. Tom Kare Nikolaisen und Aron Seesing fallen bekanntlich noch l\u00e4nger aus, doch auch der Einsatz von Frederik Ladefoged ist weiterhin fraglich. Der D\u00e4ne hatte es beim 28:37 in Hannover trotz R\u00fcckenbeschwerden probiert, lief aber noch nicht rund.<\/p>\n<p>&#8222;Er ist guten Mutes &#8211; und es liegt in seinem Naturell, dass er es durchzieht, wenn es irgendwie geht. Aber es muss nat\u00fcrlich Sinn ergeben&#8220;, sagt Naji. Abgesehen von den Ausf\u00e4llen am Kreis und damit auch im Abwehr-Innenblock fehlen weiterhin Elias Scholtes (R\u00fcckraum rechts) und Isak Persson (Rechtsau\u00dfen). Deutlich weniger Probleme hat Frisch Auf G\u00f6ppingen. Die Schwaben sind nicht nur gut aufgestellt, sie befinden sich auch in hervorragender Form.<\/p>\n<h4>Naji: Gibt bessere Zeitpunkte, um nach G\u00f6ppingen zu\u00a0 fahren<\/h4>\n<p>Einem 29:29 bei den F\u00fcchsen Berlin, was erst den vierten Minuspunkt f\u00fcr die Hauptst\u00e4dter bedeutete, lie\u00dfen sie einen maximal spektakul\u00e4ren 32:31-Sieg \u00fcber die SG Flensburg-Handewitt folgen. Erik Persson erzielte den entscheidenden Treffer gegen die zuletzt acht Mal in Serie siegreichen Nordlichter per direkt verwandeltem Freiwurf aus schlechtem Winkel und weckte damit Erinnerungen an Mads Andersens Tor zum 32:31 f\u00fcr den BHC gegen die MT Melsungen.<\/p>\n<div id=\"attachment_67711\" class=\"wp-caption alignnone\" style=\"max-width: 442px;\"><img loading=\"lazy\" decoding=\"async\" class=\" wp-image-67711\" src=\"\/wp-content\/uploads\/2023\/08\/Kaderfotos-Web_BHC_2023_Jamal-Naji-2-scaled.jpeg\" alt=\"\" width=\"432\" height=\"380\" \/><span class=\"wp-caption-text\">BHC-Cheftrainer Jamal Naji &#8211; \u00a9 BHC 06<\/span><\/div>\n<p>&#8222;Es gibt ganz sicher bessere Zeitpunkte, um nach G\u00f6ppingen zu fahren&#8220;, meint Naji. &#8222;Bei Frisch Auf funktioniert derzeit viel.&#8220; So hebt der Coach Josip Sarac als sehr cleveren Spieler hervor. &#8222;Und Sebastian Heymann ist eine gro\u00dfe St\u00fctze in der Abwehr.&#8220; Vor allem aber, so Jamal Naji, &#8222;hat G\u00f6ppingen im Moment immer zwei, drei Spieler in seinen Reihen, die \u00fcberperformen.&#8220; Das war beim BHC zuletzt zum Beispiel gegen Stuttgart (33:28) der Fall, in anderen Partien aber auch nicht.<\/p>\n<h4><strong>BHC sehnt die Winterpause herbei<\/strong><\/h4>\n<p>Bitter angef\u00fchlt hat sich die j\u00fcngste 28:37-Niederlage in Hannover. &#8222;Die TSV hat es schon sehr clever gegen uns gemacht. Wir bekommen viel zu viele Gegensto\u00df-Tore &#8211; \u00fcber die Gr\u00fcnde kann man sich streiten. Aber es muss zu jedem Zeitpunkt klar und deutlich sein, dass wir in den R\u00fcckzug kommen. Auch wenn ich verstehen kann, dass in den letzten Minuten auch die K\u00f6rner fehlten&#8220;, blickt der Trainer zur\u00fcck. Positiv nimmt er mit, dass es gelang, bis zur 26. Minute sehr gute L\u00f6sungen zu erspielen. &#8222;Wir haben leider nicht hochprozentig genug getroffen.&#8220;<\/p>\n<p>Auch in G\u00f6ppingen wird sich das BHC-Trainerteam etwas einfallen lassen: &#8222;Ganz wichtig wird es sein, dass wir die taktische Disziplin wahren.&#8220; Im Hinspiel ist dem BHC das &#8211; in personell anderer Konstellation &#8211; gelungen. 33:30 hie\u00df es im Oktober f\u00fcr die L\u00f6wen. &#8222;Da haben wir sehr hochprozentig angegriffen und die Ruhe bewahrt, als G\u00f6ppingen noch mal Aufwind hatte.&#8220; In der Vorbereitung auf das R\u00fcckspiel spielt die Partie analytisch noch eine Rolle.<\/p>\n<p><strong>Link zur Webseite des BHC:<\/strong><\/p>\n<p><a href=\"http:\/\/www.bhc06.de\">http:\/\/www.bhc06.de<\/a><\/p>\n<\/div>\n<\/div>\n","protected":false},"excerpt":{"rendered":"<p>Aufgrund seiner personellen Probleme sehnt der Bergische HC die Winterpause herbei. &#8222;Die Zeit brauchen wir wirklich&#8220;, sagt Trainer Jamal Naji. &#8222;Trotzdem glauben wir auch am Mittwoch an unsere Chance.&#8220; Die L\u00f6wen sind im ersten Spiel der R\u00fcckrunde bei Frisch Auf G\u00f6ppingen am Mittwoch um 19 Uhr in der EWS Arena zu Gast.<\/p>\n","protected":false},"author":7,"featured_media":0,"comment_status":"open","ping_status":"open","sticky":false,"template":"","format":"standard","meta":{"footnotes":""},"categories":[20],"tags":[],"class_list":["post-71158","post","type-post","status-publish","format-standard","hentry","category-sport"],"publishpress_future_action":{"enabled":false,"date":"2026-05-06 11:04:32","action":"change-status","newStatus":"draft","terms":[],"taxonomy":"category","extraData":[]},"publishpress_future_workflow_manual_trigger":{"enabledWorkflows":[]},"_links":{"self":[{"href":"https:\/\/www.die-stadtzeitung.de\/index.php\/wp-json\/wp\/v2\/posts\/71158","targetHints":{"allow":["GET"]}}],"collection":[{"href":"https:\/\/www.die-stadtzeitung.de\/index.php\/wp-json\/wp\/v2\/posts"}],"about":[{"href":"https:\/\/www.die-stadtzeitung.de\/index.php\/wp-json\/wp\/v2\/types\/post"}],"author":[{"embeddable":true,"href":"https:\/\/www.die-stadtzeitung.de\/index.php\/wp-json\/wp\/v2\/users\/7"}],"replies":[{"embeddable":true,"href":"https:\/\/www.die-stadtzeitung.de\/index.php\/wp-json\/wp\/v2\/comments?post=71158"}],"version-history":[{"count":7,"href":"https:\/\/www.die-stadtzeitung.de\/index.php\/wp-json\/wp\/v2\/posts\/71158\/revisions"}],"predecessor-version":[{"id":71165,"href":"https:\/\/www.die-stadtzeitung.de\/index.php\/wp-json\/wp\/v2\/posts\/71158\/revisions\/71165"}],"wp:attachment":[{"href":"https:\/\/www.die-stadtzeitung.de\/index.php\/wp-json\/wp\/v2\/media?parent=71158"}],"wp:term":[{"taxonomy":"category","embeddable":true,"href":"https:\/\/www.die-stadtzeitung.de\/index.php\/wp-json\/wp\/v2\/categories?post=71158"},{"taxonomy":"post_tag","embeddable":true,"href":"https:\/\/www.die-stadtzeitung.de\/index.php\/wp-json\/wp\/v2\/tags?post=71158"}],"curies":[{"name":"wp","href":"https:\/\/api.w.org\/{rel}","templated":true}]}}