{"id":71001,"date":"2023-12-09T09:52:07","date_gmt":"2023-12-09T08:52:07","guid":{"rendered":"https:\/\/www.die-stadtzeitung.de\/?p=71001"},"modified":"2023-12-18T09:47:19","modified_gmt":"2023-12-18T08:47:19","slug":"dhb-pokal-aus-jetzt-wartet-hannover-auf-den-bhc","status":"publish","type":"post","link":"https:\/\/www.die-stadtzeitung.de\/index.php\/2023\/12\/09\/dhb-pokal-aus-jetzt-wartet-hannover-auf-den-bhc\/","title":{"rendered":"Nach DHB-Pokal-Aus wartet Hannover auf den BHC"},"content":{"rendered":"<div id=\"attachment_69005\" class=\"wp-caption alignnone\" style=\"max-width: 2570px;\"><img loading=\"lazy\" decoding=\"async\" class=\"size-full wp-image-69005\" src=\"\/wp-content\/uploads\/2023\/10\/Eloy-Morante-Maldonado-JC-1-scaled.jpg\" alt=\"\" width=\"2560\" height=\"1706\" \/><span class=\"wp-caption-text\">Eloy Morante Maldonado (blaues Trikot) traf f\u00fcnfmal in Flensburg \u00a9 Atchivfoto Jochen Classen<\/span><\/div>\n<p>Im Vergleich zum vergangenen Ligaspiel, als der BHC trotz sechs Ausf\u00e4llen den TVB Stuttgart mit 33:28 in die Schranken verwiesen hatte, kehrte nur Christopher Rudeck in den Kader zur\u00fcck. Der Torh\u00fcter reiste kurzfristig mit dem Zug nach, hatte Versp\u00e4tung, kam aber gerade noch rechtzeitig an der Campushalle an. Daf\u00fcr fehlte allerdings Peter Johannesson erkrankt, und w\u00e4hrend des Aufw\u00e4rmens brach auch noch Frederik Ladefoged mit R\u00fcckenbeschwerden ab.<\/p>\n<p>Die Folge: Ivo Santos aus der zweiten Mannschaft war der einzige gelernte Kreisl\u00e4ufer im Kader. Der bekam auch entsprechend viel Spielzeit und bestach mit einer energischen Abwehrleistung. Vorne traf er gleich drei Mal. Am Kreis half auch Linus Arnesson aus. Im Tor begann zum ersten Mal bei den Profis Louis Oberosler. Der dritte Mann auf der Position war an einigen B\u00e4llen dran, schaffte aber letztlich etwas ungl\u00fccklich nur eine Parade.<\/p>\n<p>Trotzdem boten die L\u00f6wen eine gute erste Halbzeit. Naji stellte taktisch gewaltig um, setzte im Angriff auf den siebten Feldspieler und in der Deckung auf eine offensive Variante. Gleichzeitig verzichteten die Bergischen auf das eigene Tempospiel.<\/p>\n<div id=\"attachment_68586\" class=\"wp-caption alignnone\" style=\"max-width: 561px;\"><img loading=\"lazy\" decoding=\"async\" class=\" wp-image-68586\" src=\"\/wp-content\/uploads\/2023\/09\/Linus-Arnesson-3-classen-scaled-2.jpeg\" alt=\"\" width=\"551\" height=\"360\" \/><span class=\"wp-caption-text\">BHC-Kapit\u00e4n Linus Arnesson (2.v.r.) musste in Flensburg am Kreis aushelfen &#8211; \u00a9 Archivfoto Jochen Classen<\/span><\/div>\n<p>Alle Ma\u00dfnahmen beeindruckten die Flensburger zeitweise. Die Chance, mit einer F\u00fchrung in die Pause zu gehen, war da, doch die G\u00e4ste scheiterten auch an SG-Torh\u00fcter Benjamin Buric und kassierten den einen oder anderen Ball ins eigene leere Geh\u00e4use.<\/p>\n<p>Nachdem Lukas Stutzke kurz vor dem Halbzeitpfiff auf 15:18 aus BHC-Sicht verk\u00fcrzt und der eingewechselte Christopher Rudeck seine erste Glanzparade gezeigt hatte, war die Hoffnung auf eine \u00dcberraschung zur Pause noch vorhanden. Sie zerschlug sich allerdings in der zweiten H\u00e4lfte. Die Flensburger kamen nun im Angriff etwas einfacher durch und wurden ihrer Favoritenstellung phasenweise eindrucksvoll gerecht.<\/p>\n<p>Jamal Naji wechselte mit Blick auf die sich anbahnende Niederlage viel. Die fiel letztlich etwas hoch aus &#8211; was mit Blick auf den Pokal, in dem nur Sieg oder Niederlage z\u00e4hlen, nat\u00fcrlich nicht mehr ganz so entscheidend war. Eloy Morante Maldonados sechs Treffer konnte die BHC-Stimmung zumindest noch etwas heben, wobei die Entt\u00e4uschung \u00fcber das Ausscheiden in allen Gesichtern abzulesen war.<\/p>\n<h4>Stimmen zum Spiel<\/h4>\n<p><strong>Jamal Naji:<\/strong> \u201eGl\u00fcckwunsch an die SG zum v\u00f6llig verdienten Sieg, denn dar\u00fcber gibt es heute keine zwei Meinungen. Aus unserer Sicht ist die Geschichte schnell erz\u00e4hlt: Wir wollten hier ein bisschen was Verr\u00fccktes probieren. Mit Blick auf unsere Personalsituation mussten wir das auch und in Flensburg gewinnst du nicht, wenn du Sechs gegen Sechs spielst und klassisch Sechs gegen Null verteidigst. Wir wollten gucken, was uns Flensburg anbietet und was wir von ihnen bekommen, gehen mit einem guten Gef\u00fchl in die zweite Halbzeit, weil wir an die Sensation glauben, und dann hat Flensburg einen draufgelegt und uns zu schnell den Zahn gezogen. Mit Blick auf die n\u00e4chsten \u2013 f\u00fcr uns sehr wichtigen \u2013 zehn Tage mussten wir hintenraus rotieren, um die Ressourcen, die uns noch \u00fcbrig bleiben, zu schonen. Dazu kommt, dass wir von den Au\u00dfen heute zu uneffektiv sind und das Torh\u00fcter-Duell klar verlieren. Wobei man letzteres relativieren muss, weil Christopher Rudeck die halbe Woche flach lag und sich voll in den Dienst der Mannschaft gestellt hat und kurzfristig nachgereist ist. Am Ende kommt so ein Ergebnis zustande, was mich in der H\u00f6he \u00e4rgert.\u201c<\/p>\n<p><strong>Nicolej Krickau:<\/strong> \u201eErstmal m\u00f6chte ich sagen, dass ich das, was der BHC und Jamal heute auf die Platte gebracht haben, mit Blick auf die vielen Verletzten sehr sch\u00e4tze. Sie waren kreativ und haben von Anfang an versucht, die Initiative zu ergreifen. Doch trotz ihrer 3-2-1-Abwehr war unsere Effektivit\u00e4t gut und mit der Zeit haben wir ihr Sieben gegen Sechs im Angriff besser in den Griff bekommen. Unser Spiel war zwar nicht sehr gut, aber gut genug. Es war insgesamt sehr \u00e4hnlich zum Ligaspiel \u2013 auch von den Voraussetzungen her. Am Ende sind wir zufrieden, dass wir gewonnen haben und eine Runde weiter sind. Hervorheben m\u00f6chte ich heute besonders die Tore der Spieler, die sonst nicht so viel auf der Platte stehen. Jetzt geht es in der Liga weiter und unser Fokus liegt auf G\u00f6ppingen.\u201c<\/p>\n<div id=\"attachment_45527\" class=\"wp-caption alignnone\" style=\"max-width: 559px;\"><img loading=\"lazy\" decoding=\"async\" class=\" wp-image-45527\" src=\"\/wp-content\/uploads\/2021\/10\/Joerg-Foeste-1-2.jpg\" alt=\"\" width=\"549\" height=\"477\" \/><span class=\"wp-caption-text\">BHC-Gesch\u00e4ftsf\u00fchrer J\u00f6rg F\u00f6ste &#8211; \u00a9 Kurt Kosler<\/span><\/div>\n<p><strong>J\u00f6rg F\u00f6ste:<\/strong> \u201eImponierend, wie wir trotz aller Widrigkeiten diese schwere Aufgabe angenommen haben. Faszinierend, wie wir mit unseren verbliebenen Mitteln wie offensive Deckung und 7:6 im Angriff unsere Chance gesucht und \u00fcber weite Strecken gefunden haben. Unsere Defensive hat Flensburg gestresst, vorn haben wir zeitweilig sehr gut kombiniert. Der Verzicht auf Tempospiel war klug und notwendig zugleich. Dass wir Empty-Goals kassieren, ist eingepreist. Den Zeitstrafen-Proporz muss man in Flensburg einkalkulieren. Pokalfazit nach diesem lausigen Los zur Unzeit: Raus mit ganz, ganz viel Applaus.\u201c<\/p>\n<h4>SG Flensburg-Handewitt &#8211; Bergischer HC 37:29 (18:15)<\/h4>\n<p><strong>SG Flensburg-Handewitt:<\/strong> Buric, M\u00f6ller \u2013 Pytlick, Golla (4), Einarsson (5), Larsen (1), Gottfridsson (3), Jorgensen (3), Hansen (6), Horgen (2), Pedersen (2), Jakobsen (6\/5), Blagotinsek, Kjaer M\u00f6ller (5). Trainer: Nicolej Krickau<\/p>\n<p><strong>Bergischer HC:<\/strong> Rudeck, Oberosler \u2013 Nothdurft (3), Schmitz, Andersen (4), Stutzke (5), Morante (5), Babak (2), Arnesson (5\/1), Santos (3), M\u00b4Bengue (2), Fraatz, Reimer. Trainer: Jamal Naji<\/p>\n<h2>Bergische L\u00f6wen: Jahresendspurt mit personellen Sorgen<\/h2>\n<p>Die Hinrunde der LIQUI MOLY HBL schlie\u00dft der Bergische HC am Sonntag mit einem Ausw\u00e4rtsspiel gegen die TSV Hannover-Burgdorf um 16:30 Uhr in der ZAG Arena ab. Doch damit gehen Chetrainer Jamal Niji und seine Team noch nicht in die ersehnte Weihnachts- und Winterpause.<\/p>\n<p>Mit der Partie bei Frisch auf! G\u00f6ppingen am Mittwoch (20.12.) um 19 Uhr in G\u00f6ppingen und Samstag (23.12.) um 17:30 Uhr gegen die HSG Wetzlar im PSD BANK DOME in D\u00fcsseldorf stehen noch die ersten beiden Spiele der R\u00fcckrunde auf auf dem Spielpan.<\/p>\n<p>\u201eIn unserer Situation freuen wir uns nat\u00fcrlich auf die Pause, um Verletzungen und Krankheiten auszukurieren\u201c, sagt Trainer Jamal Naji. Bei der 29:37-Niederlage im Pokal-Achtelfinale in Flensburg fiel kurzfristig auch noch Frederik Ladefoged aus. Sein Fehlen war besonders sp\u00fcrbar, da mit Tom Kare Nikolaisen und Aron Seesing bereits die anderen beiden Kreisl\u00e4ufer und Abwehr-Innenblocker auf der Verletztenliste stehen.<\/p>\n<div id=\"attachment_71041\" class=\"wp-caption alignnone\" style=\"max-width: 610px;\"><img loading=\"lazy\" decoding=\"async\" class=\"wp-image-71041 size-full\" src=\"\/wp-content\/uploads\/2023\/12\/Frederik-Ladefoged-classen-2-scaled-1.jpg\" alt=\"\" width=\"600\" height=\"388\" \/><span class=\"wp-caption-text\">Hinter dem Einsatz von Kreisl\u00e4ufer Frederik Ladefoged steht noch ein gro\u00dfes Fragezeichen &#8211; \u00a9 Archivfoto Jochen Classen<\/span><\/div>\n<p>Die gute Nachricht: Eine Untersuchung hat ergeben, dass sich Ladefoged keine schlimmere Verletzung zugezogen hat. Es handelt sich nach einer Trainingskollision um ein muskul\u00e4res Problem am R\u00fccken, das zeitnah gel\u00f6st sein k\u00f6nnte. \u201eDie Hoffnung stirbt zuletzt\u201c, sagt Naji, wenn er sich einen Einsatz des D\u00e4nen am Sonntag in Hannover w\u00fcnscht. \u201eIch rechne aber noch nicht mit ihm.\u201c<\/p>\n<p>Sollte er fehlen, lastet erneut viel Verantwortung auf Ivo Santos. Der Spieler aus der zweiten Mannschaft hat in Flensburg alles gegeben, stand mehr als 50 Minuten auf dem Feld und erzielte drei Tore. \u201eSeine Energie ist beeindruckend und ansteckend\u201c, meint der Coach \u00fcber den Kreisl\u00e4ufer. \u201eIn Hannover brauchen wir ihn auf beiden Seiten des Feldes.\u201c<\/p>\n<h4>Noch gegen gegen G\u00f6ppingen und Wetzlar<\/h4>\n<p>Wie schon in Flensburg, als der BHC mit einer offensiven Deckung sowie im Angriff mit dem siebten Feldspieler agierte und damit vor allem in der ersten Halbzeit Erfolg hatte, werden sich Jamal Naji und sein Trainerteam auch in Hannover Sonderl\u00f6sungen einfallen lassen. \u201eWir rechnen uns trotz der angespannten personellen Situation dort und in den beiden Spielen danach etwas aus\u201c, stellt der Trainer klar. \u201eEs liegen drei wichtige Begegnungen vor uns.\u201c<\/p>\n<p>Neben den genannten Kreisl\u00e4ufern und Rechtsau\u00dfen Isak Persson wird Elias Scholtes (Fu\u00dfverletzung) im rechten R\u00fcckraum definitiv bis zum Jahresende fehlen. Noah Beyer und Peter Johannesson, die zuletzt erkrankt passen mussten, sind voraussichtlich wieder mit dabei. Naji hofft, dass die Krankheitswelle nun endlich abebbt. \u201eDie personelle Situation ist wirklich verheerend, aber wir schauen, dass wir es kompensiert bekommen.\u201c<\/p>\n<div id=\"attachment_71044\" class=\"wp-caption alignnone\" style=\"max-width: 610px;\"><img loading=\"lazy\" decoding=\"async\" class=\"wp-image-71044 size-full\" src=\"\/wp-content\/uploads\/2023\/12\/Classen-20-10-2022-052-2-scaled-1.jpg\" alt=\"\" width=\"600\" height=\"424\" \/><span class=\"wp-caption-text\">Auf den wieder genesenen Torh\u00fcter Johannesson kann Trainer Naji wieder bauen &#8211; \u00a9 Archivfoto Jochen Classen<\/span><\/div>\n<p>Die TSV Hannover-Burgdorf hat derlei Sorgen weniger. Die Mannschaft trat zuletzt jeweils sehr gut besetzt an und holte ordentliche Ergebnisse. Zu Hause gewannen die Niedersachsen im November sogar mit 36:33 gegen den THW Kiel und etablierten sich auch damit in der oberen Tabellenh\u00e4lfte (17:15-Punkte).<\/p>\n<p>\u201eHannover spielt eine offensiv interpretierte 6:0-Abwehr mit hohen Halbverteidigern. Die Abwehr muss man zu bespielen wissen. Das ist nicht einfach\u201c, sagt Naji. \u201eIm Angriff haben sie eine sehr gute Struktur mit Marian Michalczik als Kopf der Mannschaft, wenn es um die Spielf\u00fchrung geht.\u201c<\/p>\n<p>In der Breite ist die TSV sehr ausgewogen besetzt, verf\u00fcgt auf den Halbpositionen \u00fcber unterschiedliche Typen, die \u201ejeweils andere Ideen ins Spiel einbringen\u201c, wie der BHC-Coach erl\u00e4utert. Im Tor hat Simon Gade auf die Saison gesehen die meisten Spielanteile und damit im Vergleich zu Dario Quenstedt die Nase vorn.<\/p>\n<p>&nbsp;<\/p>\n<p>&nbsp;<\/p>\n<p>&nbsp;<\/p>\n<p>&nbsp;<\/p>\n","protected":false},"excerpt":{"rendered":"<p>Im DHB-Pokal ist f\u00fcr den Bergischen HC erneut im Achtelfinale Endstation. Bei der in der Bundesliga seit acht Spielen verlustpunktfreien SG Flensburg-Handewitt h\u00e4tte f\u00fcr die G\u00e4ste ohnehin alles passen m\u00fcssen. Doch in dieser Notbesetzung war f\u00fcr die Mannschaft beim 29:37 (15:18) nichts drin. Am Sonntag (17.12.) steht der BHC in der Handball-Bundesliga beim TSV Hannover-Burgdorf auf der &#8222;Platte&#8220;.<\/p>\n","protected":false},"author":7,"featured_media":0,"comment_status":"open","ping_status":"open","sticky":false,"template":"","format":"standard","meta":{"footnotes":""},"categories":[20],"tags":[],"class_list":["post-71001","post","type-post","status-publish","format-standard","hentry","category-sport"],"publishpress_future_action":{"enabled":false,"date":"2026-05-06 20:56:53","action":"change-status","newStatus":"draft","terms":[],"taxonomy":"category","extraData":[]},"publishpress_future_workflow_manual_trigger":{"enabledWorkflows":[]},"_links":{"self":[{"href":"https:\/\/www.die-stadtzeitung.de\/index.php\/wp-json\/wp\/v2\/posts\/71001","targetHints":{"allow":["GET"]}}],"collection":[{"href":"https:\/\/www.die-stadtzeitung.de\/index.php\/wp-json\/wp\/v2\/posts"}],"about":[{"href":"https:\/\/www.die-stadtzeitung.de\/index.php\/wp-json\/wp\/v2\/types\/post"}],"author":[{"embeddable":true,"href":"https:\/\/www.die-stadtzeitung.de\/index.php\/wp-json\/wp\/v2\/users\/7"}],"replies":[{"embeddable":true,"href":"https:\/\/www.die-stadtzeitung.de\/index.php\/wp-json\/wp\/v2\/comments?post=71001"}],"version-history":[{"count":21,"href":"https:\/\/www.die-stadtzeitung.de\/index.php\/wp-json\/wp\/v2\/posts\/71001\/revisions"}],"predecessor-version":[{"id":71050,"href":"https:\/\/www.die-stadtzeitung.de\/index.php\/wp-json\/wp\/v2\/posts\/71001\/revisions\/71050"}],"wp:attachment":[{"href":"https:\/\/www.die-stadtzeitung.de\/index.php\/wp-json\/wp\/v2\/media?parent=71001"}],"wp:term":[{"taxonomy":"category","embeddable":true,"href":"https:\/\/www.die-stadtzeitung.de\/index.php\/wp-json\/wp\/v2\/categories?post=71001"},{"taxonomy":"post_tag","embeddable":true,"href":"https:\/\/www.die-stadtzeitung.de\/index.php\/wp-json\/wp\/v2\/tags?post=71001"}],"curies":[{"name":"wp","href":"https:\/\/api.w.org\/{rel}","templated":true}]}}