{"id":70922,"date":"2023-12-07T14:58:15","date_gmt":"2023-12-07T13:58:15","guid":{"rendered":"https:\/\/www.die-stadtzeitung.de\/?p=70922"},"modified":"2023-12-15T15:01:35","modified_gmt":"2023-12-15T14:01:35","slug":"the-traces-eine-taenzerische-reise-ins-unterbewusstsein","status":"publish","type":"post","link":"https:\/\/www.die-stadtzeitung.de\/index.php\/2023\/12\/07\/the-traces-eine-taenzerische-reise-ins-unterbewusstsein\/","title":{"rendered":"&#8218;The Traces&#8216;: Eine t\u00e4nzerische Reise ins Unterbewusstsein"},"content":{"rendered":"<div id=\"attachment_70926\" class=\"wp-caption alignnone\" style=\"max-width: 2570px;\"><img loading=\"lazy\" decoding=\"async\" class=\"wp-image-70926 size-full\" src=\"\/wp-content\/uploads\/2023\/12\/JIN_6650-scaled.jpg\" alt=\"\" width=\"2560\" height=\"1848\" \/><span class=\"wp-caption-text\">Die T\u00e4nzerinnen Kateryna Pogorielova und Tetiana Znamerovska &#8211; \u00a9 Tetiana Znamerovska<\/span><\/div>\n<p>Nach C.G. Jungs Theorie werden die Handlungen des Menschen in der Gegenwart durch Ereignisse in der Vergangenheit bestimmt und somit ist das Verhalten aus seiner Sicht ein Spiegel vorausgegangener Generationen.<\/p>\n<p>Die Performance \u201eThe Traces\u201c ist eine getanzte Visualisierung psychologischer Traumata, bedingt durch historische Trag\u00f6dien. Ursula Popp, Pressereferentin des Tanztheaters Wuppertal Pina Bausch: \u201e\u2018The Traces\u2018 soll zeigen, wie unsere Kultur, unsere sozialen Beziehungen und unser Schicksal von der Vergangenheit bestimmt werden. Gleichzeitig erinnert sie daran, dass diese Abdr\u00fccke auch der Schl\u00fcssel zur Ver\u00e4nderung unseres Zukunftsszenarios sein k\u00f6nnen.\u201c<\/p>\n<p>Der Hintergrund: Mitglieder des Tanztheaters Wuppertal Pina Bausch und des Ensembles haben Tanzk\u00fcnstlerinnen darin unterst\u00fctzt, die Ukraine unmittelbar nach dem Kriegsbeginn im Fr\u00fchjahr 2022 zu verlassen und Schutz in Wuppertal zu finden. Neben der Unterbringung und Unterst\u00fctzung bei Beh\u00f6rdeng\u00e4ngen wurden seit der Ankunft Studios f\u00fcr Proben zur Verf\u00fcgung gestellt, Trainings und Workshops unter Leitung von Ensemblemitgliedern organisiert.<\/p>\n<p>In diesem Rahmen entstand bereits 2022 die Produktion \u201eVONA\u201c von Rainer Behr gemeinsam mit den Performerinnen, die weiterhin international tourt. Nun freut sich das Pina Bausch Zentrum, die Auff\u00fchrung von \u201eThe Trace\u201c im ehemaligen Schauspielhaus und zuk\u00fcnftigen Pina Bausch Zentrum im Anschluss an die Deutsche Erstauff\u00fchrung in der INSEL zu erm\u00f6glichen.<\/p>\n<div id=\"attachment_70927\" class=\"wp-caption alignnone\" style=\"max-width: 560px;\"><img loading=\"lazy\" decoding=\"async\" class=\"size-full wp-image-70927\" src=\"\/wp-content\/uploads\/2023\/12\/JIN_6643.jpg\" alt=\"\" width=\"550\" height=\"490\" \/><span class=\"wp-caption-text\">Die T\u00e4nzerinnen Kateryna Pogorielova und Tetiana Znamerovska &#8211; \u00a9 Tetiana Znamerovska<\/span><\/div>\n<p><strong>Termine: <\/strong><\/p>\n<p>15.12.23 &#8211; 19.30 Uhr &#8211; PREMIERE! INSEL &#8211; Kultur im ADA Wiesenstra\u00dfe 6 &#8211; 42105 &#8211; Wuppertal<\/p>\n<p>23.12.23 &#8211; 19.30 Uhr &#8211; Pina Bausch Zentrum &#8211; Bundesallee 260 &#8211; 42103 Wuppertal<\/p>\n<p>10.02.23 &#8211; 19.30 Uhr &#8211; Westdeutsches Tourneetheater \u2013 Bismarckstr. 138 \u2013 42859 \u00a0Remscheid<\/p>\n<p><strong>Darstellerinnen:<\/strong> Kateryna Pogorielova &#8211; Tetiana Znamerovska<br \/>\n<strong>Komponist:<\/strong> John Hope (Ivan Harkusha)<br \/>\n<strong>Kost\u00fcmbildner:<\/strong> Oleg-Rodion Shurigin-Greakalov<\/p>\n<p><strong>Tickets: gibt es <\/strong><a href=\"https:\/\/www.wuppertal-live.de\/shop\/493648\"><strong>hier \u00fcber Wuppertal Live<\/strong><\/a><\/p>\n<p><strong><br \/>\n<\/strong>Das Projekt entstand in Zusammenarbeit mit der Contemporary Dance Platform (Ukraine), The Place (United Kingdom), gef\u00f6rdert vom British Council, der Ukrainian Cultural Foundation und dem Trust for Mutual Understanding (USA).<\/p>\n<p>Unterst\u00fctzt vom Kulturb\u00fcro Wuppertal, der Stadtsparkasse Wuppertal, dem Bergischen Kulturfonds, dem Verein zur F\u00f6rderung der Bergischen Heimatkultur e.V. und INSEL e.V.<\/p>\n<p>Die Vorstellung im Schauspielhaus wird unterst\u00fctzt im Rahmen des Projektfonds Ukraine des Goethe-Instituts, gef\u00f6rdert durch das Ausw\u00e4rtige Amt zur nachhaltigen St\u00e4rkung der Resilienz der ukrainischen Kultur- und Bildungspartner.<\/p>\n<p>Weitere Informationen: <a href=\"https:\/\/pinabauschzentrum.de\">https:\/\/pinabauschzentrum.de<\/a>, <a href=\"https:\/\/under-construction-wuppertal.de\">https:\/\/under-construction-wuppertal.de<\/a><\/p>\n","protected":false},"excerpt":{"rendered":"<p>Das Pina Bausch Zentrum pr\u00e4sentiert die Produktion \u201eThe Traces\u201c (Die Spuren) der ukrainischen T\u00e4nzerin und Choreografin Tetiana Znamerovska. Die Premiere findet am Freitag in der INSEL im ADA (Wiesenstr. 6) statt. Die Performance basiert auf den Gedanken des Schweizer Psychiaters Carl Gustav Jung (1875 \u2013 1961) zum kollektiven Unbewussten.<\/p>\n","protected":false},"author":7,"featured_media":0,"comment_status":"open","ping_status":"open","sticky":false,"template":"","format":"standard","meta":{"footnotes":""},"categories":[29],"tags":[],"class_list":["post-70922","post","type-post","status-publish","format-standard","hentry","category-kultur"],"publishpress_future_action":{"enabled":false,"date":"2026-05-05 17:05:03","action":"change-status","newStatus":"draft","terms":[],"taxonomy":"category","extraData":[]},"publishpress_future_workflow_manual_trigger":{"enabledWorkflows":[]},"_links":{"self":[{"href":"https:\/\/www.die-stadtzeitung.de\/index.php\/wp-json\/wp\/v2\/posts\/70922","targetHints":{"allow":["GET"]}}],"collection":[{"href":"https:\/\/www.die-stadtzeitung.de\/index.php\/wp-json\/wp\/v2\/posts"}],"about":[{"href":"https:\/\/www.die-stadtzeitung.de\/index.php\/wp-json\/wp\/v2\/types\/post"}],"author":[{"embeddable":true,"href":"https:\/\/www.die-stadtzeitung.de\/index.php\/wp-json\/wp\/v2\/users\/7"}],"replies":[{"embeddable":true,"href":"https:\/\/www.die-stadtzeitung.de\/index.php\/wp-json\/wp\/v2\/comments?post=70922"}],"version-history":[{"count":4,"href":"https:\/\/www.die-stadtzeitung.de\/index.php\/wp-json\/wp\/v2\/posts\/70922\/revisions"}],"predecessor-version":[{"id":70928,"href":"https:\/\/www.die-stadtzeitung.de\/index.php\/wp-json\/wp\/v2\/posts\/70922\/revisions\/70928"}],"wp:attachment":[{"href":"https:\/\/www.die-stadtzeitung.de\/index.php\/wp-json\/wp\/v2\/media?parent=70922"}],"wp:term":[{"taxonomy":"category","embeddable":true,"href":"https:\/\/www.die-stadtzeitung.de\/index.php\/wp-json\/wp\/v2\/categories?post=70922"},{"taxonomy":"post_tag","embeddable":true,"href":"https:\/\/www.die-stadtzeitung.de\/index.php\/wp-json\/wp\/v2\/tags?post=70922"}],"curies":[{"name":"wp","href":"https:\/\/api.w.org\/{rel}","templated":true}]}}