{"id":70879,"date":"2023-12-08T12:21:45","date_gmt":"2023-12-08T11:21:45","guid":{"rendered":"https:\/\/www.die-stadtzeitung.de\/?p=70879"},"modified":"2024-01-16T17:47:48","modified_gmt":"2024-01-16T16:47:48","slug":"axel-juest-wird-nachfolger-von-gunther-woelfges","status":"publish","type":"post","link":"https:\/\/www.die-stadtzeitung.de\/index.php\/2023\/12\/08\/axel-juest-wird-nachfolger-von-gunther-woelfges\/","title":{"rendered":"Axel J\u00fctz wird Nachfolger von Gunther W\u00f6lfges"},"content":{"rendered":"<div id=\"attachment_70882\" class=\"wp-caption alignnone\" style=\"max-width: 1888px;\"><img loading=\"lazy\" decoding=\"async\" class=\"wp-image-70882 size-full\" src=\"\/wp-content\/uploads\/2023\/12\/SPK-1.jpg\" alt=\"\" width=\"1878\" height=\"1393\" \/><span class=\"wp-caption-text\">(V.l.) Der scheidende Sparkassen-Vorstandsvorsitzende Gunther W\u00f6lfges, Patrick Hahne, demn\u00e4chst Vorstandsmitglied, Axel J\u00fcst, in Zukunft Vorstands-Vorsitzender und Ludger Kineke, Verwaltungsratsvorsitzender &#8211; \u00a9 Sparkasse Wuppertal<\/span><\/div>\n<p>Eine weitere Entscheidung: Das bisherige stellv. Vorstandsmitglied Patrick Hahne wurde als Nachfolger von Axel J\u00fctz zum Vorstandsmitglied gew\u00e4hlt.<\/p>\n<p>\u201eWir freuen uns sehr, dass wir mit diesen Nachfolgeentscheidungen auf Verl\u00e4sslichkeit und Kontinuit\u00e4t in der Gesch\u00e4ftspolitik der Stadtsparkasse Wuppertal setzen k\u00f6nnen. Gerade in diesen sehr herausfordernden Zeiten ist das eine gute Botschaft f\u00fcr Kundinnen und Kunden sowie die b\u00fcrgerliche Gemeinschaft\u201c, kommentiert der Verwaltungsratsvorsitzende Ludger Kineke die Personalentscheidungen.<\/p>\n<h4>Stabwechsel zum 01. April<\/h4>\n<p>Die Vorstandsbestellungen bed\u00fcrfen nach dem geltenden Sparkassenrecht noch der Genehmigung des Rates der Stadt Wuppertal. Danach ist das Verfahren abgeschlossen. Die vakant werdende Stelle des stellv. Vorstandsmitglieds der Stadtsparkasse Wuppertal wird zeitnah \u00f6ffentlich ausgeschrieben.<\/p>\n<p>Der jetzige Vorstandsvorsitzende Gunther W\u00f6lfges wird im Hinblick auf die getroffene Nachfolgeregelung seine aktive Sparkassenzeit \u2013 mit Aufstellung des Jahresabschlusses f\u00fcr das abgelaufene Gesch\u00e4ftsjahr 2023 \u2013 beenden und seine Aufgaben mit Wirkung zum 01.04.2024 an seinen Nachfolger Axel J\u00fctz \u00fcbergeben.<\/p>\n","protected":false},"excerpt":{"rendered":"<p>Axel J\u00fcst wird Nachfolger von Gunther W\u00f6lfges! Der Verwaltungsrat der Stadtsparkasse Wuppertal hat die Weichen f\u00fcr das Vorstandsteam der Zukunft gestellt: Das bisherige Vorstandsmitglied Axel J\u00fctz wurde zum Nachfolger von Gunther W\u00f6lfges als Vorstandsvorsitzender bestellt. <\/p>\n","protected":false},"author":7,"featured_media":0,"comment_status":"open","ping_status":"open","sticky":false,"template":"","format":"standard","meta":{"footnotes":""},"categories":[22],"tags":[],"class_list":["post-70879","post","type-post","status-publish","format-standard","hentry","category-wirtschaft"],"publishpress_future_action":{"enabled":false,"date":"2026-05-09 15:02:32","action":"change-status","newStatus":"draft","terms":[],"taxonomy":"category","extraData":[]},"publishpress_future_workflow_manual_trigger":{"enabledWorkflows":[]},"_links":{"self":[{"href":"https:\/\/www.die-stadtzeitung.de\/index.php\/wp-json\/wp\/v2\/posts\/70879","targetHints":{"allow":["GET"]}}],"collection":[{"href":"https:\/\/www.die-stadtzeitung.de\/index.php\/wp-json\/wp\/v2\/posts"}],"about":[{"href":"https:\/\/www.die-stadtzeitung.de\/index.php\/wp-json\/wp\/v2\/types\/post"}],"author":[{"embeddable":true,"href":"https:\/\/www.die-stadtzeitung.de\/index.php\/wp-json\/wp\/v2\/users\/7"}],"replies":[{"embeddable":true,"href":"https:\/\/www.die-stadtzeitung.de\/index.php\/wp-json\/wp\/v2\/comments?post=70879"}],"version-history":[{"count":6,"href":"https:\/\/www.die-stadtzeitung.de\/index.php\/wp-json\/wp\/v2\/posts\/70879\/revisions"}],"predecessor-version":[{"id":71860,"href":"https:\/\/www.die-stadtzeitung.de\/index.php\/wp-json\/wp\/v2\/posts\/70879\/revisions\/71860"}],"wp:attachment":[{"href":"https:\/\/www.die-stadtzeitung.de\/index.php\/wp-json\/wp\/v2\/media?parent=70879"}],"wp:term":[{"taxonomy":"category","embeddable":true,"href":"https:\/\/www.die-stadtzeitung.de\/index.php\/wp-json\/wp\/v2\/categories?post=70879"},{"taxonomy":"post_tag","embeddable":true,"href":"https:\/\/www.die-stadtzeitung.de\/index.php\/wp-json\/wp\/v2\/tags?post=70879"}],"curies":[{"name":"wp","href":"https:\/\/api.w.org\/{rel}","templated":true}]}}