{"id":70682,"date":"2023-12-04T12:54:58","date_gmt":"2023-12-04T11:54:58","guid":{"rendered":"https:\/\/www.die-stadtzeitung.de\/?p=70682"},"modified":"2023-12-04T12:54:58","modified_gmt":"2023-12-04T11:54:58","slug":"cinderella-broadway-glanz-im-opernhaus","status":"publish","type":"post","link":"https:\/\/www.die-stadtzeitung.de\/index.php\/2023\/12\/04\/cinderella-broadway-glanz-im-opernhaus\/","title":{"rendered":"&#8222;Cinderella&#8220;: Broadway-Glanz im Opernhaus"},"content":{"rendered":"<div id=\"attachment_70691\" class=\"wp-caption alignnone\" style=\"max-width: 2570px;\"><img loading=\"lazy\" decoding=\"async\" class=\"wp-image-70691 size-full\" src=\"\/wp-content\/uploads\/2023\/12\/20231201_Cinderella_KHP_202-scaled.jpg\" alt=\"\" width=\"2560\" height=\"1833\" \/><span class=\"wp-caption-text\">Ella und Christopher &#8211; Szenen-Foto aus &#8222;Cinderella&#8220; &#8211; \u00a9 Bj\u00f6rn Hickmann.<\/span><\/div>\n<p>Der M\u00e4rchenzauber ging nicht verloren &#8211; die Namen der Hauptrollen sind neu: Aus Cinderella wurde Ella, der Prinz hei\u00dft Christopher, die b\u00f6se Stiefmutter ist Madame und die gute Fee tr\u00e4gt den Namen Marie.<\/p>\n<p>Der Prinz wird von einem jungen Revolution\u00e4r mit den Problemen seines Landes wie Elend und Korruption konfrontiert. Gemeinsam mit Ella \u00fcberzeugt er den Prinzen, dass nicht die Bewahrung des Status quo, wie es sein engster Berater vorschl\u00e4gt, sondern politische und gesellschaftliche Ver\u00e4nderungen notwendig sind.<\/p>\n<h4>Ella braucht keinen Prinzen<\/h4>\n<p>Ella, also Cinderella, braucht am Ende keinen Prinzen und keine gute Fee, denn sie tr\u00e4gt die Kraft zur selbstbestimmen Ver\u00e4nderung in sich selbst. Die Charaktere, ihre Gef\u00fchle und Beweggr\u00fcnde passen in die heutige Zeit &#8211; eine romantische Liebesgeschichte schlie\u00dft das nicht aus.<\/p>\n<p>Im Unterschied zu den M\u00e4rchenvorlagen und fr\u00fcheren Musicalversionen verk\u00fcndet der Prinz aus \u00dcberzeugung die Neuwahl eines Premierministers und Ella begegnet ihrem Prinzen auf Augenh\u00f6he. In dieser neuen Fassung und dem Regiekonzept von Regisseur Christian Thausing ist &#8222;Cinderella&#8220; ein Musical f\u00fcr die moderne Familie in der heutigen Zeit.<\/p>\n<div id=\"attachment_67726\" class=\"wp-caption alignnone\" style=\"max-width: 510px;\"><img loading=\"lazy\" decoding=\"async\" class=\" wp-image-67726\" src=\"\/wp-content\/uploads\/2023\/08\/Johannes_Witt_1_Kapellmeister_\u00a9_Sarah_Wijzen-beek-2-scaled.jpg\" alt=\"\" width=\"500\" height=\"599\" \/><span class=\"wp-caption-text\">Johannes Witt, 1. Kapellmeister &#8211; \u00a9 Sarah Wilzenbeek<\/span><\/div>\n<p>Dem Genre Musical gem\u00e4\u00df, bietet es eing\u00e4ngige Melodien, mitrei\u00dfende Musik (die musikalische Leitung des Sinfonieorchesters Wuppertal liegt bei Johannes Witt), animierende Tanzszenen (Choreografie Evamaria Mayer) und eine fantasievolle Ausstattung (B\u00fchne Hana Ramujkic, Kos-<br \/>\nt\u00fcme Devi Saha).<\/p>\n<p>Gef\u00f6rdert im Programm Zero \u2013 Klimaneutrale Kunst- und Kulturprojekte der Kulturstiftung des<br \/>\nBundes. Gef\u00f6rdert von der Beauftragten der Bundesregierung f\u00fcr Kultur und Medien.<\/p>\n<h4><strong>Termine:<\/strong><\/h4>\n<h4>&#8222;Cinderella&#8220;<\/h4>\n<p><strong>Rodgers und Hammerstein\u2018s &#8222;Cinderella&#8220;<\/strong><\/p>\n<p>Musik von Richard Rodgers. Gesangstexte von Oscar<br \/>\nHammerstein II. Neues Buch von Douglas Carter Beane.<\/p>\n<p>Originalbuch von Oscar Hammerstein II.<br \/>\nDeutsche Fassung von Jens Luckwaldt.<\/p>\n<p>In deutscher Sprache mit deutschen und englischen \u00dcbertiteln.<\/p>\n<p>Samstag &#8211; 09. Dezember 2023 &#8211; 19:30 Uhr &#8211; <strong>Premiere<\/strong><\/p>\n<p>Opernhaus Wuppertal &#8211; Kurt-Drees-Stra\u00dfe 4 &#8211; 42283 Wuppertal<\/p>\n<p>&nbsp;<\/p>\n<p><strong>Weitere Termine:<\/strong><br \/>\nFreitag &#8211; 15. Dezember 2023 &#8211; 19:30 Uhr<br \/>\nSamstag &#8211; 16. Dezember 2023 &#8211; 19:30 Uhr<br \/>\nFreitag &#8211;\u00a0 22. Dezember 2023 &#8211; 19:30 Uhr<br \/>\nDienstag &#8211; 26. Dezember 2023 &#8211; 18:00 Uhr<br \/>\nFreitag &#8211; 29. Dezember 2023 &#8211; 19:30 Uhr<br \/>\nSamstag &#8211; 06. Januar 2024 &#8211; 19:30 Uhr<br \/>\nSonntag &#8211;\u00a0 07. Januar 2024 -16:00 Uhr<br \/>\nSamstag &#8211; 10. Februar 2024 &#8211; 19:30 Uhr<br \/>\nSonntag &#8211; 25. Februar 2024 &#8211; 18:00 Uhr<br \/>\nFreitag &#8211; 15. M\u00e4rz 2024 &#8211; 19:30 Uhr<br \/>\nSamstag &#8211; 30. M\u00e4rz 2024 &#8211; 19:30 Uhr<\/p>\n<p>&nbsp;<\/p>\n<p><strong>K\u00fcnstlerisches Team:<\/strong><br \/>\nMusikalische Leitung: Johannes Witt<br \/>\nNachdirigat: Roberto Secilla<br \/>\nInszenierung: Christian Thausing<br \/>\nB\u00fchne: Hana Ramujkic<br \/>\nLichtdesign: Florian Kerl<br \/>\nKost\u00fcme: Devi Saha<br \/>\nChoreografie: Evamaria Mayer<br \/>\nChoreinstudierung: Ulrich Zippelius<br \/>\nEinstudierung Jugendchor: Eva Caspari<br \/>\nDramaturgie: Laura Knoll<\/p>\n<p><strong>Besetzung:<\/strong><br \/>\nElla: Susann Ketley &#8211; als Gast<br \/>\nChristopher: Jonas Hein &#8211; als Gast<br \/>\nMadame: Sefanie Smailes &#8211; als Gast,<\/p>\n<p>Tamara Peters &#8211; als Gast (29.12.23\/06.01.24\/10.02.24)<br \/>\nSebastian: Mark Bowman-Hester &#8211; als Gast<br \/>\nMarie (Gute Fee): Gundula Hintz &#8211; als Gast<br \/>\nGabrielle: Gioia Heid &#8211; als Gast<br \/>\nCharlotte: Edith Grossman<br \/>\nJean-Michel: Nils Karsten &#8211; als Gast<\/p>\n<p>Dustin Smailes &#8211; als Gast (09.12.23\/15.12.23)<br \/>\nGraf Dingelstein: Jason Lee<\/p>\n<p>T\u00e4nzerinnen &amp; T\u00e4nzer: Giobanni Nicolella (Dance Captain), Thomas Bauer, Naila Fiol Diaz, Sophie Glora, Iv\u00e1n Keim (Swing), Lorenzo Malisan, Noemie Martone (Swing) und Evie Poaros als G\u00e4ste<\/p>\n<p>Opernchor der Wuppertaler B\u00fchnen<\/p>\n<p>Jugendclub der Wuppertaler B\u00fchnen<br \/>\nSinfonieorchester Wuppertal<\/p>\n<p>Weitere Informationen und Tickets unter: <a href=\"https:\/\/www.oper-wuppertal.de\">https:\/\/www.oper-wuppertal.de\/programm\/detailansicht- produktion\/cinderella<\/a><\/p>\n<p>Ticket- und Abohotline: +49 202 563 7666 &#8211; KulturKarte\u00a0 Kirchplatz 1 &#8211; Wuppertal<\/p>\n","protected":false},"excerpt":{"rendered":"<p>Rodgers &#038; Hammerstein\u2019s Musical &#8222;Cinderella&#8220; ist in der Neuzeit angekommen. Das Werk basiert auf deGesangstexten von Oscar Hammerstein II und dem neuen Buch von Douglas Carter Beane. Die Oper Wuppertal ist erst die zweite B\u00fchne im deutschsprachigen Raum die das Musical in der neuen Fassung auff\u00fchrt. Die Premiere findet am Samstag (09.12.) statt.<\/p>\n","protected":false},"author":7,"featured_media":0,"comment_status":"open","ping_status":"open","sticky":false,"template":"","format":"standard","meta":{"footnotes":""},"categories":[29],"tags":[],"class_list":["post-70682","post","type-post","status-publish","format-standard","hentry","category-kultur"],"publishpress_future_action":{"enabled":false,"date":"2026-05-05 17:04:48","action":"change-status","newStatus":"draft","terms":[],"taxonomy":"category","extraData":[]},"publishpress_future_workflow_manual_trigger":{"enabledWorkflows":[]},"_links":{"self":[{"href":"https:\/\/www.die-stadtzeitung.de\/index.php\/wp-json\/wp\/v2\/posts\/70682","targetHints":{"allow":["GET"]}}],"collection":[{"href":"https:\/\/www.die-stadtzeitung.de\/index.php\/wp-json\/wp\/v2\/posts"}],"about":[{"href":"https:\/\/www.die-stadtzeitung.de\/index.php\/wp-json\/wp\/v2\/types\/post"}],"author":[{"embeddable":true,"href":"https:\/\/www.die-stadtzeitung.de\/index.php\/wp-json\/wp\/v2\/users\/7"}],"replies":[{"embeddable":true,"href":"https:\/\/www.die-stadtzeitung.de\/index.php\/wp-json\/wp\/v2\/comments?post=70682"}],"version-history":[{"count":11,"href":"https:\/\/www.die-stadtzeitung.de\/index.php\/wp-json\/wp\/v2\/posts\/70682\/revisions"}],"predecessor-version":[{"id":70694,"href":"https:\/\/www.die-stadtzeitung.de\/index.php\/wp-json\/wp\/v2\/posts\/70682\/revisions\/70694"}],"wp:attachment":[{"href":"https:\/\/www.die-stadtzeitung.de\/index.php\/wp-json\/wp\/v2\/media?parent=70682"}],"wp:term":[{"taxonomy":"category","embeddable":true,"href":"https:\/\/www.die-stadtzeitung.de\/index.php\/wp-json\/wp\/v2\/categories?post=70682"},{"taxonomy":"post_tag","embeddable":true,"href":"https:\/\/www.die-stadtzeitung.de\/index.php\/wp-json\/wp\/v2\/tags?post=70682"}],"curies":[{"name":"wp","href":"https:\/\/api.w.org\/{rel}","templated":true}]}}