{"id":70583,"date":"2023-11-25T09:38:23","date_gmt":"2023-11-25T08:38:23","guid":{"rendered":"https:\/\/www.die-stadtzeitung.de\/?p=70583"},"modified":"2023-12-03T10:51:17","modified_gmt":"2023-12-03T09:51:17","slug":"bhc-loewen-fahren-ohne-aron-seesing-nach-kiel","status":"publish","type":"post","link":"https:\/\/www.die-stadtzeitung.de\/index.php\/2023\/11\/25\/bhc-loewen-fahren-ohne-aron-seesing-nach-kiel\/","title":{"rendered":"BHC-L\u00f6wen fahren ohne Aron Seesing nach Kiel"},"content":{"rendered":"<div id=\"attachment_68875\" class=\"wp-caption alignnone\" style=\"max-width: 2570px;\"><img loading=\"lazy\" decoding=\"async\" class=\"size-full wp-image-68875\" src=\"\/wp-content\/uploads\/2023\/10\/Ladefoget-JC-scaled.jpg\" alt=\"\" width=\"2560\" height=\"1707\" \/><span class=\"wp-caption-text\">Frederik Ladefoged steht dem BHC in Kiel als einziger Kreisl\u00e4ufer zur Verf\u00fcgung &#8211; \u00a9 Archivfoto Jochen Classen<\/span><\/div>\n<p>Allerdings muss sie auf einen ihrer aufstrebenden Spieler verzichten. Aron Seesing hat sich in der vorigen Begegnung gegen den SC DHfK Leipzig (31:31) bei einer Abwehraktion an der linken Schulter verletzt. Inzwischen steht fest: Die Bizepssehne des Rechtsh\u00e4nders ist zwar verschont geblieben, doch er muss operiert werden und f\u00e4llt lange aus.<\/p>\n<p>Voraussichtlich ist bis April 2024 nicht mit einer R\u00fcckkehr des 20j\u00e4hrigen zu rechnen. &#8222;Das ist sehr bitter&#8220;, sagt Trainer Jamal Naji. &#8222;Er hat sich hervorragend entwickelt, sich Spielzeitenerk\u00e4mpft, und dann passiert so etwas.&#8220;<\/p>\n<p>Der Coach m\u00f6chte die Zeit nutzen, um mit Seesing an Dingen zu arbeiten, die im Bundesliga-Alltag nicht m\u00f6glich sind. &#8222;\u00c4hnlich wie bei Tim Nothdurfts Verletzung vor etwa einem Jahr. Da hat er sehr viel Muskelmasse aufgebaut.&#8220; Konkret darum wird es bei Seesing nicht gehen, doch abseits der dann unm\u00f6glichen Handball-Einheiten mit dem Team werde es nach \u00fcberstandener OP Trainingsm\u00f6glichkeiten geben.<\/p>\n<h4>Ivo Santos rutscht in den Kader<\/h4>\n<p>Kurzfristig r\u00fcckt daher Ivo Santos zur\u00fcck in den Kader und kann nicht f\u00fcr die zweite Mannschaft freigespielt werden. Einziger verf\u00fcgbarer Etat-Kreisl\u00e4ufer ist durch den Ausfall von Tom Kare Nikolaisen (Reha nach R\u00fccken-OP) Frederik Ladefoged. Auf allen anderen Positionen sieht es besser aus.<\/p>\n<p>Isak Persson fehlt mit einem Fingerbruch, f\u00fcr ihn f\u00e4hrt Jan Reimer (Zweitspielrecht Bayer Dormagen) mit in den hohen Norden. In Kiel rechnet sich Naji Au\u00dfenseiterchancen aus: &#8222;In dieser Saison haben schon ein paar Mannschaften Punkte gegen den THW geholt, bei denen man es im Vorfeld nicht unbedingt erwartet hatte. Wir werden befreit aufspielen und schauen, was m\u00f6glich ist.&#8220;<\/p>\n<p>In der Liga steht der amtierende Deutsche Meister mit 18:10-Punkten auf Rang f\u00fcnf. Zu Hause unterlagen die Kieler allerdings nur gegen die MT Melsungen. In der Champions League allerdings verlor die Mannschaft vor zwei Wochen sensationell deutlich mit 18:27 gegen Aalborg Handbold.<\/p>\n<p>&#8222;Man merkt schon, dass sie mit Niklas Landin den vielleicht besten Torh\u00fcter der Welt verloren haben. Da war viel darauf ausgerichtet, W\u00fcrfe zuzulassen, die ihm gut liegen. Das muss sich in dieser Saison noch finden, ich habe aber den Eindruck, dass die Phase so langsam abgeschlossen ist.&#8220;<\/p>\n<div id=\"attachment_70586\" class=\"wp-caption alignnone\" style=\"max-width: 360px;\"><img loading=\"lazy\" decoding=\"async\" class=\"wp-image-70586 size-full\" src=\"\/wp-content\/uploads\/2023\/11\/Kaderfotos-Web_BHC_2023_Aron-Seesing.jpg\" alt=\"\" width=\"350\" height=\"460\" \/><span class=\"wp-caption-text\">Fehlt dem BHC viele Monate: Aron Seesing &#8211; \u00a9 BHC 06<\/span><\/div>\n<p>Nach der Pleite gegen Aalborg brachte der THW den F\u00fcchsen Berlin die erste Saisonniederlage bei. Auch in Stuttgart gewannen die Kieler zuletzt souver\u00e4n. &#8222;Dass der THW am Sonntag Favorit ist, ist ja klar. Aber wir haben nat\u00fcrlich ein paar Ideen&#8220;, meint Naji. Zwar hat der BHC noch gegen Kiel gepunktet, &#8222;aber von der Spielanlage gibt es eigentlich keinen Grund, warum sie uns besonders schlecht liegen sollten. Sie haben halt eine enorme Qualit\u00e4t.&#8220;<\/p>\n<p>Kiel spielt in der Deckung neben einer 6:0-Variante auch ein gef\u00e4hrliches 3:2:1-System mit Domagoj Duvnjak auf der Spitze. &#8222;In der Vorbereitung simulieren wir beide Systeme&#8220;, sagt der Trainer und hofft auf beiden Seiten des Feldes auf einen herausragenden Sonntagnachmittag seines Teams.<\/p>\n","protected":false},"excerpt":{"rendered":"<p>Am Sonntag (03.12.) hat der Bergische HC wohl seine h\u00f6chste H\u00fcrde vor sich. Denn die L\u00f6wen reisen zum THW Kiel, einem Kontrahenten, gegen den sie in der LIQUI MOLY HBL noch nie gepunktet haben. Das w\u00fcrde die Mannschaft ab 16:30 Uhr in der Wunderino Arena gerne \u00e4ndern.<\/p>\n","protected":false},"author":7,"featured_media":0,"comment_status":"open","ping_status":"open","sticky":false,"template":"","format":"standard","meta":{"footnotes":""},"categories":[20],"tags":[],"class_list":["post-70583","post","type-post","status-publish","format-standard","hentry","category-sport"],"publishpress_future_action":{"enabled":false,"date":"2026-05-06 11:02:22","action":"change-status","newStatus":"draft","terms":[],"taxonomy":"category","extraData":[]},"publishpress_future_workflow_manual_trigger":{"enabledWorkflows":[]},"_links":{"self":[{"href":"https:\/\/www.die-stadtzeitung.de\/index.php\/wp-json\/wp\/v2\/posts\/70583","targetHints":{"allow":["GET"]}}],"collection":[{"href":"https:\/\/www.die-stadtzeitung.de\/index.php\/wp-json\/wp\/v2\/posts"}],"about":[{"href":"https:\/\/www.die-stadtzeitung.de\/index.php\/wp-json\/wp\/v2\/types\/post"}],"author":[{"embeddable":true,"href":"https:\/\/www.die-stadtzeitung.de\/index.php\/wp-json\/wp\/v2\/users\/7"}],"replies":[{"embeddable":true,"href":"https:\/\/www.die-stadtzeitung.de\/index.php\/wp-json\/wp\/v2\/comments?post=70583"}],"version-history":[{"count":4,"href":"https:\/\/www.die-stadtzeitung.de\/index.php\/wp-json\/wp\/v2\/posts\/70583\/revisions"}],"predecessor-version":[{"id":70588,"href":"https:\/\/www.die-stadtzeitung.de\/index.php\/wp-json\/wp\/v2\/posts\/70583\/revisions\/70588"}],"wp:attachment":[{"href":"https:\/\/www.die-stadtzeitung.de\/index.php\/wp-json\/wp\/v2\/media?parent=70583"}],"wp:term":[{"taxonomy":"category","embeddable":true,"href":"https:\/\/www.die-stadtzeitung.de\/index.php\/wp-json\/wp\/v2\/categories?post=70583"},{"taxonomy":"post_tag","embeddable":true,"href":"https:\/\/www.die-stadtzeitung.de\/index.php\/wp-json\/wp\/v2\/tags?post=70583"}],"curies":[{"name":"wp","href":"https:\/\/api.w.org\/{rel}","templated":true}]}}