{"id":70523,"date":"2023-11-24T08:39:07","date_gmt":"2023-11-24T07:39:07","guid":{"rendered":"https:\/\/www.die-stadtzeitung.de\/?p=70523"},"modified":"2023-12-04T10:12:36","modified_gmt":"2023-12-04T09:12:36","slug":"barockes-weihnachtskonzert-mit-nuevo-aspetto","status":"publish","type":"post","link":"https:\/\/www.die-stadtzeitung.de\/index.php\/2023\/11\/24\/barockes-weihnachtskonzert-mit-nuevo-aspetto\/","title":{"rendered":"Barockes Weihnachtskonzert mit &#8222;nuovo aspetto&#8220;"},"content":{"rendered":"<div id=\"attachment_70532\" class=\"wp-caption alignnone\" style=\"max-width: 1968px;\"><img loading=\"lazy\" decoding=\"async\" class=\"size-full wp-image-70532\" src=\"\/wp-content\/uploads\/2023\/11\/nuovo-aspetto-\u00a9-Johannes-Ritter.jpg\" alt=\"\" width=\"1958\" height=\"1452\" \/><span class=\"wp-caption-text\">Ein Teil des Ensembles von &#8222;nuovo aspetto&#8220; &#8211; \u00a9 Johannes Ritter<\/span><\/div>\n<p>Mit ihrem hochwertigen weihnachtlichen Programm &#8222;Salterio doppio&#8220; beschert das Ensemble dem Publikuzusammen mit dem weltber\u00fchmten Countertenor Valer Sabadus\u00a0 absolute Rarit\u00e4ten: Musik von Francesco Fulgenzio Perotti, Giovanni Battista Sammartini oder Nicolo Grimaldi u.a. f\u00fcr zwei Salterii, Mandoline, Baritono, Harfe, Traversfl\u00f6ten und eine exquisite Streicherbesetzung.<\/p>\n<p><strong>Musiker\/Besetzung:<\/strong><\/p>\n<p><strong>Valer Sabadus<\/strong> &#8211; Countertenor<\/p>\n<p><strong>nuovo aspetto:<\/strong><\/p>\n<p>Elisabeth Seitz &#8211; Salterio<br \/>\nBirgit Stolzenburg &#8211; Salterio<br \/>\nMichael D\u00fccker &#8211; Theorbe, Mandolino<br \/>\nUlrike Becker &#8211; Violoncello, Barytono<br \/>\nJohanna Seitz &#8211; Barockharfe<br \/>\nLeonard Schelb &#8211; Traverso<br \/>\nUrsula Thelen &#8211; Traverso<br \/>\nJavier Alquilar Bruno &#8211; Violine<br \/>\nFrauke P\u00f6hl &#8211; Violine<br \/>\nCorina Golomoz\u00a0 &#8211; Viola<br \/>\nFrancesco Savignano\u00a0 &#8211; Wiener Bass<\/p>\n<div id=\"attachment_70533\" class=\"wp-caption alignnone\" style=\"max-width: 2570px;\"><img loading=\"lazy\" decoding=\"async\" class=\"size-full wp-image-70533\" src=\"\/wp-content\/uploads\/2023\/11\/nuovo-aspetto-\u00a9-Johannes-Ritter-Kopie-scaled.jpg\" alt=\"\" width=\"2560\" height=\"1140\" \/><span class=\"wp-caption-text\">Das komplette Ensemble von &#8222;nuovo aspetto&#8220; &#8211; \u00a9 Johannes Ritter<\/span><\/div>\n<p><strong>Termin:<\/strong><\/p>\n<h4>&#8222;Salterio doppio&#8220;<\/h4>\n<p><strong>nuovo aspetto &amp; Valer Sabadus<\/strong><\/p>\n<p>Montag &#8211; 04.12.2023 &#8211; 19:00 Uhr<\/p>\n<p>Kulturzentrum Immanuelskirche &#8211; Sternstra\u00dfe 73 &#8211; 42275 Wuppertal<\/p>\n<p>Tickets: 20 Euro \/ 12 Euro erm\u00e4\u00dfigt &#8211; f\u00fcr Kinder und Jugendliceh ist der Eintritt frei<\/p>\n<p>Tickets\/Vorverkauf: Online-Tickets: www.wuppertal-live.de<br \/>\nVorverkaufsstellen: Wuppertal Touristik (Elberfeld) &#8211; Musikhaus Landsiedel-Becker (Barmen) u.a.<\/p>\n<p>Informationen unter: <a href=\"http:\/\/www.nuovoaspetto.de\">http:\/\/www.nuovoaspetto.de<\/a><br \/>\n<a href=\"http:\/\/www.kulturamwendepunkt.org\">http:\/\/www.kulturamwendepunkt.org<\/a><br \/>\nFoto \/ Bildrechte Johannes Ritter<\/p>\n","protected":false},"excerpt":{"rendered":"<p>Musikalische Weihnachtstimmung in der Immanuelskirche! Mit Wiederentdeckungen barocker Werke f\u00fcr ausgefallene Besetzungen begeistert &#8222;nuovo aspetto&#8220; immer wieder ihr anspruchsvolles Publikum. So wie am Montag (04.12.) im Kulturzentrum Immanuel.<\/p>\n","protected":false},"author":7,"featured_media":0,"comment_status":"open","ping_status":"open","sticky":false,"template":"","format":"standard","meta":{"footnotes":""},"categories":[29],"tags":[],"class_list":["post-70523","post","type-post","status-publish","format-standard","hentry","category-kultur"],"publishpress_future_action":{"enabled":false,"date":"2026-05-05 05:00:20","action":"change-status","newStatus":"draft","terms":[],"taxonomy":"category","extraData":[]},"publishpress_future_workflow_manual_trigger":{"enabledWorkflows":[]},"_links":{"self":[{"href":"https:\/\/www.die-stadtzeitung.de\/index.php\/wp-json\/wp\/v2\/posts\/70523","targetHints":{"allow":["GET"]}}],"collection":[{"href":"https:\/\/www.die-stadtzeitung.de\/index.php\/wp-json\/wp\/v2\/posts"}],"about":[{"href":"https:\/\/www.die-stadtzeitung.de\/index.php\/wp-json\/wp\/v2\/types\/post"}],"author":[{"embeddable":true,"href":"https:\/\/www.die-stadtzeitung.de\/index.php\/wp-json\/wp\/v2\/users\/7"}],"replies":[{"embeddable":true,"href":"https:\/\/www.die-stadtzeitung.de\/index.php\/wp-json\/wp\/v2\/comments?post=70523"}],"version-history":[{"count":12,"href":"https:\/\/www.die-stadtzeitung.de\/index.php\/wp-json\/wp\/v2\/posts\/70523\/revisions"}],"predecessor-version":[{"id":70540,"href":"https:\/\/www.die-stadtzeitung.de\/index.php\/wp-json\/wp\/v2\/posts\/70523\/revisions\/70540"}],"wp:attachment":[{"href":"https:\/\/www.die-stadtzeitung.de\/index.php\/wp-json\/wp\/v2\/media?parent=70523"}],"wp:term":[{"taxonomy":"category","embeddable":true,"href":"https:\/\/www.die-stadtzeitung.de\/index.php\/wp-json\/wp\/v2\/categories?post=70523"},{"taxonomy":"post_tag","embeddable":true,"href":"https:\/\/www.die-stadtzeitung.de\/index.php\/wp-json\/wp\/v2\/tags?post=70523"}],"curies":[{"name":"wp","href":"https:\/\/api.w.org\/{rel}","templated":true}]}}