{"id":7052,"date":"2016-08-08T07:39:19","date_gmt":"2016-08-08T05:39:19","guid":{"rendered":"http:\/\/192.168.10.16\/newsportal\/stadtzeitung\/index.php\/2016\/08\/08\/hand-aufs-herz-mit-joerg-foeste-der-bhc-musste-und-muss-fuer-alles-hart-arbeiten\/"},"modified":"2022-01-31T13:08:44","modified_gmt":"2022-01-31T12:08:44","slug":"hand-aufs-herz-mit-joerg-foeste-der-bhc-musste-und-muss-fuer-alles-hart-arbeiten","status":"publish","type":"post","link":"https:\/\/www.die-stadtzeitung.de\/index.php\/2016\/08\/08\/hand-aufs-herz-mit-joerg-foeste-der-bhc-musste-und-muss-fuer-alles-hart-arbeiten\/","title":{"rendered":"J\u00f6rg F\u00f6ste: &#8222;Der BHC muss sich alles hart erarbeiten&#8220;"},"content":{"rendered":"<div id=\"attachment_45527\" class=\"wp-caption alignnone\" style=\"max-width: 1034px;\"><img loading=\"lazy\" decoding=\"async\" class=\"size-large wp-image-45527\" src=\"\/wp-content\/uploads\/2021\/10\/Joerg-Foeste-1-2-1024x890.jpg\" alt=\"\" width=\"1024\" height=\"890\" \/><span class=\"wp-caption-text\">BHC-Gesch\u00e4ftsf\u00fchrer J\u00f6rg F\u00f6ste &#8211; \u00a9 Kurt Kosler<\/span><\/div>\n<p>Handball hat in Wuppertal eine gro\u00dfe Tradition. Erfolgreichster Verein war der LTV Wuppertal, der sich sp\u00e4ter HC Wuppertal nannte und in der Bundesliga spielte, diese Klasse aber nicht halten konnte. Ganz \u00e4hnliche Voraussetzungen gab es in Solingen, wo die SG Solingen lange dominierte, aber am Ende auch nicht mehr zu halten war. So kam es zu einer \u201eTeilfusion\u201c, aus der 2006 der Bergische HC (BHC) hervorging. 2011 gelang der Aufstieg in die 1. Bundesliga, aus der der Verein aber schon in der n\u00e4chsten Saison wieder abstieg. Der Wiederaufstieg gelang 2013.<\/p>\n<p><strong>DS: Sie blicken auf eine sportlich und wirtschaftlich erfolgreiche Saison zur\u00fcck. Die BHC Marketing GmbH hat ein Plus des Jahresumsatzes um elf Prozent gegen\u00fcber der Spielzeit 14\/15 auf 2,944 Millionen Euro ver\u00f6ffentlicht. Blicken Sie in eine rosige Zukunft?<\/strong><\/p>\n<p>J\u00f6rg F\u00f6ste: \u201eDer BHC musste und muss f\u00fcr alles hart arbeiten \u2013 f\u00fcr jeden Punkt und auch f\u00fcr jeden Euro. Insofern findet der Begriff \u201erosige Zukunft\u201c in diesem Club keinen Platz. Wir sind aber sehr dankbar daf\u00fcr, dass honoriert wird, wie sich der BHC im Konzert der ganz Gro\u00dfen schl\u00e4gt.\u201c<\/p>\n<p><strong>DS: Ein Riesenerfolg war in diesem Jahr das Erreichen des deutschen Pokal-Finales. War das so etwas wie ein Durchbruch in die absolute deutsche Spitzenklasse?<\/strong><\/p>\n<p>J\u00f6rg F\u00f6ste: \u201eNaja, es war das Halbfinale \u2013 doch viel hat in der dramatischen Partie gegen den sp\u00e4teren Titeltr\u00e4ger SC Magdeburg wirklich nicht gefehlt. Der Bergische HC hat sich in der Barclaycard-Arena erstmals auf einer derartigen B\u00fchne pr\u00e4sentiert \u2013 mit einer Reichweite von nahezu 50 Millionen Fernsehzuschauern. Wir haben sehr viel Anerkennung geerntet. Und das motiviert ungemein.\u201c<\/p>\n<p><strong>DS: Mit welchen Erwartungen gehen Sie in die neue Bundesligasaison. Werden die \u201eL\u00f6wen&#8220; wieder gegen den Abstieg spielen oder ist da noch mehr drin?<\/strong><\/p>\n<p>J\u00f6rg F\u00f6ste: \u201eZun\u00e4chst einmal wird die DKB-Handball-Bundesliga nicht ohne Grund \u201eSt\u00e4rkste Liga der Welt\u201c genannt. Sie ist zudem die Liga des amtierenden Europameisters \u2013 beides \u00fcbrigens Attribute, die die zweitwichtigste deutsche Sportart der wichtigsten voraus hat. F\u00fcr diese Liga haben sich lediglich zw\u00f6lf Clubs in den vergangenen vier Jahren ohne Unterbrechung sportlich qualifiziert. Zu diesem Dutzend z\u00e4hlt der Bergische HC. Und das ist eine tolle Bilanz, die wir gern noch ausbauen m\u00f6chten.\u201c<\/p>\n<p><strong>DS: Maciej Majdzinski f\u00e4llt mit einer Knieverletzung lange aus. K\u00f6nnen Sie den Verlust im R\u00fcckraum kompensieren. Wenn ja, wie?<\/strong><\/p>\n<p>J\u00f6rg F\u00f6ste: \u201eWir sind mit Kristian Nippes und Maximilian Hermann im rechten R\u00fcckraum weiterhin erstklassig besetzt \u2013 \u00fcbrigens defensiv wie offensiv.\u201c<\/p>\n<p><strong>DS: Der BHC ist ein erfolgreicher \u201eBergischer\u201c Verein. Hat sich die &#8222;Bergische Idee&#8220; nach ihrer Wahrnehmung inzwischen merklich weiter entwickelt?<\/strong><\/p>\n<p>J\u00f6rg F\u00f6ste: \u201eDas \u201eBergische\u201c ist keine Idee, sondern Realit\u00e4t. Schwierigkeiten im Miteinander gibt es zuweilen in jeder Hofschaft.\u201c<\/p>\n<p><strong>DS: Von 17 Heimspielen tragen Sie in der neuen Saison nach jetzigen Pl\u00e4nen lediglich vier Spiele in Wuppertal aus. K\u00f6nnen Sie verstehen, wenn sich da einige Wuppertaler Handball-Fans mehr w\u00fcnschen?<\/strong><\/p>\n<p>J\u00f6rg F\u00f6ste: \u201eWir werden nach Lage der Dinge acht bis neun Spiele in Wuppertal austragen k\u00f6nnen. Das entspricht in etwa der Quote der Vorjahre.\u201c<\/p>\n<p><strong>DS: Sie tragen ihre Heimspiele gegen Gummersbach und Kiel in der K\u00f6lner Lanxess Arena aus. Welche Erwartungen verbinden Sie mit dieser Verlagerung?<\/strong><\/p>\n<p>J\u00f6rg F\u00f6ste: \u201eNun, die Dinge entwickeln und ver\u00e4ndern sich. Unihalle und Klingenhalle sind bekanntlich Auslaufmodelle \u2013 und wer das nicht erkennt, begreift die Zusammenh\u00e4nge im Spitzenhandball nicht. Regionen mit gr\u00f6\u00dferen, modernen Arenen r\u00fccken nach \u2013 Leipzig etwa, Stuttgart oder N\u00fcrnberg. Balingen plant ebenso einen Neubau wie Minden \u2013 nun wahrlich keine Gro\u00dfst\u00e4dte, aber sehr entschlossen. Die Lanxess Arena bietet zeitgem\u00e4\u00dfen Komfort, mehr Kapazit\u00e4ten und ist TV-gelistet \u2013 deswegen ziehen wir zweimal um.\u201c<\/p>\n<p><strong>DS: Der BHC 06 ist ein gemeinschaftliches Profi-Handballprojekt in den bergischen St\u00e4dten Wuppertal und Solingen. Hat sich die Begeisterung nach Ihrer Wahrnehmung gleichm\u00e4\u00dfig entwickelt oder gibt es neue Zentren?<\/strong><\/p>\n<p>J\u00f6rg F\u00f6ste: \u201eWir sind deutschlandweit in einer einzigartigen Situation. Unsere Heimspiele werden im Schnitt von Zuschauern aus 70 St\u00e4dten besucht \u2013 in K\u00f6ln sind es sogar 250. Die Mehrzahl kommt nach wie vor aus Wuppertal und Solingen, etwa in gleicher Anzahl. Die Lage mitten im bev\u00f6lkerungsreichsten Umfeld sowie die Vielzahl der hier beheimateten Handballclubs ist einmalig.\u201c<\/p>\n<p><strong>DS: Die BHC A-Jugend spielt auch in der kommenden Saison in der Bundesliga. Welchen Stellenwert hat die Jugendabteilung in Ihrem Club? Gibt es wie in anderen Vereinen auch einen Spielermangel?<\/strong><\/p>\n<p>J\u00f6rg F\u00f6ste: \u201eDie Jugendarbeit spielt beim BHC eine zentrale Rolle. Durch die Erfolge der Bundesligamannschaft haben wir regen Zulauf in allen Altersklassen. Mittlerweile spielen nahezu 400 Mitglieder von der U23 bis zu den Bambinis im BHC-Trikot.\u201c<\/p>\n<p><strong>DS: Welche Rolle spielt der Frauenhandball beim BHC?<\/strong><\/p>\n<p>J\u00f6rg F\u00f6ste: \u201eDie Damenmannschaft sowie die weiblichen D- und E-Jugendlichen werden ab der neuen Saison an den Start gehen. Bei den Damen fangen wir ganz unten an \u2013 in der Kreisliga.\u201c<\/p>\n<p><strong>DS: Die Vorl\u00e4ufer des Clubs waren im Grunde der LTV Wuppertal und SG Solingen. Gibt es beim jungen BHC so etwas wie Traditionspflege?<\/strong><\/p>\n<p>J\u00f6rg F\u00f6ste: \u201eDer BHC versteht sich als vollst\u00e4ndig eigenst\u00e4ndiger Club, der seine Traditionen selbst entwickelt. Beim 1.FC K\u00f6ln k\u00e4me niemand auf die Idee, das Jubil\u00e4um der SpVgg. S\u00fclz 07 zu feiern.\u201c<\/p>\n<p><strong>DS: Sie planen den Neubau einer gro\u00dfen Mehrzweckhalle. Wie sehen sie aktuell die Realisierungschancen und wo ist ihr favorisierter Ort daf\u00fcr?<\/strong><\/p>\n<p>J\u00f6rg F\u00f6ste: \u201eDie Realisierung h\u00e4ngt davon ab, dass alle an einem Strang ziehen \u2013 Wirtschaft, Verwaltung, Politik. Es geht um nichts weniger als den Nachweis der Zukunftsf\u00e4higkeit. Der favorisierte Ort liegt auf der Stadtgrenze zwischen Wuppertal und Solingen.\u201c<\/p>\n<p><strong>DS: Die Unihalle war bisher nicht immer ausverkauft. Wie sehen Sie die wirtschaftlichen Chancen f\u00fcr ein solches Projekt?<\/strong><\/p>\n<p>J\u00f6rg F\u00f6ste: \u201eDie Unihalle ist deshalb nicht immer ausverkauft, weil sie weder zeitgem\u00e4\u00df noch gut gebaut ist. Zu wenig Parkpl\u00e4tze, deren Zuteilung man zudem erst am Spieltag erf\u00e4hrt. Unzureichende Bewirtungssituation f\u00fcr VIP-G\u00e4ste. Schlechte bis stark eingeschr\u00e4nkte Sichtm\u00f6glichkeiten auf 10% der Pl\u00e4tze. Das sind nur drei gravierende \u201eBaustellen\u201c. Die Menschen kommen trotz dieser Hindernisse \u2013 und daher sagen wir Danke f\u00fcr \u00fcber 90% Auslastung. Zu den wirtschaftlichen Rahmendaten der neuen Arena haben wir bereits am 31. M\u00e4rz 2014 ausf\u00fchrlich und \u00f6ffentlich Stellung bezogen. Nur so viel: Je mehr Zeit verstreicht, desto teurer wird das Bauen&#8230;\u201c<\/p>\n<p><strong>DS: Viktor Szilagyi ist neuer sportlicher Leiter. In welchen Bereichen erwarten Sie sich hier neue Impulse?<\/strong><\/p>\n<p>J\u00f6rg F\u00f6ste: \u201eIn der sportlichen Leitung.\u201c<\/p>\n<p><strong>DS: Wird es Ersatz f\u00fcr Co-Trainer von Behren geben oder bleibt Sebastian Hinze allein auf der Bank?<\/strong><\/p>\n<p>J\u00f6rg F\u00f6ste: \u201eNeben Sebastian wird Viktor auf der Bank Platz nehmen.\u201c<\/p>\n<p><strong>DS: Sie waren Beisitzer bei der Gr\u00fcndung der Group Club Handball, einem Zusammenschluss mehrerer europ\u00e4ischer Top-Vereine. Wirken sich diese Kontakte auf ihre jetzige T\u00e4tigkeit als Beirat der BHC Marketing und 1. Vorsitzender des Bergischen HC noch aus?<\/strong><\/p>\n<p>J\u00f6rg F\u00f6ste: \u201eNun, seinerzeit (es war im Winter 2006) hat man mich in meiner Eigenschaft als Gesellschafter des BHC sowie als Hospitality-Berater der Fu\u00dfball-WM 2006 hinzugebeten. Die Kontakte sind gepflegt.\u201c<\/p>\n<p><strong>DS: Wor\u00fcber k\u00f6nnen Sie sich richtig aufregen?<\/strong><\/p>\n<p>J\u00f6rg F\u00f6ste: \u201e\u00dcber Boshaftigkeit, die Wurzel vielen \u00dcbels ist.\u201c<\/p>\n<p><strong>DS: Welche Automarke genie\u00dft im Moment ihr Vertrauen?<\/strong><\/p>\n<p>J\u00f6rg F\u00f6ste: \u201eDie Wahl f\u00e4llt auf den Designer und nicht auf die Marke. Ich fahre seit geraumer Zeit Pininfarina.\u201c<\/p>\n<p><strong>DS: Sie f\u00fchren ein mittelgro\u00dfes Unternehmen in der Werbebranche. Bleibt Ihnen da noch Zeit f\u00fcr Familie oder Hobbys?<\/strong><\/p>\n<p>J\u00f6rg F\u00f6ste: \u201eJa, durchaus. Es gibt Menschen mit einem volleren Terminkalender.\u201c<\/p>\n<p><strong>DS: Obligatorische Frage: Wenn die ber\u00fchmte Fee kommt und Ihnen 20 Mio. in die Hand dr\u00fccken w\u00fcrde, was w\u00fcrden Sie mit dem Geld machen?<\/strong><\/p>\n<p>J\u00f6rg F\u00f6ste: \u201eZun\u00e4chst werde ich ihr die Frage stellen, ob sie nicht noch Schwestern habe, die unter \u00e4hnlichem Zuteilungsdruck stehen. Die Gesamtsumme w\u00e4re zu 100 Prozent dem Arena-Pojekt zuzuleiten.\u201c<\/p>\n<p><strong>DS: Welche Schlagzeile w\u00fcrden Sie gerne \u00fcber sich lesen?<\/strong><\/p>\n<p>J\u00f6rg F\u00f6ste: \u201eDie gew\u00fcnschten Schlagzeilen kommen sehr gut ohne meinen Namen aus.\u201c<\/p>\n<p><strong>DS: Waren Sie dieses Jahr schon im Urlaub? D\u00fcrfen wir fragen wo?<\/strong><\/p>\n<p>J\u00f6rg F\u00f6ste: \u201eBeides ja. Meine Frau und ich waren eine Woche an der Mosel. Das langt f\u00fcr 2016.\u201c<\/p>\n<p><strong>DS: Vielen Dank f\u00fcr das Gespr\u00e4ch<\/strong><\/p>\n<p><strong>Das Interview f\u00fchrte Siegfried J\u00e4hne<\/strong><\/p>\n<p>&nbsp;<\/p>\n<p><strong>Vita<\/strong><\/p>\n<p>J\u00f6rg F\u00f6ste wurde am 29. November 1960 in Solingen geboren. 2006 z\u00e4hlte er zu den Gr\u00fcndungsmitgliedern und Gesellschaftern des Bergischen HC. Von Januar 2013 bis Juli 2015 war er Gesch\u00e4ftsf\u00fchrer des Handball-Bundesligisten, heute fungiert er als BHC-Beirat. Nach seinem Abitur studierte er Wirtschaftswissenschaften mit Schwerpunkt Betriebswirtschaftslehre an der Bergischen Universit\u00e4t Wuppertal. Nach seinem Studium gr\u00fcndete er das Unternehmen F\u00f6ste-Werbe-Agentur, das heute unter dem Namen Conceptum \u00fcber 30 Mitarbeiter besch\u00e4ftigt. Er erlangte durch regionale Projekte gro\u00dfe Aufmerksamkeit, unter anderem bei der Restaurierung des Ohligser Rathauskomplexes.<\/p>\n","protected":false},"excerpt":{"rendered":"<p>Seit Januar 2013 ist J\u00f6rg F\u00f6ste BHC-Manager und sp\u00e4testens seit 2013 ist der BHC in der Erfolgsspur. In der abgelaufenen Saison konnte der Klassenerhalt gesichert und das deutsche Pokalfinale, das \u201eFinal Four\u201c in Hamburg, erreicht werden. Siegfried J\u00e4hne interviewte J\u00f6rg F\u00f6ste.<\/p>\n","protected":false},"author":12,"featured_media":7051,"comment_status":"open","ping_status":"closed","sticky":false,"template":"","format":"standard","meta":{"footnotes":""},"categories":[20],"tags":[],"class_list":["post-7052","post","type-post","status-publish","format-standard","hentry","category-sport"],"publishpress_future_action":{"enabled":false,"date":"2026-05-07 03:44:09","action":"change-status","newStatus":"draft","terms":[],"taxonomy":"category","extraData":[]},"publishpress_future_workflow_manual_trigger":{"enabledWorkflows":[]},"_links":{"self":[{"href":"https:\/\/www.die-stadtzeitung.de\/index.php\/wp-json\/wp\/v2\/posts\/7052","targetHints":{"allow":["GET"]}}],"collection":[{"href":"https:\/\/www.die-stadtzeitung.de\/index.php\/wp-json\/wp\/v2\/posts"}],"about":[{"href":"https:\/\/www.die-stadtzeitung.de\/index.php\/wp-json\/wp\/v2\/types\/post"}],"author":[{"embeddable":true,"href":"https:\/\/www.die-stadtzeitung.de\/index.php\/wp-json\/wp\/v2\/users\/12"}],"replies":[{"embeddable":true,"href":"https:\/\/www.die-stadtzeitung.de\/index.php\/wp-json\/wp\/v2\/comments?post=7052"}],"version-history":[{"count":4,"href":"https:\/\/www.die-stadtzeitung.de\/index.php\/wp-json\/wp\/v2\/posts\/7052\/revisions"}],"predecessor-version":[{"id":49636,"href":"https:\/\/www.die-stadtzeitung.de\/index.php\/wp-json\/wp\/v2\/posts\/7052\/revisions\/49636"}],"wp:featuredmedia":[{"embeddable":true,"href":"https:\/\/www.die-stadtzeitung.de\/index.php\/wp-json\/wp\/v2\/media\/7051"}],"wp:attachment":[{"href":"https:\/\/www.die-stadtzeitung.de\/index.php\/wp-json\/wp\/v2\/media?parent=7052"}],"wp:term":[{"taxonomy":"category","embeddable":true,"href":"https:\/\/www.die-stadtzeitung.de\/index.php\/wp-json\/wp\/v2\/categories?post=7052"},{"taxonomy":"post_tag","embeddable":true,"href":"https:\/\/www.die-stadtzeitung.de\/index.php\/wp-json\/wp\/v2\/tags?post=7052"}],"curies":[{"name":"wp","href":"https:\/\/api.w.org\/{rel}","templated":true}]}}