{"id":70498,"date":"2023-11-28T23:19:47","date_gmt":"2023-11-28T22:19:47","guid":{"rendered":"https:\/\/www.die-stadtzeitung.de\/?p=70498"},"modified":"2023-11-28T23:19:47","modified_gmt":"2023-11-28T22:19:47","slug":"pina-bauschs-nelken-bluehen-wieder-auf","status":"publish","type":"post","link":"https:\/\/www.die-stadtzeitung.de\/index.php\/2023\/11\/28\/pina-bauschs-nelken-bluehen-wieder-auf\/","title":{"rendered":"Pina Bauschs \u201eNelken\u201c bl\u00fchen wieder auf"},"content":{"rendered":"<div id=\"attachment_70502\" class=\"wp-caption alignnone\" style=\"max-width: 2570px;\"><img loading=\"lazy\" decoding=\"async\" class=\"wp-image-70502 size-full\" src=\"\/wp-content\/uploads\/2023\/11\/nelken2013-39-scaled.jpg\" alt=\"\" width=\"2560\" height=\"1862\" \/><span class=\"wp-caption-text\">Das Pina-Bausch-Ensemble des St\u00fccks &#8222;Nelken&#8220; &#8211; \u00a9 Jochen Viehoff<\/span><\/div>\n<p>Am 1. Dezember 2023 um 10:00 Uhr beginnt der Vorverkauf f\u00fcr Nelken, einem St\u00fcck von Pina Bausch aus dem Jahr 1982. Zuletzt wurde es 2015 in Wuppertal gespielt.<\/p>\n<p>Nelken\u00a0aus dem Jahr 1982 ist neben Viktor von Pina Bausch eine der gro\u00dfen Neueinstudierungen der Spielzeit 2023\/24. Die Probenleitung der Neueinstudierung \u00fcbernehmen die T\u00e4nzerin\u00a0Silvia Farias Heredia und T\u00e4nzer Eddie Martinez, beide langj\u00e4hrige Ensemblemitglieder des Tanztheaters.<\/p>\n<p>\u201eWas drau\u00dfen in der Welt getrennt voneinander noch seinen scheinbar ordentlichen Verlauf nimmt, tritt im Tanztheater der Pina Bausch in einem Brennpunkt zusammen, der die Widerspr\u00fcche ins Kreisen bringt. Es sind T\u00e4nze auf dem Vulkan, die sich an der Wirklichkeit aufladen und deren widerstreitende Impulse aufeinander wirken lassen. In den Wechselb\u00e4dern gegens\u00e4tzlicher Energien und Kr\u00e4fte aber wird die Wirklichkeit bis zur Kenntlichkeit ausgereizt,\u201c beschreibt Norbert Servos, Buchautor und Kritiker, das Werk von Pina Bausch.<\/p>\n<p>Inszenierung und Choreographie\u00a0Pina Bausch<\/p>\n<p>B\u00fchne:\u00a0Peter Pabst<\/p>\n<p>Kost\u00fcme:\u00a0Marion Cito<\/p>\n<p>Dramaturgie:\u00a0Raimund Hoghe<\/p>\n<p>Musikalische Mitarbeit:\u00a0Matthias Burkert<\/p>\n<p>Musik\u00a0aus den 30ern und 40ern von George Gershwin &#8211; Franz L\u00e9har &#8211; Louis Armstrong &#8211; Sophie Tucker und anderen.<\/p>\n<div id=\"attachment_70504\" class=\"wp-caption alignnone\" style=\"max-width: 2570px;\"><img loading=\"lazy\" decoding=\"async\" class=\"wp-image-70504 size-full\" src=\"\/wp-content\/uploads\/2023\/11\/nelken2013-39-1-scaled.jpg\" alt=\"\" width=\"2560\" height=\"1703\" \/><span class=\"wp-caption-text\">Das Pina-Bausch-Ensemble des St\u00fccks &#8222;Nelken&#8220; &#8211; \u00a9 Jochen Viehoff<\/span><\/div>\n<p><strong>Termin:<\/strong><\/p>\n<h4>\u201eNelken\u201c<\/h4>\n<p>Ein St\u00fcck von Pina Bausch<\/p>\n<p>NEUEINSTUDIERUNG<\/p>\n<p>27. &#8211; 28. &#8211; 30. &#8211; 31. Januar 2024 und 02. &#8211; 03. &#8211; 04. Februar 2024<\/p>\n<p>Tanztheater Wuppertal Pina Bausch + Terrain Boris Charmatz<\/p>\n<p>Vorverkaufsbeginn: 01. Dezember 2023, 10:00 Uhr<\/p>\n<p>Tickethotline 0202 563 7666 &#8211; <a href=\"http:\/\/www.pina-bausch.de\">http:\/\/www.pina-bausch.de<\/a><\/p>\n<p>Opernhaus Wuppertal &#8211; Kurt-Drees Str. 4 &#8211; 42283 Wuppertal<\/p>\n<p>Es tanzen: Andrey Berezin &#8211; Dean Biosca &#8211; Naomi Brito &#8211; Emily Castelli &#8211;\u00a0Ashley Chen* &#8211; Maria Giovanna Delle Donne &#8211;\u00a0Taylor Drury &#8211; \u00c7a\u011fda\u015f Ermi\u015f &#8211;\u00a0Letizia Galloni &#8211;\u00a0Luci\u00e9ny Kaabral &#8211;\u00a0Simon Le Borgne &#8211;\u00a0Reginald Lefebvre &#8211;\u00a0Alexander L\u00f3pez Guerra -Nicholas Losada &#8211;\u00a0Blanca Noguerol Ram\u00edrez &#8211;\u00a0Julian Stierle &#8211; Christopher Tandy -Tsai-Wei Tien &#8211;\u00a0Aida Vainieri &#8211;\u00a0Frank Willens<\/p>\n<p>Stuntmen: \u00a0Moritz Fischer &#8211; Florian Szedlarik &#8211; Bodo Haack &#8211; Hendrik\u00a0Mohr<\/p>\n<p><strong>Bisherige Urauff\u00fchrungen:<\/strong><\/p>\n<p>01. Fassung &#8211; 30. Dezember 1982 &#8211; Opernhaus Wuppertal<\/p>\n<p>02. Fassung &#8211; 16. Mai 1983 Zelt im Englischen Garten M\u00fcnchen<\/p>\n","protected":false},"excerpt":{"rendered":"<p>Pina Bauschs &#8222;Nelken&#8220; bl\u00fchen wieder auf! Das Ensemble des Tanztheater Wuppertal studiert Nelken, eines der ersten St\u00fccke der 2009 verstobenen weltber\u00fchmten Choreographin mit neuer Besetzung, einem neuen B\u00fchnenbild von Peter Pabst und Kost\u00fcmen von Marion Cito wieder ein.<\/p>\n","protected":false},"author":7,"featured_media":0,"comment_status":"open","ping_status":"open","sticky":false,"template":"","format":"standard","meta":{"footnotes":""},"categories":[29],"tags":[],"class_list":["post-70498","post","type-post","status-publish","format-standard","hentry","category-kultur"],"publishpress_future_action":{"enabled":false,"date":"2026-05-02 10:59:47","action":"change-status","newStatus":"draft","terms":[],"taxonomy":"category","extraData":[]},"publishpress_future_workflow_manual_trigger":{"enabledWorkflows":[]},"_links":{"self":[{"href":"https:\/\/www.die-stadtzeitung.de\/index.php\/wp-json\/wp\/v2\/posts\/70498","targetHints":{"allow":["GET"]}}],"collection":[{"href":"https:\/\/www.die-stadtzeitung.de\/index.php\/wp-json\/wp\/v2\/posts"}],"about":[{"href":"https:\/\/www.die-stadtzeitung.de\/index.php\/wp-json\/wp\/v2\/types\/post"}],"author":[{"embeddable":true,"href":"https:\/\/www.die-stadtzeitung.de\/index.php\/wp-json\/wp\/v2\/users\/7"}],"replies":[{"embeddable":true,"href":"https:\/\/www.die-stadtzeitung.de\/index.php\/wp-json\/wp\/v2\/comments?post=70498"}],"version-history":[{"count":5,"href":"https:\/\/www.die-stadtzeitung.de\/index.php\/wp-json\/wp\/v2\/posts\/70498\/revisions"}],"predecessor-version":[{"id":70505,"href":"https:\/\/www.die-stadtzeitung.de\/index.php\/wp-json\/wp\/v2\/posts\/70498\/revisions\/70505"}],"wp:attachment":[{"href":"https:\/\/www.die-stadtzeitung.de\/index.php\/wp-json\/wp\/v2\/media?parent=70498"}],"wp:term":[{"taxonomy":"category","embeddable":true,"href":"https:\/\/www.die-stadtzeitung.de\/index.php\/wp-json\/wp\/v2\/categories?post=70498"},{"taxonomy":"post_tag","embeddable":true,"href":"https:\/\/www.die-stadtzeitung.de\/index.php\/wp-json\/wp\/v2\/tags?post=70498"}],"curies":[{"name":"wp","href":"https:\/\/api.w.org\/{rel}","templated":true}]}}