{"id":70479,"date":"2023-12-02T20:17:22","date_gmt":"2023-12-02T19:17:22","guid":{"rendered":"https:\/\/www.die-stadtzeitung.de\/?p=70479"},"modified":"2023-12-04T15:58:27","modified_gmt":"2023-12-04T14:58:27","slug":"guenter-verheugen-deutschland-profitiert-von-der-eu","status":"publish","type":"post","link":"https:\/\/www.die-stadtzeitung.de\/index.php\/2023\/12\/02\/guenter-verheugen-deutschland-profitiert-von-der-eu\/","title":{"rendered":"G\u00fcnter Verheugen: Deutschland profitiert von der EU"},"content":{"rendered":"<div id=\"attachment_70483\" class=\"wp-caption alignnone\" style=\"max-width: 1883px;\"><img loading=\"lazy\" decoding=\"async\" class=\"wp-image-70483 size-full\" src=\"\/wp-content\/uploads\/2023\/11\/FOE_1789.jpg\" alt=\"\" width=\"1873\" height=\"1378\" \/><span class=\"wp-caption-text\">G\u00fcnter Verheugen (l.) im Gespr\u00e4ch Moderator J\u00fcrgen Zurheide &#8211; \u00a9 Claudia Posern &#8211; Fotostudio Essen<\/span><\/div>\n<p>Einen Ex-Kollegen mit 50 Jahren Politik-Erfahrung konnte Gastgeber Dr. Richard Kiessler (u.a. Ex-Chefredakteur der Neuen Ruhr\/Rhein-Zeitung) den \u00fcber 200 G\u00e4sten ank\u00fcndigen. Denn G\u00fcnter Verheugen ist gelernter Journalist. Er machte sein Volontariat von 1963 bis 1965 bei der Neuen Ruhr Zeitung in Essen und der Neuen Rhein Zeitung in K\u00f6ln. Anschlie\u00dfend studierte er Geschichte, Soziologie und Politik-Wissenschaften.<\/p>\n<p>Seine politische Karriere nahm auch schnell Fahrt auf. Die Stationen im Schnelldurchlauf: Landesvorsitzender der Deutschen Jungdemokraten (1967), Referatsleiter f\u00fcr \u00d6ffentlichkeitsarbeit im Bundesinnenministerium unter Dietrich Genscher. Mit diesem wechselte er anschlie\u00dfend ins Ausw\u00e4rtige Amt (1976).<\/p>\n<h4>Bundesgesch\u00e4ftsf\u00fchrer von FDP und SPD<\/h4>\n<p>1977 wurde G\u00fcnter Verheugen Bundesgesch\u00e4ftsf\u00fchrer der FDP, 1978 FDP-Generalsekret\u00e4r. Nach dem Austritt der FDP aus der Koalition mit der SPD trat er 1982 in\u00a0 sozialdemokratische Partei ein.<\/p>\n<p>Auch hier erklomm er mit Riesenschritten die Karriereleiter. Verheugen sa\u00df von 1983 bis 1999 f\u00fcr die Partei im Bundestag. Von 1994 bis 1997 war er stellv. Fraktionsvorsitzender, von 1993 bis 1995 \u2013 wie schon vorher bei der FDP \u2013 Bundesgesch\u00e4ftsf\u00fchrer.<\/p>\n<div id=\"attachment_70485\" class=\"wp-caption alignnone\" style=\"max-width: 560px;\"><img loading=\"lazy\" decoding=\"async\" class=\"wp-image-70485 size-full\" src=\"\/wp-content\/uploads\/2023\/11\/FOE_1614.jpg\" alt=\"\" width=\"550\" height=\"358\" \/><span class=\"wp-caption-text\">Polit-Urgestein G\u00fcnter Verheugen (l.) mit Eva und Richard Kiessler &#8211; \u00a9 Claudia Posern &#8211; Fotostudio Essen<\/span><\/div>\n<p>1998 wurde er Staatsminister im Ausw\u00e4rtigen Amt unter Joschka Fischer. Von 1999 bis zur seiner Abberufung 2007 war G\u00fcnter Verheugen dann Mitglied der Europ\u00e4ischen Kommission und da u.a. zust\u00e4ndig f\u00fcr die Erweiterung der EU.<\/p>\n<p>Also mehr als genug Gespr\u00e4chsstoff f\u00fcr einen spannenden Polit-Talk. Und die EU machte Moderator J\u00fcrgen Zurheide (u.a. \u201eDeutschlandfunk\u201c \u2013 WDR-H\u00f6rfunk\u201c) auch gleich zum ersten Thema.<\/p>\n<p>G\u00fcnter Verheugen erkl\u00e4rte zwar, sich Sorgen dar\u00fcber zu machen, dass in den 27 Mitgliedsstaaten des B\u00fcndnisses immer mehr ultrarechte Parteien nach der Macht greifen w\u00fcrden. Eine Alternative zur EU, von der Deutschland politisch und wirtschaftlich am meisten profitiere, sehe er aber nicht.<\/p>\n<p>Aus seiner Sicht sollten Deutschland und Frankreich als starke Nationen gemeinsam als gutes Beispiel vorangehen, um die EU als politische und wirtschaftliche Macht weiter zu st\u00e4rken. Seine Forderung: Die demokratischen L\u00e4nder Europas m\u00fcssten den \u201eeuropean way of life\u201c verteidigen und eng zusammenstehen.<\/p>\n<div id=\"attachment_70488\" class=\"wp-caption alignnone\" style=\"max-width: 560px;\"><img loading=\"lazy\" decoding=\"async\" class=\"wp-image-70488 size-full\" src=\"\/wp-content\/uploads\/2023\/11\/FOE_1416.jpg\" alt=\"\" width=\"550\" height=\"353\" \/><span class=\"wp-caption-text\">F\u00fchlte sich bei den STADTGESPR\u00c4CHEN.ruhr in Essen sichtlich wohl: G\u00fcnter Verheugen (r.) hier mit Gastgeber Dr. Richard Kiessler &#8211; \u00a9\u00a0 Claudia Posern &#8211; Fotostudio Essen<\/span><\/div>\n<p>Gar nichts \u2013 zumindest zum jetzigen Zeitpunkt \u2013 h\u00e4lt G\u00fcnter Verheugen davon, die Ukraine kurzfristig in die EU aufzunehmen. Er sei erschrocken gewesen, als Ursula von der Leyen, Pr\u00e4sidentin der Europ\u00e4ischen Kommission, dem Staat im Osten Beitrittsverhandlungen versprochen habe. Die Beitrittsvoraussetzungen habe die Ukraine doch bei weitem noch nicht erf\u00fcllt. Ein Stichwort: Korruption.<\/p>\n<p>Und schlie\u00dflich befinde sich das Land im Krieg. Au\u00dferdem w\u00fcrden Staaten wie Albanien, Bosnien und Herzegowina, Serbien oder auch die T\u00fcrkei schon seit Jahren darauf warten, EU-Mitglied zu werden. Sollte die Ukraine jetzt vorgezogen werden, k\u00f6nne das zu gro\u00dfen Verstimmungen f\u00fchren.<\/p>\n<p>Auch was den Angriffskrieg Russlands auf die Ukraine angeht, hat G\u00fcnter Verheugen seine ganz eigene Sichtweise. Das sei keine pl\u00f6tzliche Naturkatastrophe gewesen, sondern habe einen langen Vorlauf gehabt.<\/p>\n<div id=\"attachment_70489\" class=\"wp-caption alignnone\" style=\"max-width: 560px;\"><img loading=\"lazy\" decoding=\"async\" class=\"wp-image-70489 size-full\" src=\"\/wp-content\/uploads\/2023\/11\/FOE_1619.jpg\" alt=\"\" width=\"550\" height=\"367\" \/><span class=\"wp-caption-text\">Voll konzentrierte Zuh\u00f6rerinnen und Zuh\u00f6rer &#8211; \u00a9 Claudia Posern &#8211; Fotostudio Essen<\/span><\/div>\n<p>Im Gegensatz zu vielen anderen, die sich jetzt \u00fcber Putin \u00e4u\u00dferten, w\u00fcrde er den russischen Pr\u00e4sidenten pers\u00f6nlich kennen. Dieser f\u00fchle sich von der NATO umzingelt. Klingt ein wenig nach Relativierung des v\u00f6lkerrechtlichen \u00dcberfalls auf das Nachbarland Ukraine.<\/p>\n<p>In dem Zusammenhang ist sicher nicht uninteressant, dass G\u00fcnter Verheugen Erstunterzeichner der von Sahra Wagenknecht und Alice Schwarzer initiierten Petition \u201eManifest f\u00fcr Frieden\u201c war, die sich f\u00fcr Diplomatie und gegen Waffenlieferung an die Ukraine ausspricht.<\/p>\n<p>Moderator J\u00fcrgen Zurheide erinnerte seinen prominenten Gespr\u00e4chsgast jedenfalls souver\u00e4n an die NATO-Russland-Grundakte aus dem Jahr 1997, die der damalige russische Pr\u00e4sident Boris Jelzin unterzeichnete, in der er der NATO-Osterweiterung zustimmte und in der allen Staaten Souver\u00e4nit\u00e4t, Unabh\u00e4ngigkeit, territoriale Unversehrtheit und freie B\u00fcndnis-Wahl garantiert wurde. Auch der Ukraine.<\/p>\n<div id=\"attachment_70486\" class=\"wp-caption alignnone\" style=\"max-width: 560px;\"><img loading=\"lazy\" decoding=\"async\" class=\"wp-image-70486 size-full\" src=\"\/wp-content\/uploads\/2023\/11\/FOE_1581.jpg\" alt=\"\" width=\"550\" height=\"362\" \/><span class=\"wp-caption-text\">Begeisterte das Publikum gemeinsam mit dem Pianisten Axel Steinbiss: Saxophist Wolf Codera &#8211; \u00a9 Claudia Posern &#8211; Fotostudio Essen<\/span><\/div>\n<p>Das Gespr\u00e4ch zwischen Moderator J\u00fcrgen Zurheide und Polit-Legende G\u00fcnter Verheugen war spannend, tiefgr\u00fcndig, informativ und interessant. Man h\u00e4tte im Saal eine Stecknadel fallen h\u00f6ren k\u00f6nnen.<\/p>\n<p>Impulsgast Verheugen &#8211; ein Mann der klaren Worte, ein Mann der seine \u00dcberzeugungen ohne Wenn und Aber vertritt. \u00dcberzeugungen und Ansichten, die man nicht unbedingt alle teilen mu\u00df. Auf jeden Fall sorgte G\u00fcnter Verheugen f\u00fcr reichlich Diskussionsstoff.<\/p>\n<p>Der zweite Star des Abends war Saxophonist und Klarinettist Wolf Codera, den Gastgeber Dr. Richard Kiessler als absolutes kulturelles Highlight ank\u00fcndigte. Er versprach nicht zu viel. Gemeinsam mit Pianist Axel Steinbiss begeisterte der Vollblut-Musiker, der mit seinem Projekt \u201eSession Possible\u201c Deutschland weit bekannt ist, die geladenen G\u00e4ste der \u201eSTADTGESPR\u00c4CHE.ruhr\u201c mit filigraner, gef\u00fchlvoller Musik.<\/p>\n<div id=\"attachment_70494\" class=\"wp-caption alignnone\" style=\"max-width: 560px;\"><img loading=\"lazy\" decoding=\"async\" class=\"wp-image-70494 size-full\" src=\"\/wp-content\/uploads\/2023\/11\/FOE_1878.jpg\" alt=\"\" width=\"550\" height=\"334\" \/><span class=\"wp-caption-text\">Gruppenfoto zum Abschied: G\u00fcnter Verheugen eingerahmt von J\u00fcrgen Zurheide (l.) und Dr. Richard Kiessler &#8211; \u00a9\u00a0 Claudia Posern &#8211; Fotostudio Essen<\/span><\/div>\n<p>Und dann gab es noch einen prominenten Protagonisten, der zwar nicht leibhaftig vor Ort war,\u00a0 sondern nur auf der Leinwand. In einer Videobotschaft bedankte sich Rock-S\u00e4nger Peter Maffay bei den G\u00e4sten f\u00fcr die Unterst\u00fctzung von notleidenden Musikern in Afghanistan.<\/p>\n<p>Er selbst hatte der von seinem Essener Freund und Musiker-Kollegen Ahmad Jawed gegr\u00fcndeten Initiative \u201eOur Voice Is Our Answer\u201c eine handsignierte Gitarre f\u00fcr eine Charity-Versteigerung Verf\u00fcgung gestellt. Diese wechselte beim letzten Netzwerk-Treff f\u00fcr stolze 6.000 \u20ac den Besitzer. Die warmen Worte von Peter Maffay \u2013 ein emotionaler, harmonischer Schlussakkord des offiziellen Teils der \u201eSTADTGESPR\u00c4CHE.ruhr\u201c.<\/p>\n<p><strong>Text Peter Pionke<\/strong><\/p>\n<p>&nbsp;<\/p>\n<p><strong>Link zur Webseite der &#8222;STADTGESR\u00c4CHE.ruhr&#8220;:<\/strong><\/p>\n<p><a href=\"http:\/\/www.stadtgespr\u00e4che.ruhr\">http:\/\/www.stadtgespr\u00e4che.ruhr<\/a><\/p>\n<p><strong>Link zur Facebook-Seite der STADTGESP\u00c4CHE.ruhr:<\/strong><\/p>\n<p><a href=\"https:\/\/www.facebook.com\/stadtgespraeche.ruhr\">https:\/\/www.facebook.com\/stadtgespraeche.ruhr<\/a><\/p>\n","protected":false},"excerpt":{"rendered":"<p>Er ist ein echtes Polit-Urgestein mit einer bewegten Karriere. Er spielte in der FDP und in der SPD tragende Rollen und hat auch die EU entscheidend mitgestaltet. Die Rede ist von G\u00fcnter Verheugen (79). Er war prominenter Impulsgast bei der renommierten Netzwerk-Veranstaltung \u201eSTADTGESPR\u00c4CHE.ruhr\u201c im Chorforum Essen.<\/p>\n","protected":false},"author":7,"featured_media":0,"comment_status":"open","ping_status":"open","sticky":false,"template":"","format":"standard","meta":{"footnotes":""},"categories":[26],"tags":[],"class_list":["post-70479","post","type-post","status-publish","format-standard","hentry","category-politik"],"publishpress_future_action":{"enabled":false,"date":"2026-05-08 19:28:27","action":"change-status","newStatus":"draft","terms":[],"taxonomy":"category","extraData":[]},"publishpress_future_workflow_manual_trigger":{"enabledWorkflows":[]},"_links":{"self":[{"href":"https:\/\/www.die-stadtzeitung.de\/index.php\/wp-json\/wp\/v2\/posts\/70479","targetHints":{"allow":["GET"]}}],"collection":[{"href":"https:\/\/www.die-stadtzeitung.de\/index.php\/wp-json\/wp\/v2\/posts"}],"about":[{"href":"https:\/\/www.die-stadtzeitung.de\/index.php\/wp-json\/wp\/v2\/types\/post"}],"author":[{"embeddable":true,"href":"https:\/\/www.die-stadtzeitung.de\/index.php\/wp-json\/wp\/v2\/users\/7"}],"replies":[{"embeddable":true,"href":"https:\/\/www.die-stadtzeitung.de\/index.php\/wp-json\/wp\/v2\/comments?post=70479"}],"version-history":[{"count":14,"href":"https:\/\/www.die-stadtzeitung.de\/index.php\/wp-json\/wp\/v2\/posts\/70479\/revisions"}],"predecessor-version":[{"id":70731,"href":"https:\/\/www.die-stadtzeitung.de\/index.php\/wp-json\/wp\/v2\/posts\/70479\/revisions\/70731"}],"wp:attachment":[{"href":"https:\/\/www.die-stadtzeitung.de\/index.php\/wp-json\/wp\/v2\/media?parent=70479"}],"wp:term":[{"taxonomy":"category","embeddable":true,"href":"https:\/\/www.die-stadtzeitung.de\/index.php\/wp-json\/wp\/v2\/categories?post=70479"},{"taxonomy":"post_tag","embeddable":true,"href":"https:\/\/www.die-stadtzeitung.de\/index.php\/wp-json\/wp\/v2\/tags?post=70479"}],"curies":[{"name":"wp","href":"https:\/\/api.w.org\/{rel}","templated":true}]}}