{"id":70427,"date":"2023-11-26T16:55:04","date_gmt":"2023-11-26T15:55:04","guid":{"rendered":"https:\/\/www.die-stadtzeitung.de\/?p=70427"},"modified":"2023-11-26T16:55:04","modified_gmt":"2023-11-26T15:55:04","slug":"michael-wessel-500-insolvenzen-in-der-pflegebranche","status":"publish","type":"post","link":"https:\/\/www.die-stadtzeitung.de\/index.php\/2023\/11\/26\/michael-wessel-500-insolvenzen-in-der-pflegebranche\/","title":{"rendered":"Michael Wessel: 500 Insolvenzen in der Pflegebranche"},"content":{"rendered":"<div id=\"attachment_55072\" class=\"wp-caption alignnone\" style=\"max-width: 2570px;\"><img loading=\"lazy\" decoding=\"async\" class=\"size-full wp-image-55072\" src=\"\/wp-content\/uploads\/2022\/08\/Michael_Wessel_1_Foto_Pflege_Wessel-2-scaled.jpg\" alt=\"\" width=\"2560\" height=\"1709\" \/><span class=\"wp-caption-text\">Michael Wessel macht sich Sorgen um seine Branche &#8211; \u00a9 Pflegedienst Wessel<\/span><\/div>\n<p>Viele Rentner verarmen und werden sp\u00e4testens im Fall einer Pflegebed\u00fcrftigkeit zu Sozialhilfeempf\u00e4ngern. Seit Jahren erz\u00e4hlt die Politik der Bev\u00f6lkerung, die Pflegekassen seien leer, und erh\u00f6ht st\u00e4ndig die Beitr\u00e4ge der Sozialversicherung. F\u00fcr viele Menschen sind derzeit in Kombination mit Inflation und Energiekosten die erneut steigenden Kranken- und Pflegekassenbeitr\u00e4ge kaum noch bezahlbar.<\/p>\n<p>\u201eDie Politik geht komplett an der Realit\u00e4t vorbei\u201c, sagt Michael Wessel. Acht Monate vor Einf\u00fchrung der Tarifpflicht hatte Wessel im Fr\u00fchjahr 2022 bereits gewarnt, dass Pflege bald nicht mehr leistbar sein werde. Er bat deshalb die Mitbewerber, sich gemeinsam an einen Tisch zu setzen. Doch es bestand offfenbar kein Interesse.<\/p>\n<p>Seine Prognose damals: \u201eEs wird viele Insolvenzen geben, kleinere Betriebe k\u00f6nnen diese Kosten nicht auffangen. Gr\u00f6\u00dfere kompensieren sie eine Zeit lang, werden aber auch Minus machen, weil die Refinanzierung nicht gesichert ist.\u201c<\/p>\n<p>Und genau das tritt jetzt ein: 500 Insolvenzen verzeichnet die Pflegebranche bereits in diesem Jahr bundesweit. Sogar gro\u00dfe Tr\u00e4ger ver\u00f6ffentlichen ihr enormes wirtschaftliches Minus und die noch schlechteren Prognosen f\u00fcr das kommende Jahr. Auch begr\u00fcndet mit steigenden Energiekosten, aber vor allem mit dem Mangel an Refinanzierung der Pflege-Mehrkosten.<\/p>\n<p>Der Pflege-Experte: \u201eF\u00fcr die gesamte Welt scheint Geld da zu sein. Aber alte Menschen und Pflegebed\u00fcrftige haben keinerlei Lobby \u2013 und offenbar auch keinen Stellenwert mehr in dieser Gesellschaft. Obwohl sie dieses Land nach dem Zweiten Weltkrieg aufgebaut und ihm zu Reichtum und uns allen zu Wohlstand verholfen haben.\u201c<\/p>\n<h4>Auch Politiker haben Eltern<\/h4>\n<p>Eine Entwicklung, die seit Jahren erschreckende Ausma\u00dfe annehme, so Wessel. Mehr als 200 Mitarbeiter besch\u00e4ftigt der Wuppertaler Pflegedienst in den Bereichen Pflege-Wohngemeinschaften f\u00fcr Demenzerkrankte, Service-Wohnen f\u00fcr Senioren, in der Verhinderungspflege sowie im Selbstbestimmten Wohnen f\u00fcr behinderte junge Menschen und der 24-Stunden-Assistenz.<\/p>\n<p>Michael Wessel bezieht klar Stellung: \u201ePrivate Dienstleister sollen offenbar in den Bankrott getrieben und die Pflege letztlich verstaatlicht werden, anders ist eine solche Politik \u2013 die auch klar zu Lasten der Pflegebed\u00fcrftigen geht \u2013 nicht zu deuten.\u201c<\/p>\n<p>Denn auch das neue Pflegeunterst\u00fctzungs- und -entlastungsgesetz (PUEG) sieht eine Erh\u00f6hung der staatlichen Zusch\u00fcsse nur f\u00fcr vollstation\u00e4re Unterbringungen vor, nicht aber f\u00fcr ambulant betreute Pflege-Wohngemeinschaften. F\u00fcr Wessel ein klares Signal, in welche Richtung es gehe.<\/p>\n<p>\u201eIn einer Gesellschaft, die immer \u00e4lter wird, und in einem Sozialsystem, aus dem immer mehr Menschen Leistungen beziehen, ohne etwas einzuzahlen, m\u00fcssen Unternehmen der Pflege ausk\u00f6mmlich finanziert werden. Die Pflegekassen sollten den jetzigen finanziellen Deckel der aktuellen Pflegegrade deutlich erh\u00f6hen&#8220;, fordert Michael Wessel.<\/p>\n<p>Zudem d\u00fcrfe es mit Blick auf rund tausend Milliarden prognostizierten Steuereinnahmen in 2024 weder Altersarmut noch Pflegenotstand geben. Bereits Anfang 2023 forderten Kassen und Sozialverb\u00e4nde daher finanzielle Unterst\u00fctzung aus Steuermitteln, damit nicht nur die Beitragszahler zur Kasse gebeten werden.<\/p>\n<p>Michael Wessel bringt es auf den Punkt: \u201eAuch Politiker haben Eltern, die sich vielleicht nicht alle rund 5.000 Euro pro Monat f\u00fcr einen Pflegeplatz leisten k\u00f6nnen.\u201c<\/p>\n<p>&nbsp;<\/p>\n","protected":false},"excerpt":{"rendered":"<p>&#8222;Die Gr\u00f6\u00dfe und den moralischen Fortschritt einer Nation kann man daran messen, wie sie ihre Tiere behandelt.&#8220; Dieses Zitat von Mahatma Gandhi ist wohl jedem bekannt. &#8222;Doch wie ist es um eine Gesellschaft bestellt, die zumindest ihre Haustiere oftmals besser behandelt, als ihre alten Menschen?&#8220; fragt Michael Wessel, Inhaber von Pflege Wessel.<\/p>\n","protected":false},"author":7,"featured_media":0,"comment_status":"open","ping_status":"open","sticky":false,"template":"","format":"standard","meta":{"footnotes":""},"categories":[22],"tags":[],"class_list":["post-70427","post","type-post","status-publish","format-standard","hentry","category-wirtschaft"],"publishpress_future_action":{"enabled":false,"date":"2026-05-09 14:03:14","action":"change-status","newStatus":"draft","terms":[],"taxonomy":"category","extraData":[]},"publishpress_future_workflow_manual_trigger":{"enabledWorkflows":[]},"_links":{"self":[{"href":"https:\/\/www.die-stadtzeitung.de\/index.php\/wp-json\/wp\/v2\/posts\/70427","targetHints":{"allow":["GET"]}}],"collection":[{"href":"https:\/\/www.die-stadtzeitung.de\/index.php\/wp-json\/wp\/v2\/posts"}],"about":[{"href":"https:\/\/www.die-stadtzeitung.de\/index.php\/wp-json\/wp\/v2\/types\/post"}],"author":[{"embeddable":true,"href":"https:\/\/www.die-stadtzeitung.de\/index.php\/wp-json\/wp\/v2\/users\/7"}],"replies":[{"embeddable":true,"href":"https:\/\/www.die-stadtzeitung.de\/index.php\/wp-json\/wp\/v2\/comments?post=70427"}],"version-history":[{"count":4,"href":"https:\/\/www.die-stadtzeitung.de\/index.php\/wp-json\/wp\/v2\/posts\/70427\/revisions"}],"predecessor-version":[{"id":70431,"href":"https:\/\/www.die-stadtzeitung.de\/index.php\/wp-json\/wp\/v2\/posts\/70427\/revisions\/70431"}],"wp:attachment":[{"href":"https:\/\/www.die-stadtzeitung.de\/index.php\/wp-json\/wp\/v2\/media?parent=70427"}],"wp:term":[{"taxonomy":"category","embeddable":true,"href":"https:\/\/www.die-stadtzeitung.de\/index.php\/wp-json\/wp\/v2\/categories?post=70427"},{"taxonomy":"post_tag","embeddable":true,"href":"https:\/\/www.die-stadtzeitung.de\/index.php\/wp-json\/wp\/v2\/tags?post=70427"}],"curies":[{"name":"wp","href":"https:\/\/api.w.org\/{rel}","templated":true}]}}