{"id":70381,"date":"2023-11-26T13:47:52","date_gmt":"2023-11-26T12:47:52","guid":{"rendered":"https:\/\/www.die-stadtzeitung.de\/?p=70381"},"modified":"2023-11-26T16:11:25","modified_gmt":"2023-11-26T15:11:25","slug":"christian-von-grumbkow-film-portrait-gibt-es-als-dvd","status":"publish","type":"post","link":"https:\/\/www.die-stadtzeitung.de\/index.php\/2023\/11\/26\/christian-von-grumbkow-film-portrait-gibt-es-als-dvd\/","title":{"rendered":"Christian von Grumbkow: Film-Portrait gibt es als DVD"},"content":{"rendered":"<div id=\"attachment_70386\" class=\"wp-caption alignnone\" style=\"max-width: 1507px;\"><img loading=\"lazy\" decoding=\"async\" class=\"wp-image-70386 size-full\" src=\"\/wp-content\/uploads\/2023\/11\/3fea8a76-3e4c-4785-b9da-64ed7d421356.jpg\" alt=\"\" width=\"1497\" height=\"989\" \/><span class=\"wp-caption-text\">Martina Kast und Christian von Grumbkow bei einem Interview auf Sylt &#8211; \u00a9 <span class=\"wp-caption-text\">Daria Antsiferova<\/span><\/span><\/div>\n<p>Die Filmemacherin hatte den Wuppertaler Musiker und Maler \u00fcber Monate mit der Kamera begleitet, ihm im Atelier \u00fcber die Schulter geschaut, Vernissagen besucht, Interview mit ihm gef\u00fchrt.<\/p>\n<p>Wer die Premiere verpasst hat, kann den Film demn\u00e4chst zuhause gem\u00fctlich im Heimkino genie\u00dfen. Christian von Grumbkow: \u201eIch bin nach der Premiere von vielen Leuten gefragt worden, ob es das Film-Portrait auch auf DVD gibt? Jetzt kann ich sagen: Ja, es gibt dem Film in K\u00fcrze als DVD und auf USB-Stick.\u201c<\/p>\n<p>Wer also noch ein kulturell hochwertiges Weihnachtsgeschenk sucht\u2026<\/p>\n<div id=\"attachment_70421\" class=\"wp-caption alignnone\" style=\"max-width: 605px;\"><img loading=\"lazy\" decoding=\"async\" class=\"wp-image-70421 size-full\" src=\"\/wp-content\/uploads\/2023\/11\/Plakat_A4-1.jpg\" alt=\"\" width=\"595\" height=\"471\" \/><span class=\"wp-caption-text\">\u00a9 CvG<\/span><\/div>\n<p><strong>Und hier k\u00f6nnen Sie DVD oder Stick bestellen:<\/strong><\/p>\n<p>E-mail: contact@grumbkow-colors.de<\/p>\n<p>DVD oder USB-Stick kosten 17,50 \u20ac plus 2.50 \u20ac f\u00fcr Verpackung und Porto.<\/p>\n<p>\u00dcberweisung an:\u00a0Christian von Grumbkow<\/p>\n<p>DE32 3305 0000 0007 8631 03<\/p>\n<p>&#8222;Filmprojekt&#8220;<\/p>\n<p>&nbsp;<\/p>\n<p><strong>Weitere Infos:<\/strong><\/p>\n<p><a href=\"http:\/\/www.grumbkow-colors.de\">www.grumbkow-colors.de<\/a><\/p>\n<p><a href=\"http:\/\/www.kunst-kurse-coaching.de\">www.kunst-kurse-coaching.de<\/a><\/p>\n<p><a href=\"http:\/\/www.fnwk.de\/\">http:\/\/www.fnwk.de\/<\/a><\/p>\n<p><a href=\"https:\/\/kunst-wald-sturm.jimdosite.com\/\">https:\/\/kunst-wald-sturm.jimdosite.com\/<\/a><\/p>\n<p>&nbsp;<\/p>\n<p style=\"text-align: left;\">\n","protected":false},"excerpt":{"rendered":"<p>Eine Premiere wie gemalt: Die Urauff\u00fchrung der Film-Dokumentation \u201eChristian v. Grumbkow \u2013 Wege zur Farbe\u201c begeisterte rund 300 Besucher im REX-Filmtheater. \u00a0Viel Applaus f\u00fcr Christian von Grumbkow und Martina Kast.<\/p>\n","protected":false},"author":7,"featured_media":0,"comment_status":"open","ping_status":"open","sticky":false,"template":"","format":"standard","meta":{"footnotes":""},"categories":[29],"tags":[],"class_list":["post-70381","post","type-post","status-publish","format-standard","hentry","category-kultur"],"publishpress_future_action":{"enabled":false,"date":"2026-05-05 17:05:03","action":"change-status","newStatus":"draft","terms":[],"taxonomy":"category","extraData":[]},"publishpress_future_workflow_manual_trigger":{"enabledWorkflows":[]},"_links":{"self":[{"href":"https:\/\/www.die-stadtzeitung.de\/index.php\/wp-json\/wp\/v2\/posts\/70381","targetHints":{"allow":["GET"]}}],"collection":[{"href":"https:\/\/www.die-stadtzeitung.de\/index.php\/wp-json\/wp\/v2\/posts"}],"about":[{"href":"https:\/\/www.die-stadtzeitung.de\/index.php\/wp-json\/wp\/v2\/types\/post"}],"author":[{"embeddable":true,"href":"https:\/\/www.die-stadtzeitung.de\/index.php\/wp-json\/wp\/v2\/users\/7"}],"replies":[{"embeddable":true,"href":"https:\/\/www.die-stadtzeitung.de\/index.php\/wp-json\/wp\/v2\/comments?post=70381"}],"version-history":[{"count":10,"href":"https:\/\/www.die-stadtzeitung.de\/index.php\/wp-json\/wp\/v2\/posts\/70381\/revisions"}],"predecessor-version":[{"id":70426,"href":"https:\/\/www.die-stadtzeitung.de\/index.php\/wp-json\/wp\/v2\/posts\/70381\/revisions\/70426"}],"wp:attachment":[{"href":"https:\/\/www.die-stadtzeitung.de\/index.php\/wp-json\/wp\/v2\/media?parent=70381"}],"wp:term":[{"taxonomy":"category","embeddable":true,"href":"https:\/\/www.die-stadtzeitung.de\/index.php\/wp-json\/wp\/v2\/categories?post=70381"},{"taxonomy":"post_tag","embeddable":true,"href":"https:\/\/www.die-stadtzeitung.de\/index.php\/wp-json\/wp\/v2\/tags?post=70381"}],"curies":[{"name":"wp","href":"https:\/\/api.w.org\/{rel}","templated":true}]}}