{"id":70370,"date":"2023-11-20T18:44:35","date_gmt":"2023-11-20T17:44:35","guid":{"rendered":"https:\/\/www.die-stadtzeitung.de\/?p=70370"},"modified":"2023-11-29T07:51:16","modified_gmt":"2023-11-29T06:51:16","slug":"wsv-muss-sich-mit-einem-punkt-zufrieden-geben","status":"publish","type":"post","link":"https:\/\/www.die-stadtzeitung.de\/index.php\/2023\/11\/20\/wsv-muss-sich-mit-einem-punkt-zufrieden-geben\/","title":{"rendered":"WSV muss sich mit einem Punkt zufrieden geben"},"content":{"rendered":"<div id=\"attachment_70376\" class=\"wp-caption alignnone\" style=\"max-width: 2510px;\"><img loading=\"lazy\" decoding=\"async\" class=\"wp-image-70376 size-full\" src=\"\/wp-content\/uploads\/2023\/11\/Classen-25-11-2023-132.jpg\" alt=\"\" width=\"2500\" height=\"1597\" \/><span class=\"wp-caption-text\">Zufriedene Gesichter sehen anders aus: (v.l.) Trainer Andy Steimann, WSV-Sportdirektor Gaetano Manno und Christian Britscho &#8211; \u00a9 Jochen Classen<\/span><\/div>\n<p>In der ersten Halbzeit taten sich beide Mannschaft schwer. Klare Torchancen waren Mangelware. Folgerichtig ging es mit einem 0:0 in die Halbzeitpause.<\/p>\n<p>Nach der Pause nahm die Partie mehr Fahrt auf. In der 55. Minute gingen die Gastgeber durch Kevin Goden mit 1:0 in F\u00fchrung. Drei Minuten sp\u00e4ter standen die D\u00fcrener nur noch mit zehn Mann auf dem Rasen. Meik K\u00fchnel hatte nach wiederholtem Foulspiel die gelb-rote Karte gesehen.<\/p>\n<p>Die Wuppertaler wollten diesen Vorteil ausnutzen, Das Trainergespann wechselte Torj\u00e4ger Charlison Benshop f\u00fcr Kevin Hagemann ein (70.). Das zahlte sich aus. Nur zwei Minuten sp\u00e4ter erzielte Benshop den Ausgleich (72.),<\/p>\n<p>Die G\u00e4ste wollten jetzt mehr, doch die D\u00fcrener retteten den einen Punkt \u00fcber die Zeit. Die Wuppertaler konnten sich \u00fcber das Unentschieden nicht so richtig freuen. Mit 28 Punkten belegt der WSV\u00a0 den 7. Tabellenplatz &#8211; bereits 11 Punkte hinter Spitzenreiter 1. FC Bocholt (39).<\/p>\n<div id=\"attachment_70378\" class=\"wp-caption alignnone\" style=\"max-width: 2510px;\"><img loading=\"lazy\" decoding=\"async\" class=\"size-full wp-image-70378\" src=\"\/wp-content\/uploads\/2023\/11\/Classen-25-11-2023-223.jpg\" alt=\"\" width=\"2500\" height=\"1325\" \/><span class=\"wp-caption-text\">Packende Szene mit (dunkle Trikots v.l.) Dams, Ercan und Berisha &#8211; doch es blieb beim 1:1 &#8211; \u00a9 Jochen Classen<\/span><\/div>\n<p>im 1:1<\/p>\n<h4>1. FC D\u00fcren &#8211; Wuppertaler SV 1:1 (0:0)<\/h4>\n<p><strong>Aufstellung des WSV<\/strong>: Grave &#8211; Hagemann (70. Benschop) &#8211; Terrazzino (90. Hanke) &#8211; Demming (52. Ercan) &#8211; Saric &#8211; Peitz &#8211; Altuntas (70. Dams) &#8211; Beckhoff (90. Berisha) &#8211; Schweers &#8211; G\u00f6ckan &#8211; Marceta<\/p>\n<p><strong>Tore:<\/strong> 1:0 Goden (55.) &#8211; 1:1 Benshop (72.)<\/p>\n<p><strong>Gelb-rote Karte:<\/strong> K\u00fchnel (58.)<\/p>\n","protected":false},"excerpt":{"rendered":"<p>Das erste Spiel nach der Entlassung von Cheftrainer H\u00fczeyfe Dogan &#8211; und wieder kein Sieg. Der Wuppertaler SV kam belm Spiel beim 1. FC D\u00fcren \u00fcber ein 1:1 (0:0) nicht hinaus. Es war das erste Spiel mit dem Interims-Duo Christian Britscho und Andy Steinmann an der Seitenlinie.<\/p>\n","protected":false},"author":7,"featured_media":0,"comment_status":"open","ping_status":"open","sticky":false,"template":"","format":"standard","meta":{"footnotes":""},"categories":[20],"tags":[],"class_list":["post-70370","post","type-post","status-publish","format-standard","hentry","category-sport"],"publishpress_future_action":{"enabled":false,"date":"2026-05-05 05:01:32","action":"change-status","newStatus":"draft","terms":[],"taxonomy":"category","extraData":[]},"publishpress_future_workflow_manual_trigger":{"enabledWorkflows":[]},"_links":{"self":[{"href":"https:\/\/www.die-stadtzeitung.de\/index.php\/wp-json\/wp\/v2\/posts\/70370","targetHints":{"allow":["GET"]}}],"collection":[{"href":"https:\/\/www.die-stadtzeitung.de\/index.php\/wp-json\/wp\/v2\/posts"}],"about":[{"href":"https:\/\/www.die-stadtzeitung.de\/index.php\/wp-json\/wp\/v2\/types\/post"}],"author":[{"embeddable":true,"href":"https:\/\/www.die-stadtzeitung.de\/index.php\/wp-json\/wp\/v2\/users\/7"}],"replies":[{"embeddable":true,"href":"https:\/\/www.die-stadtzeitung.de\/index.php\/wp-json\/wp\/v2\/comments?post=70370"}],"version-history":[{"count":8,"href":"https:\/\/www.die-stadtzeitung.de\/index.php\/wp-json\/wp\/v2\/posts\/70370\/revisions"}],"predecessor-version":[{"id":70380,"href":"https:\/\/www.die-stadtzeitung.de\/index.php\/wp-json\/wp\/v2\/posts\/70370\/revisions\/70380"}],"wp:attachment":[{"href":"https:\/\/www.die-stadtzeitung.de\/index.php\/wp-json\/wp\/v2\/media?parent=70370"}],"wp:term":[{"taxonomy":"category","embeddable":true,"href":"https:\/\/www.die-stadtzeitung.de\/index.php\/wp-json\/wp\/v2\/categories?post=70370"},{"taxonomy":"post_tag","embeddable":true,"href":"https:\/\/www.die-stadtzeitung.de\/index.php\/wp-json\/wp\/v2\/tags?post=70370"}],"curies":[{"name":"wp","href":"https:\/\/api.w.org\/{rel}","templated":true}]}}