{"id":70275,"date":"2023-11-21T17:24:07","date_gmt":"2023-11-21T16:24:07","guid":{"rendered":"https:\/\/www.die-stadtzeitung.de\/?p=70275"},"modified":"2023-11-21T17:45:40","modified_gmt":"2023-11-21T16:45:40","slug":"hilfe-fuer-notleidende-musiker-in-afghanistan","status":"publish","type":"post","link":"https:\/\/www.die-stadtzeitung.de\/index.php\/2023\/11\/21\/hilfe-fuer-notleidende-musiker-in-afghanistan\/","title":{"rendered":"Hilfe f\u00fcr notleidende Musiker in Afghanistan"},"content":{"rendered":"<div class=\"content-box\">\n<div id=\"attachment_70268\" class=\"wp-caption alignnone\" style=\"max-width: 2570px;\"><img loading=\"lazy\" decoding=\"async\" class=\"size-full wp-image-70268\" src=\"\/wp-content\/uploads\/2023\/11\/IMG_8826-scaled.jpg\" alt=\"\" width=\"2560\" height=\"1840\" \/><span class=\"wp-caption-text\">Impressionen vom Benefiz-Festival f\u00fcr notleidende afghanische Musiker in Essen &#8211; \u00a9 Paul Coon<\/span><\/div>\n<p>Beim Netzwerktreffen &#8222;Stadtgespr\u00e4che ruhr&#8220; wurde auf Initiative von Ahmad Jawed eine handsignierte Gitarre von Peter Maffay versteigert.\u00a0 Der Essener Musiker, der in Afghanistan geboren wurde und vor \u00fcber 30 Jahren mit seiner Familie fl\u00fcchten musste, ist seit langem mit dem Super-Star (&#8222;\u00dcber Sieben Br\u00fccken musst Du gehen&#8220;) befreundet.<\/p>\n<p>Gemeinsam haben sie sogar den Song &#8222;Faryad&#8220; (Der Schrei) ver\u00f6ffentlicht. Es ist die afghanisch-deutsche Version von Peter Maffays Hit &#8222;Nessaja&#8220;. Das Video zum Song wurde bereits knapp 40.000 Mal bei YouTube angeklickt.<\/p>\n<p>F\u00fcr stolze 6.000 Euro ersteigerte der Essener Unternehmer Gerald Schiffmann die schmucke, blaue Yamaha-Gitarre. Geld, mit dem Ahmad Jawed viel Gutes tun kann. \u201eMit nur 50 Euro ist eine f\u00fcnfk\u00f6pfige Familie in Afghanistan in der Lage, sich einen Monat lang zu ern\u00e4hren\u201c, rechnet er vor.<\/p>\n<div id=\"attachment_70269\" class=\"wp-caption alignnone\" style=\"max-width: 560px;\"><img loading=\"lazy\" decoding=\"async\" class=\"size-full wp-image-70269\" src=\"\/wp-content\/uploads\/2023\/11\/PHOTO-2023-11-21-10-13-39.jpg\" alt=\"\" width=\"550\" height=\"380\" \/><span class=\"wp-caption-text\">Eine Musikerin undrei Musiker mit afghaniscen Wurzeln auf der B\u00fchne in Essen. Links Initiator Ahmad Jawed &#8211; \u00a9 privat<\/span><\/div>\n<p>Doch damit nicht genug. Beim Benefiz-Gala-Festival\u00a0 \u201eOur voice is our answer!\u201c (Unsere Stimme ist unsere Antwort!), bei dem Musikerinnen und Musiker mit afghanischen Wurzeln aus Deutschland, den Niederlanden und sogar den USA auf der B\u00fchne im \u201eLe Palais Festsaal\u201c in Essen standen, kamen auch noch einmal 4.000 Euro zusammen.<\/p>\n<p>Es war ein stilvolles, emotionales Konzert vor 140 begeisterten Gala-G\u00e4sten. Initiator Ahmad Jawed, der nat\u00fcrlich auch selbst bei dem Charity-Event als Musiker auftrat, war sichtblich bewegt: &#8222;Ich danke allen Zuschauern und auch den Organisatoren wie Pascal f\u00fcr ihre tolle Unterst\u00fctzung. Mit dem Geld kann einer Reihe von notleidenden Musikern in Afghanistan geholfen werden.&#8220;<\/p>\n<p>Ahmad Jawed wollte sich nie allein auf sein gro\u00dfes musikalisches Talent verlassen, deshalb ist er seit \u00fcber 30 Jahren in seiner zweiten Heimat Essen als U-Bahnfahrer unterwegs. Das ist sein sicherer Beruf, die Musik seine Leidenschaft.<\/p>\n<div id=\"attachment_70266\" class=\"wp-caption alignnone\" style=\"max-width: 560px;\"><img loading=\"lazy\" decoding=\"async\" class=\"size-full wp-image-70266\" src=\"\/wp-content\/uploads\/2023\/11\/PHOTO-2023-09-14-15-16-58-2-1-2.jpg\" alt=\"\" width=\"550\" height=\"373\" \/><span class=\"wp-caption-text\">Ahmad Jawed (r.) mit Rock-Star Peter Maffay &#8211; \u00a9 privat<\/span><\/div>\n<p>F\u00fcr Ahmad ist klar: Er wird sich weiterhin mit aller Kraft f\u00fcr die Musiker-Kollegen in seiner ehemaligen Heimat Afghanistan einsetzen &#8211; weiter f\u00fcr sie Konzerte geben, weiter f\u00fcr sie Spenden sammeln.<strong> (pp)<\/strong><\/p>\n<h4>Hier k\u00f6nnen Sie spenden, wenn Sie m\u00f6gen:<\/h4>\n<p>Afghanistan-Hilfe \u2013 Our Voice is our Answer \u2013 Ahmad Jawed<\/p>\n<p>IBAN: DE13<span class=\"Apple-converted-space\">\u00a0 <\/span>3607 0024 0567 8487 00<\/p>\n<p><strong>Link zum Video des Songs \u201eFaryad\u201c \u2013 Peter Maffay &amp; Ahmad Jawed &amp; Shabana:\u00a0<\/strong><\/p>\n<p><a href=\"https:\/\/youtu.be\/CmWUFYgeS78?si=0Qntwak-EpiY0qEE\">https:\/\/youtu.be\/CmWUFYgeS78?si=0Qntwak-EpiY0qEE<\/a><\/p>\n<p>&nbsp;<\/p>\n<div id=\"attachment_70271\" class=\"wp-caption alignnone\" style=\"max-width: 560px;\"><img loading=\"lazy\" decoding=\"async\" class=\"size-full wp-image-70271\" src=\"\/wp-content\/uploads\/2023\/11\/Chorforum_2023_09_00092-2-scaled-1.jpg\" alt=\"\" width=\"550\" height=\"381\" \/><span class=\"wp-caption-text\">Gerald Schiffmann (2.v.l.) ist neuer, stolzer Besitzer der von Peter Maffays handsignierten Gitarre. Freuen sich mit ihm: Organisator Klaus-Peter Reintges (l.), Gastronom Michael Scheil (2.v.r.), der als Auktionator fungierte und STADTGESPR\u00c4CHE ruhr-Gastgeber Dr. Richard Kiessler (r.) \u2013 \u00a9 Fotostudio Essen<\/span><\/div>\n<p>&nbsp;<\/p>\n<\/div>\n<div class=\"anzeigen-box anzeigen-box-horizontal anzahl-4\">\n<div class=\"anzeigen-banner anzeigen-banner-kleinanzeige \">\n<div class=\"bild-banner-image-container\"><\/div>\n<\/div>\n<div class=\"anzeigen-banner anzeigen-banner-kleinanzeige \">\n<div class=\"bild-banner-image-container\"><\/div>\n<\/div>\n<div class=\"anzeigen-banner anzeigen-banner-kleinanzeige \">\n<div class=\"bild-banner-image-container\"><\/div>\n<\/div>\n<\/div>\n","protected":false},"excerpt":{"rendered":"<p>Afghanistan ist seit der R\u00fcckkehr fundamentalistischen Taliban ein stilles, trauriges, trostloses Land. Musik in jeglicher Form ist als Gottesl\u00e4sterung strengstens verboten. Instrumente werden \u00f6ffentlich verbrannt. F\u00fcr Musiker gilt ein absolutes Arbeitsverbot. Viele von ihnen landen als Bettler in der Gosse. Unterst\u00fctzung f\u00fcr sie kommt jetzt aus Essen.<\/p>\n","protected":false},"author":7,"featured_media":0,"comment_status":"open","ping_status":"open","sticky":false,"template":"","format":"standard","meta":{"footnotes":""},"categories":[19],"tags":[],"class_list":["post-70275","post","type-post","status-publish","format-standard","hentry","category-weitblick"],"publishpress_future_action":{"enabled":false,"date":"2026-05-06 11:04:49","action":"change-status","newStatus":"draft","terms":[],"taxonomy":"category","extraData":[]},"publishpress_future_workflow_manual_trigger":{"enabledWorkflows":[]},"_links":{"self":[{"href":"https:\/\/www.die-stadtzeitung.de\/index.php\/wp-json\/wp\/v2\/posts\/70275","targetHints":{"allow":["GET"]}}],"collection":[{"href":"https:\/\/www.die-stadtzeitung.de\/index.php\/wp-json\/wp\/v2\/posts"}],"about":[{"href":"https:\/\/www.die-stadtzeitung.de\/index.php\/wp-json\/wp\/v2\/types\/post"}],"author":[{"embeddable":true,"href":"https:\/\/www.die-stadtzeitung.de\/index.php\/wp-json\/wp\/v2\/users\/7"}],"replies":[{"embeddable":true,"href":"https:\/\/www.die-stadtzeitung.de\/index.php\/wp-json\/wp\/v2\/comments?post=70275"}],"version-history":[{"count":6,"href":"https:\/\/www.die-stadtzeitung.de\/index.php\/wp-json\/wp\/v2\/posts\/70275\/revisions"}],"predecessor-version":[{"id":70283,"href":"https:\/\/www.die-stadtzeitung.de\/index.php\/wp-json\/wp\/v2\/posts\/70275\/revisions\/70283"}],"wp:attachment":[{"href":"https:\/\/www.die-stadtzeitung.de\/index.php\/wp-json\/wp\/v2\/media?parent=70275"}],"wp:term":[{"taxonomy":"category","embeddable":true,"href":"https:\/\/www.die-stadtzeitung.de\/index.php\/wp-json\/wp\/v2\/categories?post=70275"},{"taxonomy":"post_tag","embeddable":true,"href":"https:\/\/www.die-stadtzeitung.de\/index.php\/wp-json\/wp\/v2\/tags?post=70275"}],"curies":[{"name":"wp","href":"https:\/\/api.w.org\/{rel}","templated":true}]}}