{"id":70126,"date":"2023-11-16T15:28:01","date_gmt":"2023-11-16T14:28:01","guid":{"rendered":"https:\/\/www.die-stadtzeitung.de\/?p=70126"},"modified":"2023-11-17T15:28:24","modified_gmt":"2023-11-17T14:28:24","slug":"ob-uwe-schneidewind-las-kids-aus-kinderbuch-vor","status":"publish","type":"post","link":"https:\/\/www.die-stadtzeitung.de\/index.php\/2023\/11\/16\/ob-uwe-schneidewind-las-kids-aus-kinderbuch-vor\/","title":{"rendered":"OB Uwe Schneidewind las Kids aus Kinderbuch vor"},"content":{"rendered":"<header class=\"SP-ArticleHeader\">\n<div class=\"SP-Intro\">\n<div class=\"SP-Grid__wrapper\">\n<div class=\"SP-Grid\">\n<div class=\"SP-Intro__inner\">\n<div id=\"attachment_70129\" class=\"wp-caption alignnone\" style=\"max-width: 1006px;\"><img loading=\"lazy\" decoding=\"async\" class=\"size-full wp-image-70129\" src=\"\/wp-content\/uploads\/2023\/11\/3d7e19252363155717aea64b671f37f9.jpg\" alt=\"\" width=\"996\" height=\"730\" \/><span class=\"wp-caption-text\">Oberb\u00fcrgermeister Dr. Uwe Schneidewind als Vorleser in der Stadtteilbibliothek Barmen &#8211; \u00a9 Stadt Wuppertal<\/span><\/div>\n<p>Die Stadtbibliothek hatte in ihre Zentrale und die Stadtteilbibliotheken zum Vorlesen und Basteln eingeladen. In der Barmer Bibliothek gab es Bilderbuch-Kino und eine Lesung mit dem OB. Oberb\u00fcrgermeister Uwe Schneidewind.<\/p>\n<p>In der Zentralbibliothek \u00fcbernahm Kulturdezernent Matthias Nocke die Rolle des Vorlesers, in den Stadtteilbibliotheken die B\u00fcrgermeister und Bezirksb\u00fcrgermeister.<\/p>\n<\/div>\n<\/div>\n<\/div>\n<\/div>\n<\/header>\n<div class=\"SP-Grid__wrapper\">\n<div class=\"SP-Grid\">\n<article id=\"SP-Content\" class=\"SP-Content\">\n<div class=\"SP-Section\">\n<div>\n<section class=\"SP-Text\">\n<h1 id=\"vorlesefest-seit-2004\" class=\"SP-Headline--paragraph\">Vorlesefest seit 2004<\/h1>\n<div class=\"SP-Paragraph\" data-sp-table=\"\" data-sp-table-bootstrapped=\"sp-7\">\n<p>Seit 2004 ist der bundesweite Vorlesetag Deutschlands gr\u00f6\u00dftes Vorlesefest und ruft auf gemeinsame Initiative der Wochenzeitung DIE ZEIT, der Stiftung Lesen und der Deutsche Bahn Stiftung jedes Jahr im November zum Vorlesen auf.<\/p>\n<p>In diesem Jahr lautete das Motto \u201eVorlesen verbindet\u201c. Mit dem Vorlesetag soll die Bedeutung des Vorlesens verdeutlicht werden, Kindern und ihren Eltern Lust aufs Lesen machen. Lesen und Textverst\u00e4ndnis sind wichtige Voraussetzungen, um in der Schule erfolgreich zu sein.<\/p>\n<\/div>\n<\/section>\n<\/div>\n<\/div>\n<\/article>\n<\/div>\n<\/div>\n","protected":false},"excerpt":{"rendered":"<p>Rittereulen, Drachen oder ein gelangweilter Dachs: Am bundesweiten Vorlesetag nahm Oberb\u00fcrgermeister Dr. Uwe Schneidewind h\u00f6chsterpers\u00f6nlich ein Buch in die Hand und las den Erst- und Zweitkl\u00e4sslern der Grundschule Germanenstra\u00dfe aus dem Kinderbuch \u201eZari und Nivaan. Die Geschichte einer Flucht\u201c vor.<\/p>\n","protected":false},"author":7,"featured_media":0,"comment_status":"open","ping_status":"open","sticky":false,"template":"","format":"standard","meta":{"footnotes":""},"categories":[24],"tags":[],"class_list":["post-70126","post","type-post","status-publish","format-standard","hentry","category-wuppertal"],"publishpress_future_action":{"enabled":false,"date":"2026-05-06 11:02:34","action":"change-status","newStatus":"draft","terms":[],"taxonomy":"category","extraData":[]},"publishpress_future_workflow_manual_trigger":{"enabledWorkflows":[]},"_links":{"self":[{"href":"https:\/\/www.die-stadtzeitung.de\/index.php\/wp-json\/wp\/v2\/posts\/70126","targetHints":{"allow":["GET"]}}],"collection":[{"href":"https:\/\/www.die-stadtzeitung.de\/index.php\/wp-json\/wp\/v2\/posts"}],"about":[{"href":"https:\/\/www.die-stadtzeitung.de\/index.php\/wp-json\/wp\/v2\/types\/post"}],"author":[{"embeddable":true,"href":"https:\/\/www.die-stadtzeitung.de\/index.php\/wp-json\/wp\/v2\/users\/7"}],"replies":[{"embeddable":true,"href":"https:\/\/www.die-stadtzeitung.de\/index.php\/wp-json\/wp\/v2\/comments?post=70126"}],"version-history":[{"count":3,"href":"https:\/\/www.die-stadtzeitung.de\/index.php\/wp-json\/wp\/v2\/posts\/70126\/revisions"}],"predecessor-version":[{"id":70130,"href":"https:\/\/www.die-stadtzeitung.de\/index.php\/wp-json\/wp\/v2\/posts\/70126\/revisions\/70130"}],"wp:attachment":[{"href":"https:\/\/www.die-stadtzeitung.de\/index.php\/wp-json\/wp\/v2\/media?parent=70126"}],"wp:term":[{"taxonomy":"category","embeddable":true,"href":"https:\/\/www.die-stadtzeitung.de\/index.php\/wp-json\/wp\/v2\/categories?post=70126"},{"taxonomy":"post_tag","embeddable":true,"href":"https:\/\/www.die-stadtzeitung.de\/index.php\/wp-json\/wp\/v2\/tags?post=70126"}],"curies":[{"name":"wp","href":"https:\/\/api.w.org\/{rel}","templated":true}]}}