{"id":69735,"date":"2023-11-07T14:35:52","date_gmt":"2023-11-07T13:35:52","guid":{"rendered":"https:\/\/www.die-stadtzeitung.de\/?p=69735"},"modified":"2023-11-07T14:35:52","modified_gmt":"2023-11-07T13:35:52","slug":"dr-anna-storm-neue-stellvertretende-museumsdirektorin","status":"publish","type":"post","link":"https:\/\/www.die-stadtzeitung.de\/index.php\/2023\/11\/07\/dr-anna-storm-neue-stellvertretende-museumsdirektorin\/","title":{"rendered":"Dr. Anna Storm neue stellvertretende Museumsdirektorin"},"content":{"rendered":"<div id=\"attachment_69738\" class=\"wp-caption alignnone\" style=\"max-width: 1640px;\"><img loading=\"lazy\" decoding=\"async\" class=\"size-full wp-image-69738\" src=\"\/wp-content\/uploads\/2023\/11\/Anna_Storm.jpg\" alt=\"\" width=\"1630\" height=\"1260\" \/><span class=\"wp-caption-text\">Dr. Anna Storm, die neue Stellvertretende Direktorin des Von der Heydt-Museums &#8211; \u00a9 Antje Zeis-Loi<\/span><\/div>\n<p>Dr. Antje Birth\u00e4lmer arbeitete seit 1987 f\u00fcr das Von der Heydt-Museum, ab 1996 als stellvertretende Museumsdirektorin. Von 2019 bis 2020 leitete sie das Museum kommissarisch. Sie betreute die Grafik- und die Gem\u00e4ldesammlung des Museums und kuratierte zahlreiche Ausstellungen, die bei Presse und Publikum gro\u00dfen Anklang fanden \u2013 zuletzt gemeinsam mit Museumsdirektor Dr. Roland M\u00f6nig die Ausstellung \u201ePablo Picasso | Max Beckmann. Mensch \u2013 Mythos \u2013 Welt\u201c.<\/p>\n<p>Dr. Roland M\u00f6nig: \u201eMit dem Ausscheiden von Frau Dr. Birth\u00e4lmer aus dem Dienst geht f\u00fcr das Museum nach 36 Jahren eine Epoche zu Ende. Ihre engagierte wissenschaftliche und kuratorische Arbeit hat tiefe Spuren in der langen Geschichte des Hauses hinterlassen.\u201c<\/p>\n<div id=\"attachment_34131\" class=\"wp-caption alignnone\" style=\"max-width: 2570px;\"><img loading=\"lazy\" decoding=\"async\" class=\"size-full wp-image-34131\" src=\"\/wp-content\/uploads\/2021\/03\/Von_der_Heydt-Museum-scaled.jpg\" alt=\"\" width=\"2560\" height=\"1920\" \/><span class=\"wp-caption-text\">Das Von der Heydt-Museum &#8211; \u00a9 Von der Heydt-Museum<\/span><\/div>\n<p>Nun \u00fcbernimm Dr. Anna Storm die Position der stellvertretenden Museumsdirektorin. Die Kunsthistorikerin (geb. 1986) ist seit 2017 als Kuratorin und wissenschaftliche Mitarbeiterin im Von der Heydt-Museum t\u00e4tig. Sie studierte Kunstgeschichte und Medienwissenschaft an der Ruhr-Universit\u00e4t Bochum und wurde 2019 an der Leuphana Universit\u00e4t L\u00fcneburg mit einer Arbeit zu der deutschen Malerin Helene Funke (1869\u20131957) promoviert.<\/p>\n<p>Ihre Forschungsschwerpunkte sind die deutsche und franz\u00f6sische Malerei des 19. und 20. Jahrhunderts, K\u00fcnstlerinnensozialgeschichte und feministische Kunst bis zur Gegenwart sowie Rezeptions\u00e4sthetik und -geschichte.<\/p>\n<p>Im Dienst des Von der Heydt-Museums kuratierte sie bereits diverse Ausstellungen, u. a. zu Bogomir Ecker (Kunsthalle Barmen, 2018\/19), Peter Schenck (2019), Hannsj\u00f6rg Voth (2020\/21) und Senga Nengudi (2022\/23). Sie war Co-Kuratorin der Sonderausstellung \u201eBr\u00fccke und Blauer Reiter\u201c (2021\/22) und zuletzt Kuratorin der Ausstellungen \u201eGoldene Zeiten\u201c (2021\/22) und \u201eFremde sind wir uns selbst\u201c (2022\/23).<\/p>\n<div id=\"attachment_51161\" class=\"wp-caption alignnone\" style=\"max-width: 2570px;\"><img loading=\"lazy\" decoding=\"async\" class=\"size-full wp-image-51161\" src=\"\/wp-content\/uploads\/2022\/04\/Dr.Moenig-scaled.jpg\" alt=\"\" width=\"2560\" height=\"1707\" \/><span class=\"wp-caption-text\">Dr. Roland M\u00f6nig, Direktor des Von der Heydt-Museums &#8211; \u00a9 Ralf Silberkuhl<\/span><\/div>\n<p>Dr. Anna Storm betreut als Sammlungsleiterin die grafische und fotografische Abteilung und leitet den Bereich der Digitalisierung. Ihre wissenschaftliche Arbeit hat sich niedergeschlagen in zahlreichen Aufs\u00e4tzen und Artikeln.<\/p>\n<p><strong>Link zur Webseite des Von der Heydt-Museums:<\/strong><\/p>\n<p><a href=\"http:\/\/www.von-der-heydt-museum.de\/\">http:\/\/www.von-der-heydt-museum.de\/<\/a><\/p>\n<p>&nbsp;<\/p>\n","protected":false},"excerpt":{"rendered":"<p>Dr. Anna Storm hat zum 01. November die Position der stellvertretenden Museumsdirektorin des Von der Heydt-Museums Wuppertal von Dr. Antje Birth\u00e4lmer \u00fcbernommen, die Ende Oktober in den verdienten Ruhestand getreten ist.<\/p>\n","protected":false},"author":7,"featured_media":0,"comment_status":"open","ping_status":"open","sticky":false,"template":"","format":"standard","meta":{"footnotes":""},"categories":[29],"tags":[],"class_list":["post-69735","post","type-post","status-publish","format-standard","hentry","category-kultur"],"publishpress_future_action":{"enabled":false,"date":"2026-05-08 19:26:40","action":"change-status","newStatus":"draft","terms":[],"taxonomy":"category","extraData":[]},"publishpress_future_workflow_manual_trigger":{"enabledWorkflows":[]},"_links":{"self":[{"href":"https:\/\/www.die-stadtzeitung.de\/index.php\/wp-json\/wp\/v2\/posts\/69735","targetHints":{"allow":["GET"]}}],"collection":[{"href":"https:\/\/www.die-stadtzeitung.de\/index.php\/wp-json\/wp\/v2\/posts"}],"about":[{"href":"https:\/\/www.die-stadtzeitung.de\/index.php\/wp-json\/wp\/v2\/types\/post"}],"author":[{"embeddable":true,"href":"https:\/\/www.die-stadtzeitung.de\/index.php\/wp-json\/wp\/v2\/users\/7"}],"replies":[{"embeddable":true,"href":"https:\/\/www.die-stadtzeitung.de\/index.php\/wp-json\/wp\/v2\/comments?post=69735"}],"version-history":[{"count":5,"href":"https:\/\/www.die-stadtzeitung.de\/index.php\/wp-json\/wp\/v2\/posts\/69735\/revisions"}],"predecessor-version":[{"id":69741,"href":"https:\/\/www.die-stadtzeitung.de\/index.php\/wp-json\/wp\/v2\/posts\/69735\/revisions\/69741"}],"wp:attachment":[{"href":"https:\/\/www.die-stadtzeitung.de\/index.php\/wp-json\/wp\/v2\/media?parent=69735"}],"wp:term":[{"taxonomy":"category","embeddable":true,"href":"https:\/\/www.die-stadtzeitung.de\/index.php\/wp-json\/wp\/v2\/categories?post=69735"},{"taxonomy":"post_tag","embeddable":true,"href":"https:\/\/www.die-stadtzeitung.de\/index.php\/wp-json\/wp\/v2\/tags?post=69735"}],"curies":[{"name":"wp","href":"https:\/\/api.w.org\/{rel}","templated":true}]}}