{"id":69164,"date":"2023-10-18T09:50:04","date_gmt":"2023-10-18T07:50:04","guid":{"rendered":"https:\/\/www.die-stadtzeitung.de\/?p=69164"},"modified":"2023-10-18T09:50:04","modified_gmt":"2023-10-18T07:50:04","slug":"faszinierender-film-ueber-boltzmann-in-tunesien-praesentiert","status":"publish","type":"post","link":"https:\/\/www.die-stadtzeitung.de\/index.php\/2023\/10\/18\/faszinierender-film-ueber-boltzmann-in-tunesien-praesentiert\/","title":{"rendered":"Faszinierender Film \u00fcber Boltzmann in Tunesien pr\u00e4sentiert"},"content":{"rendered":"<div id=\"attachment_69167\" class=\"wp-caption alignnone\" style=\"max-width: 2570px;\"><img loading=\"lazy\" decoding=\"async\" class=\"wp-image-69167 size-full\" src=\"\/wp-content\/uploads\/2023\/10\/image0-scaled.jpeg\" alt=\"\" width=\"2560\" height=\"1497\" \/><span class=\"wp-caption-text\">Der Film \u201eLudwig Eduard Boltzmann &#8211; the role of chaos in thermodynamics\u201c wird in Hammamet pr\u00e4sentiert &#8211; \u00a9 Ralf Silberkuhl<\/span><\/div>\n<p>Mehr als 70 Wissenschaftlerinnen und Wissenschaftler aus aller Welt haben sich in Hammamet getroffen, um ihre neuesten Erkenntnisse zu teilen und zu diskutieren. Neben einer Vielzahl von hochkar\u00e4tigen Vortr\u00e4gen war der in Wuppertal produzierte Film \u00fcber das Werk des \u00f6sterreichischen Physikers und Mathematikers Ludwig Eduard Boltzmann einer der H\u00f6hepunkte der Tagung. Erstmals wurde mit Ralf Silberkuhl ein Filmemacher zu dieser seit 2001 j\u00e4hrlich stattfindenden Konferenz eingeladen.<\/p>\n<p>Idee und Umsetzung des Filmprojekts waren eine Kooperation der Mathematik-Professorin Dr. Barbara R\u00fcdiger mit dem Choreografen Jean Laurent Sasportes (u.a. Pina Bausch Tanztheater) und dem Fotografen und Filmemacher Ralf Silberkuhl.<\/p>\n<div id=\"attachment_69166\" class=\"wp-caption alignnone\" style=\"max-width: 560px;\"><img loading=\"lazy\" decoding=\"async\" class=\"wp-image-69166\" src=\"\/wp-content\/uploads\/2023\/10\/image2-scaled.jpeg\" alt=\"\" width=\"550\" height=\"328\" \/><span class=\"wp-caption-text\">Prof. Dr. Barbara R\u00fcdiger steht bei der Konferenz Rede und Antwort &#8211; \u00a9 Ralf Silberkuhl<\/span><\/div>\n<p>Das Werk, das zum Abschluss des ersten Konferenztages gezeigt wurde, beeindruckte die Teilnehmer mit seiner t\u00e4nzerischen Darstellung der thermodynamischen Prozesse, die auf den bahnbrechenden Erkenntnissen von Ludwig Boltzmann basieren. Die Mathematik-Experten zeigten sich sichtlich \u00fcberrascht und beeindruckt von der kreativen Umsetzung und der poetischen Interpretation, die eine innovative Verbindung zwischen Wissenschaft und Kunst schuf.<\/p>\n<p>Prof. Barbara R\u00fcdiger, eine Expertin auf dem Gebiet, erkl\u00e4rte die komplexen Prozesse und schlug eine Br\u00fccke zwischen der wissenschaftlichen Theorie und der \u00e4sthetischen Darstellung im Film. Die Pr\u00e4sentation des Films l\u00f6ste eine lebhafte Diskussion aus, mit zahlreichen interessierten Fragen zur Forschung von Prof. Dr. Barbara R\u00fcdiger sowie zur filmischen Interpretation von Ludwig Boltzmanns bahnbrechenden Erkenntnissen.<\/p>\n<div id=\"attachment_69168\" class=\"wp-caption alignnone\" style=\"max-width: 561px;\"><img loading=\"lazy\" decoding=\"async\" class=\"wp-image-69168\" src=\"\/wp-content\/uploads\/2023\/10\/image5-scaled.jpeg\" alt=\"\" width=\"551\" height=\"330\" \/><span class=\"wp-caption-text\">Gruppenbild der Konferenzteilnehmer &#8211; \u00a9 Ralf Silberkuhl<\/span><\/div>\n<p>Die Konferenz setzt ihre intensiven Diskussionen und Pr\u00e4sentationen mit der Wuppertaler Wissenschaftlerin Prof. Dr. Barbara R\u00fcdiger noch bis zum Konferenz-Ende am \u00a020.10.2023 fort. Der Filmemacher Ralf Silberkuhl hat inzwischen mit wertvollen Eindr\u00fccken und vielen positiven n Erfahrungen im Gep\u00e4ck die Heimreise angetreten.<strong> (rs)<\/strong><\/p>\n<div id=\"attachment_69169\" class=\"wp-caption alignnone\" style=\"max-width: 411px;\"><img loading=\"lazy\" decoding=\"async\" class=\"wp-image-69169\" src=\"\/wp-content\/uploads\/2023\/10\/image4-scaled.jpeg\" alt=\"\" width=\"401\" height=\"288\" \/><span class=\"wp-caption-text\">Die Ank\u00fcndgung des in Wuppertal produzierten Boltzmann-Films &#8211; \u00a9 Ralf Silberkuhl<\/span><\/div>\n<p>&nbsp;<\/p>\n<p>&nbsp;<\/p>\n<p>&nbsp;<\/p>\n","protected":false},"excerpt":{"rendered":"<p>Der Film \u201eLudwig Eduard Boltzmann &#8211; the role of chaos in thermodynamics\u201c, der auf der renommierten Konferenz &#8222;Stochastics in Mathematical Finance and Physics&#8220; in Hammamet (Tunesien) pr\u00e4sentiert wurde, hat die fachkundigen Zuschauerinnen und Zuschauer begeistert und tief beeindruckt.<\/p>\n","protected":false},"author":7,"featured_media":0,"comment_status":"open","ping_status":"open","sticky":false,"template":"","format":"standard","meta":{"footnotes":""},"categories":[29],"tags":[],"class_list":["post-69164","post","type-post","status-publish","format-standard","hentry","category-kultur"],"publishpress_future_action":{"enabled":false,"date":"2026-05-09 12:50:27","action":"change-status","newStatus":"draft","terms":[],"taxonomy":"category","extraData":[]},"publishpress_future_workflow_manual_trigger":{"enabledWorkflows":[]},"_links":{"self":[{"href":"https:\/\/www.die-stadtzeitung.de\/index.php\/wp-json\/wp\/v2\/posts\/69164","targetHints":{"allow":["GET"]}}],"collection":[{"href":"https:\/\/www.die-stadtzeitung.de\/index.php\/wp-json\/wp\/v2\/posts"}],"about":[{"href":"https:\/\/www.die-stadtzeitung.de\/index.php\/wp-json\/wp\/v2\/types\/post"}],"author":[{"embeddable":true,"href":"https:\/\/www.die-stadtzeitung.de\/index.php\/wp-json\/wp\/v2\/users\/7"}],"replies":[{"embeddable":true,"href":"https:\/\/www.die-stadtzeitung.de\/index.php\/wp-json\/wp\/v2\/comments?post=69164"}],"version-history":[{"count":2,"href":"https:\/\/www.die-stadtzeitung.de\/index.php\/wp-json\/wp\/v2\/posts\/69164\/revisions"}],"predecessor-version":[{"id":69171,"href":"https:\/\/www.die-stadtzeitung.de\/index.php\/wp-json\/wp\/v2\/posts\/69164\/revisions\/69171"}],"wp:attachment":[{"href":"https:\/\/www.die-stadtzeitung.de\/index.php\/wp-json\/wp\/v2\/media?parent=69164"}],"wp:term":[{"taxonomy":"category","embeddable":true,"href":"https:\/\/www.die-stadtzeitung.de\/index.php\/wp-json\/wp\/v2\/categories?post=69164"},{"taxonomy":"post_tag","embeddable":true,"href":"https:\/\/www.die-stadtzeitung.de\/index.php\/wp-json\/wp\/v2\/tags?post=69164"}],"curies":[{"name":"wp","href":"https:\/\/api.w.org\/{rel}","templated":true}]}}