{"id":69145,"date":"2023-10-17T18:26:36","date_gmt":"2023-10-17T16:26:36","guid":{"rendered":"https:\/\/www.die-stadtzeitung.de\/?p=69145"},"modified":"2024-01-30T22:56:02","modified_gmt":"2024-01-30T21:56:02","slug":"michael-wessel-setzt-bei-der-cdu-auf-frischen-wind","status":"publish","type":"post","link":"https:\/\/www.die-stadtzeitung.de\/index.php\/2023\/10\/17\/michael-wessel-setzt-bei-der-cdu-auf-frischen-wind\/","title":{"rendered":"Michael Wessel setzt bei der CDU auf frischen Wind"},"content":{"rendered":"<div id=\"attachment_43425\" class=\"wp-caption alignnone\" style=\"max-width: 432px;\"><img loading=\"lazy\" decoding=\"async\" class=\"size-full wp-image-43425\" src=\"\/wp-content\/uploads\/2021\/11\/MG_3002-2.jpeg\" alt=\"\" width=\"422\" height=\"307\" \/><span class=\"wp-caption-text\">Michael Wessel, CDU-Faktionsvorsitzender in Wuppertal &#8211; \u00a9 Pflege Wessel<\/span><\/div>\n<p>Der Unternehmer in der Pflegebranche gab aus diesem Grunde ein eindeutiges Statement ab: \u201eAls Fraktionsvorsitzender w\u00fcnsche ich mir eine deutlich verj\u00fcngte CDU-Spitze f\u00fcr Wuppertal. Bei der Wahl um den Vorsitz der Kreispartei im November sollte frischer Wind in die Partei wehen, denn Stillstand gab es schon viel zu lange. Die CDU braucht dringend einen Neuanfang mit jemandem, der die Probleme in Stadtentwicklung, Infrastruktur und vor allem die gesellschaftlichen Schwierigkeiten genau kennt, mit den B\u00fcrgerinnen und B\u00fcrgern auf Augenh\u00f6he im Dialog ist und unsere Stadt mit neuen Ideen nach vorn bringt. Ambitionen und Engagement sind dringend erforderlich, um Wuppertal attraktiv und lebenswert zu machen\u201c, sagt Michael Wessel.<\/p>\n<p>Die erfahrenen Parteimitglieder w\u00fcnscht sich Wessel unterst\u00fctzend im Hintergrund, denn mit ihrem Wissen um die Belange der Stadt k\u00f6nnen sie hervorragend die Funktion der Mentoren \u00fcbernehmen.<\/p>\n<div id=\"attachment_56587\" class=\"wp-caption alignnone\" style=\"max-width: 372px;\"><img loading=\"lazy\" decoding=\"async\" class=\" wp-image-56587\" src=\"\/wp-content\/uploads\/2016\/03\/d0eab08c2dc45035dfbf9c074eccfd00-2.jpeg\" alt=\"\" width=\"362\" height=\"255\" \/><span class=\"wp-caption-text\">Dr. Johannes Slawig &#8211; \u00a9 @assunta_jaeger<\/span><\/div>\n<p>&nbsp;<\/p>\n<p>&nbsp;<\/p>\n","protected":false},"excerpt":{"rendered":"<p>Amtsinhaber Gregor Ahlmann will im November nicht mehr f\u00fcr den CDU-Kreisverbandsvorsitz kandidieren. Inzwischen hat Dr. Johannes Skawig, ehemaliger Dezernent und K\u00e4mmerer der Stadt Wuppertal, seine Bereitschaft erkl\u00e4rt, f\u00fcr dieses Amt zu kandidieren. Doch der CDU_Fraktionsvorsitzende Michael Wessel hat da andere Vostellunge m\u00f6chte lieber auf die Jugend setzen.<\/p>\n","protected":false},"author":7,"featured_media":0,"comment_status":"open","ping_status":"open","sticky":false,"template":"","format":"standard","meta":{"footnotes":""},"categories":[26],"tags":[],"class_list":["post-69145","post","type-post","status-publish","format-standard","hentry","category-politik"],"publishpress_future_action":{"enabled":false,"date":"2026-05-08 01:11:58","action":"change-status","newStatus":"draft","terms":[],"taxonomy":"category","extraData":[]},"publishpress_future_workflow_manual_trigger":{"enabledWorkflows":[]},"_links":{"self":[{"href":"https:\/\/www.die-stadtzeitung.de\/index.php\/wp-json\/wp\/v2\/posts\/69145","targetHints":{"allow":["GET"]}}],"collection":[{"href":"https:\/\/www.die-stadtzeitung.de\/index.php\/wp-json\/wp\/v2\/posts"}],"about":[{"href":"https:\/\/www.die-stadtzeitung.de\/index.php\/wp-json\/wp\/v2\/types\/post"}],"author":[{"embeddable":true,"href":"https:\/\/www.die-stadtzeitung.de\/index.php\/wp-json\/wp\/v2\/users\/7"}],"replies":[{"embeddable":true,"href":"https:\/\/www.die-stadtzeitung.de\/index.php\/wp-json\/wp\/v2\/comments?post=69145"}],"version-history":[{"count":6,"href":"https:\/\/www.die-stadtzeitung.de\/index.php\/wp-json\/wp\/v2\/posts\/69145\/revisions"}],"predecessor-version":[{"id":72199,"href":"https:\/\/www.die-stadtzeitung.de\/index.php\/wp-json\/wp\/v2\/posts\/69145\/revisions\/72199"}],"wp:attachment":[{"href":"https:\/\/www.die-stadtzeitung.de\/index.php\/wp-json\/wp\/v2\/media?parent=69145"}],"wp:term":[{"taxonomy":"category","embeddable":true,"href":"https:\/\/www.die-stadtzeitung.de\/index.php\/wp-json\/wp\/v2\/categories?post=69145"},{"taxonomy":"post_tag","embeddable":true,"href":"https:\/\/www.die-stadtzeitung.de\/index.php\/wp-json\/wp\/v2\/tags?post=69145"}],"curies":[{"name":"wp","href":"https:\/\/api.w.org\/{rel}","templated":true}]}}