{"id":68834,"date":"2023-10-02T08:53:03","date_gmt":"2023-10-02T06:53:03","guid":{"rendered":"https:\/\/www.die-stadtzeitung.de\/?p=68834"},"modified":"2023-10-16T21:15:23","modified_gmt":"2023-10-16T19:15:23","slug":"bhc-empfaengt-melsungen-letzter-gegen-den-ersten","status":"publish","type":"post","link":"https:\/\/www.die-stadtzeitung.de\/index.php\/2023\/10\/02\/bhc-empfaengt-melsungen-letzter-gegen-den-ersten\/","title":{"rendered":"BHC empf\u00e4ngt Melsungen: Letzter gegen den Ersten"},"content":{"rendered":"<div class=\"page\" title=\"Page 1\">\n<div class=\"layoutArea\">\n<div class=\"column\">\n<div id=\"attachment_61526\" class=\"wp-caption alignnone\" style=\"max-width: 2570px;\"><img loading=\"lazy\" decoding=\"async\" class=\"size-full wp-image-61526\" src=\"\/wp-content\/uploads\/2023\/03\/Stutzke-2-Jichen-Classen--scaled.jpg\" alt=\"\" width=\"2560\" height=\"1706\" \/><span class=\"wp-caption-text\">Lukas Stutzke (M.) steht gegen Melsungen wieder zur Verf\u00fcgung &#8211; \u00a9 Archivfoto Jochen Classen<\/span><\/div>\n<p>Der MT Melsungen trat bislang extrem dominant auf: Sieben Spiele, sieben Siege, 14:0 Punkte, \u00a0Dagegen die ern\u00fcchternde \u00a0der Gastgeber: Sieben Spiele, sechs Niederlagen, ein Weg, 2:12 Punkte. Das man von dieser Ausgangsposition von BHC-Seite nicht gerechnet hat, l\u00e4sst sich von der Tatsache ablesen, dass diese Partie nicht in einer der grossen D\u00fcsseldorfer Arenen, sondern in der Unihalle stattfindet.<\/p>\n<\/div>\n<\/div>\n<div class=\"layoutArea\">\n<div class=\"column\">\n<p>Die MT gewann sogar beim THW Kiel mit 35:30 und hatte zu Hause nur gegen den SC DHfK Leipzig (28:27) etwas Mu\u0308he. &#8222;Melsungen ist deutlich sta\u0308rker als voriges Jahr. Wir sind da klarer Underdog. Aber das waren wir auch in Flensburg und gegen Berlin. Da waren wir dran &#8211; also warum sollte am Samstag nichts drin sein?&#8220;, fragt Jamal Naji. Dem Selbstvertrauen hat der Achtelfinal-Einzug sicher nicht geschadet. &#8222;Ich will mich auch davon freimachen, dass es gegen einen Zweitligisten war. Es geht darum, wie wir das gemeistert haben.&#8220;<\/p>\n<p>Zu Beginn gefiel dem Coach das Abwehrspiel besonders gut. Daraus entstand ein gutes Tempospiel, und auch die dritte Welle, zum Beispiel nach der schnellen Mitte, hat Naji sehr gut gefallen. &#8222;Wir konnten auch oft hohes Tempo gehen, weil wir mit Lukas Stutzke eine Innenblock- Option mehr hatten im Vergleich zum Spiel in Flensburg.<\/p>\n<div id=\"attachment_55969\" class=\"wp-caption alignnone\" style=\"max-width: 661px;\"><img loading=\"lazy\" decoding=\"async\" class=\" wp-image-55969\" src=\"\/wp-content\/uploads\/2022\/10\/Linus-Arnesson-Jochen-Classen-2-1024x545-2.jpeg\" alt=\"\" width=\"651\" height=\"463\" \/><span class=\"wp-caption-text\">Kapit\u00e4n Linus Arnesson steht dem BHC gegen Melsungen nicht zur Verf\u00fcgung \u2013 \u00a9 Archivfoto Jochen Classen<\/span><\/div>\n<p>So konnten wir im Zentrum mehr rotieren&#8220;, erla\u0308utert der 37-Ja\u0308hrige, der nun auf ein Heimspiel in der na\u0308chsten Runde hofft. Ausgelost wird am Montagabend in Eisenach. In der Halbzeitpause des Duells zwischen dem gastgebenden ThSV und den Rhein-Neckar Lo\u0308wen werden die acht Paarungen ermittelt.<\/p>\n<p>Gerne wa\u0308ren die Lo\u0308wen zu diesem Zeitpunkt schon nicht mehr Tabellenletzter. Dafu\u0308r ist allerdings zumindest ein Punkt am Samstagabend gegen den Spitzenreiter no\u0308tig. Wir schwierig das wird, ist natu\u0308rlich auch Naji klar: &#8222;Melsungen spielt eine fantastische Saison. Sie haben sehr viele clevere Verpflichtungen geta\u0308tigt, treten sehr selbstbewusst auf.&#8220; Im Pokal mussten die Nordhessen beim Dessau-Ro\u00dflauer HV an, lagen zur Pause 12:17 hinten, gewannen aber noch 31:28. &#8222;Mir war klar, dass die MT noch Lo\u0308sungen finden wird, weil sie einfach die Qualita\u0308t haben. Und so kam es dann auch.&#8220;<\/p>\n<h4>Melsunger Kader hervorragend besetzt<\/h4>\n<p>Der Melsunger Kader ist Jahr fu\u0308r Jahr herausragend besetzt, doch sportlich la\u0308uft es eben erst in dieser Spielzeit so richtig rund. Der 2,15 Meter gro\u00dfe Linksha\u0308nder Dainis Kristopans kam im Sommer von Paris Saint-Germain und ist in seinem ersten la\u0308ngeren Bundesliga-Engagement gleich voll eingeschlagen. &#8222;Ko\u0308nigstransfer war fu\u0308r mich aber Erik Balenciaga. Er bringt eine unheimlich gute Struktur in die Truppe&#8220;, sagt Naji u\u0308ber den neuen spanischen Spielmacher.<\/p>\n<p>Im Angriff sei die MT sehr gut darin, die Sta\u0308rken ihre Einzelspieler zu nutzen. Elvar Jonssons Zweikampf-Qualita\u0308ten nutzt die Mannschaft zum Beispiel immer wieder effektiv. Naji: &#8222;In der Deckung verteidigt die MT sehr variabel und setzt den Gegner fru\u0308h unter Druck.&#8220; Dazu pariert Nebojsa Simic bislang 32,5 Prozent der Ba\u0308lle auf sein Tor.<\/p>\n<\/div>\n<\/div>\n<\/div>\n<div class=\"page\" title=\"Page 2\">\n<div class=\"layoutArea\">\n<div class=\"column\">\n<p>Der BHC hofft trotzdem auf eine U\u0308berraschung und will dabei auch mehreren Ausfa\u0308llen trotzen. Neben Elias Scholtes und Tom Kare Nikolaisen fehlt definitiv Kapita\u0308n Linus Arnesson mit einer Oberschenkelverletzung. Yannick Fraatz hat sich eine Gehirnerschu\u0308tterung zugezogen, so dass sein Einsatz wohl unmo\u0308glich sein wird. &#8220;<\/p>\n<p>Aber Lukas Stutzke ist nach seiner Krankheit hoffentlich wieder bei 100 Prozent&#8220;, meint Naji, der sich erneut Versta\u0308rkung aus der zweiten Mannschaft und der A-Jugend holt. Der 17-ja\u0308hrige Linksha\u0308nder Leander Altena ist dabei, und Ivo Santos hat sogar einen HBL-Vertrag erhalten. Ohne diesen du\u0308rfen Amateure nur vier Mal in der LIQUI MOLY HBL aushelfen.<\/p>\n<p>Tickets fu\u0308r das Match am Samstag sind noch im Ticketshop unter www.bhctickets.de verfu\u0308gbar. Die Abendkasse am Spieltag o\u0308ffnet ab 17:30 Uhr.<\/p>\n<\/div>\n<\/div>\n<\/div>\n","protected":false},"excerpt":{"rendered":"<p>Das hatten sich die Verantwortlichen des Bergischen HC vor Beginn der Saison auch ganz anders vorgestellt. Aber die HBL-Tabelle l\u00fcgt nicht. Am Samstag (07.10.) um 19 Uhr empf\u00e4ngt der \u00dcberraschungs-Tabellenletzte BHC den \u00dcberraschungs-Tabellenf\u00fchrer MT Melsungen in der Unihalle.<\/p>\n","protected":false},"author":7,"featured_media":0,"comment_status":"open","ping_status":"open","sticky":false,"template":"","format":"standard","meta":{"footnotes":""},"categories":[20],"tags":[],"class_list":["post-68834","post","type-post","status-publish","format-standard","hentry","category-sport"],"publishpress_future_action":{"enabled":false,"date":"2026-05-06 11:03:15","action":"change-status","newStatus":"draft","terms":[],"taxonomy":"category","extraData":[]},"publishpress_future_workflow_manual_trigger":{"enabledWorkflows":[]},"_links":{"self":[{"href":"https:\/\/www.die-stadtzeitung.de\/index.php\/wp-json\/wp\/v2\/posts\/68834","targetHints":{"allow":["GET"]}}],"collection":[{"href":"https:\/\/www.die-stadtzeitung.de\/index.php\/wp-json\/wp\/v2\/posts"}],"about":[{"href":"https:\/\/www.die-stadtzeitung.de\/index.php\/wp-json\/wp\/v2\/types\/post"}],"author":[{"embeddable":true,"href":"https:\/\/www.die-stadtzeitung.de\/index.php\/wp-json\/wp\/v2\/users\/7"}],"replies":[{"embeddable":true,"href":"https:\/\/www.die-stadtzeitung.de\/index.php\/wp-json\/wp\/v2\/comments?post=68834"}],"version-history":[{"count":4,"href":"https:\/\/www.die-stadtzeitung.de\/index.php\/wp-json\/wp\/v2\/posts\/68834\/revisions"}],"predecessor-version":[{"id":68838,"href":"https:\/\/www.die-stadtzeitung.de\/index.php\/wp-json\/wp\/v2\/posts\/68834\/revisions\/68838"}],"wp:attachment":[{"href":"https:\/\/www.die-stadtzeitung.de\/index.php\/wp-json\/wp\/v2\/media?parent=68834"}],"wp:term":[{"taxonomy":"category","embeddable":true,"href":"https:\/\/www.die-stadtzeitung.de\/index.php\/wp-json\/wp\/v2\/categories?post=68834"},{"taxonomy":"post_tag","embeddable":true,"href":"https:\/\/www.die-stadtzeitung.de\/index.php\/wp-json\/wp\/v2\/tags?post=68834"}],"curies":[{"name":"wp","href":"https:\/\/api.w.org\/{rel}","templated":true}]}}