{"id":68599,"date":"2023-09-28T15:49:00","date_gmt":"2023-09-28T13:49:00","guid":{"rendered":"https:\/\/www.die-stadtzeitung.de\/?p=68599"},"modified":"2023-09-29T13:05:56","modified_gmt":"2023-09-29T11:05:56","slug":"kurrende-24-millionen-e-zuschuss-fuer-chorzentrums-anbau","status":"publish","type":"post","link":"https:\/\/www.die-stadtzeitung.de\/index.php\/2023\/09\/28\/kurrende-24-millionen-e-zuschuss-fuer-chorzentrums-anbau\/","title":{"rendered":"Kurrende: 2,4 Millionen \u20ac Zuschuss f\u00fcr Chorzentrums-Anbau"},"content":{"rendered":"<div id=\"attachment_68602\" class=\"wp-caption alignnone\" style=\"max-width: 2570px;\"><img loading=\"lazy\" decoding=\"async\" class=\"size-full wp-image-68602\" src=\"\/wp-content\/uploads\/2023\/09\/Kopie-von-_1230609-1-2-scaled.jpeg\" alt=\"\" width=\"2560\" height=\"1757\" \/><span class=\"wp-caption-text\">Mitglieder der &#8222;Wuppertaler Kurrende&#8220; &#8211; \u00a9 Wuppertaler Kurrende<\/span><\/div>\n<p>Das Chorzentrum der Wuppertaler Kurrende wurde 1967 errichtet. Seither wird es intensiv f\u00fcr den umfassenden Proben- und Ausbildungsbetrieb der Wuppertaler Kurrende e.V. genutzt und in Randzeiten f\u00fcr Veranstaltungen zur Verf\u00fcgung gestellt. Au\u00dferdem ist das Geb\u00e4ude Ort f\u00fcr die umfassende Freizeitgestaltung junger Menschen.<\/p>\n<p>Aufgrund des Mitgliederwachstums und neuen Angeboten sowie eines Mehrbedarfs f\u00fcr musikalische Fr\u00fcherziehung gibt es gravierende Kapazit\u00e4tsengp\u00e4sse im Chorzentrum der Wuppertaler Kurrende im Briller Viertel.<\/p>\n<p>Um den professionellen Weiterbetrieb der Einrichtung zu gew\u00e4hrleisten ist es zwingend erforderlich, das Geb\u00e4ude umfassend kernzusanieren. Mit Unterst\u00fctzung des Bundestagsabgeordneten Helge Lindh (SPD) hat die Kurrende vor Monaten den umfassenden F\u00f6rderantrag beim Programm KulturInvest eingereicht. Jetzt gibt es den positiven Beschluss des Haushaltsausschusses in Berlin.<\/p>\n<h4>Anbau f\u00fcr weitere Probenkapazit\u00e4ten und Freizeitm\u00f6glichkeiten<\/h4>\n<p>Der Anbau soll weitere Probenkapazit\u00e4ten und Freizeitm\u00f6glichkeiten schaffen. Im Sinne der Teilhabe soll mit neu geschaffener Barrierefreiheit das Geb\u00e4ude f\u00fcr alle Menschen nutzbar gemacht werden. Ein nachhaltiger und energieeffizienter Bau soll f\u00fcr Generationen gute Arbeitsbedingungen f\u00fcr exzellente Ausbildungsarbeit und hochwertige Freizeitgestaltung bieten.<\/p>\n<div id=\"attachment_68603\" class=\"wp-caption alignnone\" style=\"max-width: 660px;\"><img loading=\"lazy\" decoding=\"async\" class=\"wp-image-68603 \" src=\"\/wp-content\/uploads\/2023\/09\/2209_1_Screengraps_Kurrende_Sonnborn_Hauptkirche_v1_00090000_grade_upscale-standard-scale-1_20x-scaled.jpeg\" alt=\"\" width=\"650\" height=\"366\" \/><span class=\"wp-caption-text\">Lukas Baumann, musikalischer Leiter und Dirigent der &#8222;Wuppertaler Kurrende&#8220; war fr\u00fcher \u00fcbrigens selbst Mitglied des Knabenchores &#8211; \u00a9 Wuppertaler Kurrende<\/span><\/div>\n<p>\u201eWir haben ein gro\u00dfartiges Team um den musikalischen Leiter Lukas Baumann und die aktuell sehr guten Nachwuchszahlen geben uns R\u00fcckenwind f\u00fcr eine \u00e4u\u00dferst erfolgreiche Zukunft. Wir freuen uns sehr, dass der Bund den unsch\u00e4tzbaren Wert unserer Traditionseinrichtung hiermit so eindr\u00fccklich unterstreicht. Hier m\u00f6chten wir das gro\u00dfe Engagement von Helge Lindh hervorheben\u201c, berichtet Gesch\u00e4ftsf\u00fchrer Tilman Klett.<\/p>\n<h4>Auftakt f\u00fcr Fundraising-Kampagne<\/h4>\n<p>Neben kontinuierlich hohen Nachwuchszahlen und einer nachhaltigen Finanzierung der Wuppertaler Kurrende ist das Bauvorhaben das entscheidende Zukunftsprojekt f\u00fcr die Wuppertaler Kurrende. Die Bundesf\u00f6rderung wird f\u00fcnfzig Prozent der Investitionssumme abbilden, die andere H\u00e4lfte muss die Wuppertaler Kurrende selbst aufbringen.<span class=\"Apple-converted-space\">\u00a0<\/span><\/p>\n<p>\u201eDies ist eine massive Herausforderung\u201c, erkl\u00e4rt Tilman Klett. \u201eNun entscheiden lokale und regionale Stiftungen, Sponsoren, M\u00e4zene und Unternehmen \u00fcber die Verwirklichung des Projekts. Ohne die breite Unterst\u00fctzung aus der Privatwirtschaft und unseren Freundeskreis k\u00f6nnen wir das Projekt nicht realisieren. Insofern f\u00e4ngt die Arbeit jetzt erst richtig an.\u201c<\/p>\n<div id=\"attachment_68604\" class=\"wp-caption alignnone\" style=\"max-width: 659px;\"><img loading=\"lazy\" decoding=\"async\" class=\"wp-image-68604 \" src=\"\/wp-content\/uploads\/2023\/09\/WK_chorfoto_friedhofskirche_untoldunseen-1-1-scaled.jpeg\" alt=\"\" width=\"649\" height=\"433\" \/><span class=\"wp-caption-text\">Der Knabenchor &#8222;Wuppertaler Kurrende&#8220; &#8211; dirigiert von Lukas Baumann &#8211; bei einem Konzert &#8211; \u00a9Wuppertaler Kurrende<\/span><\/div>\n<p>Vom 29. September bis zum 8. Oktober tourt die Kurrende \u00fcbrigens mit ihrem A-cappella-Programm durch Luxemburg und Frankreich.<\/p>\n<p><strong>Link zur Webseite der &#8222;Wuppertaler Kurrende&#8220;:<\/strong><\/p>\n<p><a href=\"http:\/\/www.wuppertaler-kurrende.de\">http:\/\/www.wuppertaler-kurrende.de<\/a><\/p>\n","protected":false},"excerpt":{"rendered":"<p>Jubel-Arien bei der Wuppertaler Kurrende. Der Wuppertaler Knabenchor erh\u00e4lt aus dem Bundesf\u00f6rderprogramm &#8222;KulturInvest&#8220; 2,4 Millionen Euro f\u00fcr die Sanierung des Chorzentrums im Briller Viertel und f\u00fcr die Errichtung eines Anbaus.<\/p>\n","protected":false},"author":7,"featured_media":0,"comment_status":"open","ping_status":"open","sticky":false,"template":"","format":"standard","meta":{"footnotes":""},"categories":[29],"tags":[],"class_list":["post-68599","post","type-post","status-publish","format-standard","hentry","category-kultur"],"publishpress_future_action":{"enabled":false,"date":"2026-05-08 19:27:01","action":"change-status","newStatus":"draft","terms":[],"taxonomy":"category","extraData":[]},"publishpress_future_workflow_manual_trigger":{"enabledWorkflows":[]},"_links":{"self":[{"href":"https:\/\/www.die-stadtzeitung.de\/index.php\/wp-json\/wp\/v2\/posts\/68599","targetHints":{"allow":["GET"]}}],"collection":[{"href":"https:\/\/www.die-stadtzeitung.de\/index.php\/wp-json\/wp\/v2\/posts"}],"about":[{"href":"https:\/\/www.die-stadtzeitung.de\/index.php\/wp-json\/wp\/v2\/types\/post"}],"author":[{"embeddable":true,"href":"https:\/\/www.die-stadtzeitung.de\/index.php\/wp-json\/wp\/v2\/users\/7"}],"replies":[{"embeddable":true,"href":"https:\/\/www.die-stadtzeitung.de\/index.php\/wp-json\/wp\/v2\/comments?post=68599"}],"version-history":[{"count":6,"href":"https:\/\/www.die-stadtzeitung.de\/index.php\/wp-json\/wp\/v2\/posts\/68599\/revisions"}],"predecessor-version":[{"id":68647,"href":"https:\/\/www.die-stadtzeitung.de\/index.php\/wp-json\/wp\/v2\/posts\/68599\/revisions\/68647"}],"wp:attachment":[{"href":"https:\/\/www.die-stadtzeitung.de\/index.php\/wp-json\/wp\/v2\/media?parent=68599"}],"wp:term":[{"taxonomy":"category","embeddable":true,"href":"https:\/\/www.die-stadtzeitung.de\/index.php\/wp-json\/wp\/v2\/categories?post=68599"},{"taxonomy":"post_tag","embeddable":true,"href":"https:\/\/www.die-stadtzeitung.de\/index.php\/wp-json\/wp\/v2\/tags?post=68599"}],"curies":[{"name":"wp","href":"https:\/\/api.w.org\/{rel}","templated":true}]}}