{"id":68489,"date":"2023-09-25T16:27:06","date_gmt":"2023-09-25T14:27:06","guid":{"rendered":"https:\/\/www.die-stadtzeitung.de\/?p=68489"},"modified":"2023-09-26T12:44:45","modified_gmt":"2023-09-26T10:44:45","slug":"kommission-dr-sandra-zeh-soll-dezernentin-werden","status":"publish","type":"post","link":"https:\/\/www.die-stadtzeitung.de\/index.php\/2023\/09\/25\/kommission-dr-sandra-zeh-soll-dezernentin-werden\/","title":{"rendered":"Dr. Sandra Zeh einstimmig zur Dezernentin gew\u00e4hlt"},"content":{"rendered":"<div id=\"attachment_68556\" class=\"wp-caption alignnone\" style=\"max-width: 1930px;\"><img loading=\"lazy\" decoding=\"async\" class=\"size-full wp-image-68556\" src=\"\/wp-content\/uploads\/2023\/09\/ac5cfbe5cc8740ad59714bfe55d5a6a8.webp\" alt=\"\" width=\"1920\" height=\"1280\" \/><span class=\"wp-caption-text\">Strahlen und die Wette: Die neue Dezernentin Dr. Sandra Zeh und OB Dr. Uwe Schneidewind &#8211; \u00a9 Stadt Wuppertal<\/span><\/div>\n<p>Sandra Zeh bedankte sich nach der Wahl herzlich f\u00fcr das entgegengebrachte Vertrauen, das sie rechtfertigen wolle und \u201eWuppertal in den Bereichen Personal, Digitalisierung und Wirtschaft nach vorne bringen. Ich freue mich auf die Zusammenarbeit.\u201c<\/p>\n<p>Oberb\u00fcrgermeister Uwe Schneidewind gratulierte Sandra Zeh herzlich: \u201eNach 16 Jahren ohne eine Frau im Verwaltungsvorstand ist die Wahl von Sandra Zeh ein Meilenstein auf dem Weg zu einer vielf\u00e4ltigeren F\u00fchrungsstruktur, die ein wichtiges Signal nach au\u00dfen und in die Verwaltung sendet.\u201c<\/p>\n<p>Einen besonderen Dank richtete Schneidewind an die FDP-Fraktion im Rat der Stadt, die die parteilose Kandidatin vorgeschlagen hatte. \u201eMit diesem Schritt, sich ausschlie\u00dflich von Fachkompetenz leiten zu lassen, hat die Fraktion die kommunalpolitische Kultur in unserer Stadt ein gro\u00dfes St\u00fcck vorangebracht und den heutigen Konsens zum Wohle Wuppertals erm\u00f6glicht.\u201c<\/p>\n<h4>Dr. Sandra Zeh ist parteilos<\/h4>\n<p>Uwe Schneidewind wertete die Wahl Zehs auch \u201eals wichtiges Signal an alle engagierten Kr\u00e4fte unserer Stadtgesellschaft, die nach der gescheiterten Dezernentenwahl im Juni ihre gro\u00dfe Sorge um die Handlungs- und Konsensf\u00e4higkeit der Kommunalpolitik zum Ausdruck gebracht haben. Ihr Appell ist angekommen.\u201c<\/p>\n<div id=\"attachment_68557\" class=\"wp-caption alignnone\" style=\"max-width: 547px;\"><img loading=\"lazy\" decoding=\"async\" class=\" wp-image-68557\" src=\"\/wp-content\/uploads\/2023\/09\/d57ffcbedbdf4c52baa81225bfa53e90.webp\" alt=\"\" width=\"537\" height=\"359\" \/><span class=\"wp-caption-text\">Tritt ihr neues Amt sp\u00e4testens am 01.01.2024 an: Dr. Sandra Zeh &#8211; \u00a9 Stadt Wuppertal<\/span><\/div>\n<p>Aktuell verantwortet Dr. Sandra Zeh den gesamten Personalbereich der Johanniter GmbH mit rund 7.500 Besch\u00e4ftigten in den angegliederten Krankenh\u00e4usern, Fach- und Rehabilitationskliniken und Medizinischen Versorgungszentren. Vor ihrer Karriere bei den Johannitern war Zeh im Universit\u00e4tsklinikum Bergmannsheil und bei den Wirtschaftsbetrieben der Stadt Duisburg t\u00e4tig.<\/p>\n<p>Die Juristin Dr. Sandra Zeh &#8211; verheiratet, zwei Kinder &#8211; wird ihr neues Amt in Wuppertal sp\u00e4testens zum 1. Januar 2024 antreten.<\/p>\n<h4>Stimmen zur Wahl von Dr. Sandra Zeh<\/h4>\n<p>CDU-Fraktionsvorsitzender <strong>Hans-J\u00f6rg Herhausen:<\/strong> \u201eDie einstimmige Wahl von Dr. Sandra Zeh zur Beigeordneten f\u00fcr Personal, Digitalisierung und Wirtschaft ist ein deutliches Signal. Wir haben mit Frau Dr. Zeh eine hervorragend qualifizierte Beigeordnete f\u00fcr unseren Verwaltungsvorstand gewonnen und freuen uns auf eine konstruktive Zusammenarbeit.\u201c<\/p>\n<p>CDU-Fraktionsvorsitzender <strong>Michael Wessel<\/strong>: \u201eWir gratulieren herzlich zur Wahl der Beigeordneten. Frau Dr. Zeh bringt mit ihren bisherigen beruflichen Stationen gro\u00dfe Fachexpertise als Personalchefin mit und stellt auch in den Bereichen Digitalisierung und Wirtschaft eine Bereicherung f\u00fcr den Verwaltungsvorstand dar.<\/p>\n<p><strong>Denise Frings<\/strong> und <strong>Paul Yves Ramette<\/strong>, Fraktionsvorsitzende der GR\u00dcNEN Ratsfraktion: \u201eIn der Auswahlkommission, die mit der Suche nach einer Beigeordneten betraut war, war die Entscheidung einstimmig. Frau Dr. Zeh hat unsere GR\u00dcNEN Stadtverordneten am letzten Montag in der Fraktionssitzung ebenfalls mit ihrer Qualifikation und Kompetenz \u00fcberzeugt. Die Umsetzung ihrer Vorschl\u00e4ge wird die Stadtverwaltung f\u00fcr viele Menschen als attraktive Arbeitgeberin in den Fokus r\u00fccken. Nun kann sich auch im Wuppertaler Verwaltungsvorstand eine Frau durchsetzen. Das k\u00f6nnen wir noch viel besser. Schon seit vielen Jahren hat sich in der Personalwirtschaft durchgesetzt, dass diverse F\u00fchrungskreise gerechter sind und mehr Performance bringen. Diese Entwicklung muss nun weitergehen.\u201c<\/p>\n<p>&nbsp;<\/p>\n<p>&nbsp;<\/p>\n","protected":false},"excerpt":{"rendered":"<p>Das Votum der Wuppertaler Stadtverordneten war genauso einstimmig wie vorher das der Findungs-Kommission. Auf der Ratssitzung am Montag (25.09.) ist Dr. Sandra Zeh zur neuen Dezernentin f\u00fcr Personal, Digitalisierung und Wirtschaft der Stadt Wuppertal gew\u00e4hlt worden.<\/p>\n","protected":false},"author":7,"featured_media":0,"comment_status":"open","ping_status":"open","sticky":false,"template":"","format":"standard","meta":{"footnotes":""},"categories":[26],"tags":[],"class_list":["post-68489","post","type-post","status-publish","format-standard","hentry","category-politik"],"publishpress_future_action":{"enabled":false,"date":"2026-05-07 04:08:26","action":"change-status","newStatus":"draft","terms":[],"taxonomy":"category","extraData":[]},"publishpress_future_workflow_manual_trigger":{"enabledWorkflows":[]},"_links":{"self":[{"href":"https:\/\/www.die-stadtzeitung.de\/index.php\/wp-json\/wp\/v2\/posts\/68489","targetHints":{"allow":["GET"]}}],"collection":[{"href":"https:\/\/www.die-stadtzeitung.de\/index.php\/wp-json\/wp\/v2\/posts"}],"about":[{"href":"https:\/\/www.die-stadtzeitung.de\/index.php\/wp-json\/wp\/v2\/types\/post"}],"author":[{"embeddable":true,"href":"https:\/\/www.die-stadtzeitung.de\/index.php\/wp-json\/wp\/v2\/users\/7"}],"replies":[{"embeddable":true,"href":"https:\/\/www.die-stadtzeitung.de\/index.php\/wp-json\/wp\/v2\/comments?post=68489"}],"version-history":[{"count":9,"href":"https:\/\/www.die-stadtzeitung.de\/index.php\/wp-json\/wp\/v2\/posts\/68489\/revisions"}],"predecessor-version":[{"id":68559,"href":"https:\/\/www.die-stadtzeitung.de\/index.php\/wp-json\/wp\/v2\/posts\/68489\/revisions\/68559"}],"wp:attachment":[{"href":"https:\/\/www.die-stadtzeitung.de\/index.php\/wp-json\/wp\/v2\/media?parent=68489"}],"wp:term":[{"taxonomy":"category","embeddable":true,"href":"https:\/\/www.die-stadtzeitung.de\/index.php\/wp-json\/wp\/v2\/categories?post=68489"},{"taxonomy":"post_tag","embeddable":true,"href":"https:\/\/www.die-stadtzeitung.de\/index.php\/wp-json\/wp\/v2\/tags?post=68489"}],"curies":[{"name":"wp","href":"https:\/\/api.w.org\/{rel}","templated":true}]}}