{"id":68410,"date":"2023-09-20T12:59:28","date_gmt":"2023-09-20T10:59:28","guid":{"rendered":"https:\/\/www.die-stadtzeitung.de\/?p=68410"},"modified":"2023-09-20T13:03:15","modified_gmt":"2023-09-20T11:03:15","slug":"claus-wilcke-peter-nocke-zwei-erfolgs-karrieren","status":"publish","type":"post","link":"https:\/\/www.die-stadtzeitung.de\/index.php\/2023\/09\/20\/claus-wilcke-peter-nocke-zwei-erfolgs-karrieren\/","title":{"rendered":"Claus Wilcke &#038; Peter Nocke: Zwei Erfolgs-Karrieren"},"content":{"rendered":"<div id=\"attachment_68413\" class=\"wp-caption alignnone\" style=\"max-width: 673px;\"><img loading=\"lazy\" decoding=\"async\" class=\"size-full wp-image-68413\" src=\"\/wp-content\/uploads\/2023\/09\/image007.jpeg\" alt=\"\" width=\"663\" height=\"449\" \/><span class=\"wp-caption-text\">Michael Schmidt-Russnak (r.) im Gespr\u00e4ch mit Schwimm-Weltmeister Peter Nocke &#8211; \u00a9 TalTalk<\/span><\/div>\n<p>Wieder spitzten knapp 100 G\u00e4ste interessiert die Ohren. Schauspieler Claus Wilcke (84), der als &#8222;Percy Stuart&#8220; von 1969 &#8211; 1972 in 52 ZDF-Serien-Folgen Millionen vor den Fernseher lockte, plauderte aus dem N\u00e4hk\u00f6rbchen und erz\u00e4hlte Anekdoten aus seiner langen Karriere vor der Kamera und auf dem B\u00fchne.<span class=\"Apple-converted-space\">\u00a0<\/span><\/p>\n<p>Demn\u00e4chst wird er in der von Ernst-Werner Quambusch aus dem Dornr\u00f6scheschlaf erweckten Kom\u00f6die am Karlsplatz die Hauptrolle in dem St\u00fcck &#8222;Die Terrasse&#8220; spielen. Die Kom\u00f6die sollte eigentlich schon Premiere feiern. Technische Probleme im dem Theater, die hoffentlich bald behoben sind, haben den Prinzipal und das Ensemble vorerst ausgebremst.<\/p>\n<div id=\"attachment_62140\" class=\"wp-caption alignnone\" style=\"max-width: 559px;\"><img loading=\"lazy\" decoding=\"async\" class=\" wp-image-62140\" src=\"\/wp-content\/uploads\/2023\/03\/image.webp\" alt=\"\" width=\"549\" height=\"431\" \/><span class=\"wp-caption-text\">Die erfolgreiche Wuppertaler Regisseurin und Drehbuchautorin Heike Fink &#8211; \u00a9 Neue Visionen<\/span><\/div>\n<p>Prof. Dr. Birgitta Wolff, die neue Rektorin der Bergischen Universit\u00e4t, Nachfolgerin von Prof. Dr. Dr. Lambert T. Koch, wusste eloquent und unterhaltend zu berichten, wie sich die Bergische Hochschule, die in der Stadt Wuppertal und der bergischen Gesellschaft eine so wichtige Vorreiterrolle einnimmt, in Zukunft weiter entwickeln soll.<\/p>\n<p>Regisseurin und Drehbuchautorin Heike Fink liess das Publikum humorvoll hinter die Kulissen ihres erfolgreichen Kinofilms &#8222;Olaf Jagger&#8220; blicken, in dem Comedian Olaf Schubert in einer fiktiven Story Anhaltspunkte daf\u00fcr findet, Sohn der Rock-Legende Mick Jagger, Frontmann der ber\u00fchmten &#8222;Rolling Stones&#8220;, zu sein.<span class=\"Apple-converted-space\">\u00a0<\/span><\/p>\n<p>Was viele gar nicht wissen: Olfaf Schubert ist selbst eine Kunstfigur. Er heisst mit b\u00fcrgerlichem Namen Michael Haubold (55) und kommt aus Dresden. Heike Fink sprach auch das Thema Einsatz von K\u00fcnstlicher Intelligensz (KI) in der Filmbranche an, was sie nicht unkritisch sieht.<\/p>\n<div id=\"attachment_68074\" class=\"wp-caption alignnone\" style=\"max-width: 559px;\"><img loading=\"lazy\" decoding=\"async\" class=\"wp-image-68074 \" src=\"\/wp-content\/uploads\/2023\/09\/Die-Terrasse-Claus-Wilcke-AI-Upscaler-3508x4961-1-scaled.jpg\" alt=\"\" width=\"549\" height=\"366\" \/><span class=\"wp-caption-text\">Claus Wilcke alias &#8222;Percy Stuart&#8220; &#8211; \u00a9 Kammerspielchen<\/span><\/div>\n<p>Und zum Schluss war dann noch Wuppertals erfolgreichster Sportler am Start: Peter Nocke, Weltmeister, 9 Mal Europameister, Bronzemedaillengewinner bei Olympia in Montreal (1976) und zigmal Deutscher Meister.<span class=\"Apple-converted-space\">\u00a0<\/span><\/p>\n<p>Gabriele Sch\u00e4fer und Michael Schmidt-Russnak entlockten dem<span class=\"Apple-converted-space\">\u00a0 <\/span>Ausnahmeschwimmer lustige Anekdoten und brachten Sunnyboy Peter Nocke auch dazu, schmunzelnd zu verraten, wie er H\u00f6chstleistungen vollbringen konnte, auch wenn er nicht der trainingsfleissigste war.<\/p>\n<p>Fazit: Vier interessante Protagonisten &#8211; spannende, homorvolle, zum Teil aber auch nachdenklich stimmende Gespr\u00e4che.<\/p>\n<div id=\"attachment_54973\" class=\"wp-caption alignnone\" style=\"max-width: 559px;\"><img loading=\"lazy\" decoding=\"async\" class=\" wp-image-54973\" src=\"\/wp-content\/uploads\/2022\/08\/5D2_7883.jpeg\" alt=\"\" width=\"549\" height=\"366\" \/><span class=\"wp-caption-text\">Die neue Unirektorin Prof. Dr. Birgitta Wolff &#8211; \u00a9 Malte Reiter<\/span><\/div>\n","protected":false},"excerpt":{"rendered":"<p>Es war wieder ein kurzweiliger Abend, mit G\u00e4sten, die etwas zu sagen hatten und spannende Geschichten ablieferten. Bei der 5. Auflage von &#8222;TalTalk&#8220; in der Gesellschaft Concordia pr\u00e4sentierte das Moderatoren-Team Gabriele Sch\u00e4fer und Michael Schmidt-Russnak ein ausgewogenes, parit\u00e4tiches Programm: Zwei weibliche und zwei m\u00e4nnliche Protagonisten.<\/p>\n","protected":false},"author":7,"featured_media":0,"comment_status":"open","ping_status":"open","sticky":false,"template":"","format":"standard","meta":{"footnotes":""},"categories":[29],"tags":[],"class_list":["post-68410","post","type-post","status-publish","format-standard","hentry","category-kultur"],"publishpress_future_action":{"enabled":false,"date":"2026-05-05 05:04:32","action":"change-status","newStatus":"draft","terms":[],"taxonomy":"category","extraData":[]},"publishpress_future_workflow_manual_trigger":{"enabledWorkflows":[]},"_links":{"self":[{"href":"https:\/\/www.die-stadtzeitung.de\/index.php\/wp-json\/wp\/v2\/posts\/68410","targetHints":{"allow":["GET"]}}],"collection":[{"href":"https:\/\/www.die-stadtzeitung.de\/index.php\/wp-json\/wp\/v2\/posts"}],"about":[{"href":"https:\/\/www.die-stadtzeitung.de\/index.php\/wp-json\/wp\/v2\/types\/post"}],"author":[{"embeddable":true,"href":"https:\/\/www.die-stadtzeitung.de\/index.php\/wp-json\/wp\/v2\/users\/7"}],"replies":[{"embeddable":true,"href":"https:\/\/www.die-stadtzeitung.de\/index.php\/wp-json\/wp\/v2\/comments?post=68410"}],"version-history":[{"count":5,"href":"https:\/\/www.die-stadtzeitung.de\/index.php\/wp-json\/wp\/v2\/posts\/68410\/revisions"}],"predecessor-version":[{"id":68416,"href":"https:\/\/www.die-stadtzeitung.de\/index.php\/wp-json\/wp\/v2\/posts\/68410\/revisions\/68416"}],"wp:attachment":[{"href":"https:\/\/www.die-stadtzeitung.de\/index.php\/wp-json\/wp\/v2\/media?parent=68410"}],"wp:term":[{"taxonomy":"category","embeddable":true,"href":"https:\/\/www.die-stadtzeitung.de\/index.php\/wp-json\/wp\/v2\/categories?post=68410"},{"taxonomy":"post_tag","embeddable":true,"href":"https:\/\/www.die-stadtzeitung.de\/index.php\/wp-json\/wp\/v2\/tags?post=68410"}],"curies":[{"name":"wp","href":"https:\/\/api.w.org\/{rel}","templated":true}]}}