{"id":68383,"date":"2023-10-10T14:09:19","date_gmt":"2023-10-10T12:09:19","guid":{"rendered":"https:\/\/www.die-stadtzeitung.de\/?p=68383"},"modified":"2023-10-19T09:55:18","modified_gmt":"2023-10-19T07:55:18","slug":"klimaforscher-mojib-latif-als-gastprofessor-an-der-uni","status":"publish","type":"post","link":"https:\/\/www.die-stadtzeitung.de\/index.php\/2023\/10\/10\/klimaforscher-mojib-latif-als-gastprofessor-an-der-uni\/","title":{"rendered":"Klimaforscher Mojib Latif als Gastprofessor an der Uni"},"content":{"rendered":"<div id=\"attachment_68385\" class=\"wp-caption alignnone\" style=\"max-width: 798px;\"><img loading=\"lazy\" decoding=\"async\" class=\"size-full wp-image-68385\" src=\"\/wp-content\/uploads\/2023\/09\/csm_Mojib_Latif_181b57f49e-2.jpeg\" alt=\"\" width=\"788\" height=\"569\" \/><span class=\"wp-caption-text\">Der bekannte Klimaforscher Prof. Dr. Mojib Latif &#8211; \u00a9 Foto GEOMAR, J. Steffen<\/span><\/div>\n<p>Prof. Dr. Mojib Latif h\u00e4lt \u00fcber die \u201eHerausforderung Klimawandel\u201c \u00a0in diesem Rahmen am 18. Oktober auch einen \u00f6ffentlichen Vortrag in der Bergischen Universit\u00e4t.<\/p>\n<p>Als international renommierter Klimaforscher besch\u00e4ftigt sich Mojib Latif schwerpunktm\u00e4\u00dfig mit Klimaschwankungen, den Einfl\u00fcssen des Menschen auf das Klima sowie der Entwicklung von Klimamodellen. Latif ver\u00f6ffentlichte mehr als 200 Fachartikel sowie zahlreiche allgemeinverst\u00e4ndliche\u00a0B\u00fccher zum Thema Klima und Klimaver\u00e4nderung.<span class=\"Apple-converted-space\">\u00a0<\/span><\/p>\n<p>Zu diesen Fragen ist er au\u00dferdem ein gefragter Interviewpartner der Medien. F\u00fcr seine Forschung und die F\u00e4higkeit, seine Arbeit der breiten \u00d6ffentlichkeit zu vermitteln, erhielt er zahlreiche Auszeichnungen und Preise, u. a. 2015 den Deutschen Umweltpreis der Deutschen Bundesstiftung Umwelt.<span class=\"Apple-converted-space\">\u00a0<\/span><\/p>\n<p>Mojib Latif studierte Meteorologie an der Universit\u00e4t Hamburg und promovierte und habilitierte dort in Ozeanografie. Seit 2017 ist er Pr\u00e4sident der Deutschen Gesellschaft des CLUB of ROME sowie seit 2022 Pr\u00e4sident der Akademie der Wissenschaften in Hamburg.<\/p>\n<p>\u201eMit Prof. Latif haben wir einen ausgewiesenen Experten zum Thema Klimawandel gewinnen k\u00f6nnen. Er wird neue Impulse zu Klima- und Nachhaltigkeitsthemen geben und zu Diskussionen und neuen fakult\u00e4ts\u00fcbergreifenden Forschungsans\u00e4tzen anregen\u201c, sagt Prof. Dr.-Ing. habil. Uwe Janoske, Fachsprecher der Fakult\u00e4t f\u00fcr Maschinenbau und Sicherheitstechnik.<\/p>\n<h4>Vortrag mit Diskussionsrunde<\/h4>\n<p>W\u00e4hrend seiner Gastprofessur an der Bergischen Universit\u00e4t h\u00e4lt Mojib Latif mehrere Seminare und Vorlesungen f\u00fcr Studierende und Promovierende. Zu seinem \u00f6ffentlichen Vortrag am 18. Oktober von 18.30 bis 20.00 Uhr sind Interessierte herzlich eingeladen. Das Thema lautet \u201eHerausforderung Klimawandel \u2013 Vom Wissen zum Handeln\u201c.<span class=\"Apple-converted-space\">\u00a0<\/span><\/p>\n<p>Auf den Vortrag folgt eine Diskussion mit Fragen aus dem Publikum. Teilnehmerinnen und Teilnehmern der Diskussion sind neben Mojib Latif auch Wuppertals Oberb\u00fcrgermeister Prof. Dr. Uwe Schneidewind, Prof. Dr.-Ing. Markus Zdrallek, Leiter des Lehrstuhls f\u00fcr Elektrische Energieversorgungstechnik und Wissenschaftlicher Direktor der neuen effizienz \u2013 Bergische Gesellschaft f\u00fcr Ressourceneffizienz, sowie Politikwissenschaftlerin Prof. Dr. Maria Behrens vom Wuppertaler Zentrum f\u00fcr Transformationsforschung und Nachhaltigkeit. Veranstaltungsort ist H\u00f6rsaal 33 (K.11.24).<\/p>\n<p>Der \u00f6ffentliche Vortrag ist kostenfrei. Zu Planungszwecken ist eine Anmeldung erforderlich.<\/p>\n","protected":false},"excerpt":{"rendered":"<p>Den Klimawandel erforschen und erkl\u00e4ren ist eines der Anliegen von Prof. Dr. Mojib Latif. Der Seniorprofessor an der Christian-Albrechts-Universit\u00e4t zu Kiel, der am GEOMAR Helmholtz-Zentrum f\u00fcr Ozeanforschung Kiel forscht, ist im kommenden Wintersemester Inhaber der siebten \u201eDr. J\u00f6rg Mittelsten Scheid-Gastprofessur\u201c in der Fakult\u00e4t f\u00fcr Maschinenbau und Sicherheitstechnik der Uni.\u00a0<\/p>\n","protected":false},"author":7,"featured_media":0,"comment_status":"open","ping_status":"open","sticky":false,"template":"","format":"standard","meta":{"footnotes":""},"categories":[27],"tags":[],"class_list":["post-68383","post","type-post","status-publish","format-standard","hentry","category-wissen"],"publishpress_future_action":{"enabled":false,"date":"2026-05-07 09:00:36","action":"change-status","newStatus":"draft","terms":[],"taxonomy":"category","extraData":[]},"publishpress_future_workflow_manual_trigger":{"enabledWorkflows":[]},"_links":{"self":[{"href":"https:\/\/www.die-stadtzeitung.de\/index.php\/wp-json\/wp\/v2\/posts\/68383","targetHints":{"allow":["GET"]}}],"collection":[{"href":"https:\/\/www.die-stadtzeitung.de\/index.php\/wp-json\/wp\/v2\/posts"}],"about":[{"href":"https:\/\/www.die-stadtzeitung.de\/index.php\/wp-json\/wp\/v2\/types\/post"}],"author":[{"embeddable":true,"href":"https:\/\/www.die-stadtzeitung.de\/index.php\/wp-json\/wp\/v2\/users\/7"}],"replies":[{"embeddable":true,"href":"https:\/\/www.die-stadtzeitung.de\/index.php\/wp-json\/wp\/v2\/comments?post=68383"}],"version-history":[{"count":3,"href":"https:\/\/www.die-stadtzeitung.de\/index.php\/wp-json\/wp\/v2\/posts\/68383\/revisions"}],"predecessor-version":[{"id":68388,"href":"https:\/\/www.die-stadtzeitung.de\/index.php\/wp-json\/wp\/v2\/posts\/68383\/revisions\/68388"}],"wp:attachment":[{"href":"https:\/\/www.die-stadtzeitung.de\/index.php\/wp-json\/wp\/v2\/media?parent=68383"}],"wp:term":[{"taxonomy":"category","embeddable":true,"href":"https:\/\/www.die-stadtzeitung.de\/index.php\/wp-json\/wp\/v2\/categories?post=68383"},{"taxonomy":"post_tag","embeddable":true,"href":"https:\/\/www.die-stadtzeitung.de\/index.php\/wp-json\/wp\/v2\/tags?post=68383"}],"curies":[{"name":"wp","href":"https:\/\/api.w.org\/{rel}","templated":true}]}}