{"id":68270,"date":"2023-11-05T21:27:35","date_gmt":"2023-11-05T20:27:35","guid":{"rendered":"https:\/\/www.die-stadtzeitung.de\/?p=68270"},"modified":"2024-11-12T13:42:29","modified_gmt":"2024-11-12T12:42:29","slug":"peter-maffay-unterstuetzt-ahmad-jawed-bei-hilfs-projekt","status":"publish","type":"post","link":"https:\/\/www.die-stadtzeitung.de\/index.php\/2023\/11\/05\/peter-maffay-unterstuetzt-ahmad-jawed-bei-hilfs-projekt\/","title":{"rendered":"Peter Maffay unterst\u00fctzt Ahmad Jawed bei Hilfs-Projekt"},"content":{"rendered":"<div id=\"attachment_68283\" class=\"wp-caption alignnone\" style=\"max-width: 1585px;\"><img loading=\"lazy\" decoding=\"async\" class=\"wp-image-68283 size-full\" src=\"\/wp-content\/uploads\/2023\/09\/PHOTO-2023-09-14-15-16-58-2-1.jpg\" alt=\"\" width=\"1575\" height=\"1328\" \/><span class=\"wp-caption-text\">Ahmad Jawed (r.) mit seinem Freund und Musiker-Kollegen Peter Maffay &#8211; \u00a9 Privat<\/span><\/div>\n<p>Wer jetzt glaubt, Ahmad Jawed (56) w\u00fcrde von der Musik leben, der liegt daneben: Der geb\u00fcrtige Afghane mit deutschem Pass ist im Hauptberuf Stra\u00dfenbahnfahrer bei der Ruhrbahn.<\/p>\n<p>Vor 41 Jahren ist Ahmad Jawed ist mit seinen Eltern und seinen sechs Geschwistern aus Afghanistan aus politschen Gr\u00fcnden gefl\u00fcchtet. Die Rote Armee der UdSSR war in dem asiatischen einmarschiert. Sein Vater war Politiker und wurde verfolgt. Da blieb nur ein Ausweg.<span class=\"Apple-converted-space\">\u00a0<\/span><\/p>\n<p>Der S\u00e4nger und Gitarrist entschloss sich, in seiner neuen Heimat zun\u00e4chst einmal einen Beruf mit gesicherten Einkommen zu erlernen. Seit 31 Jahren sitzt er nun in Essen an den Schalthebeln von Stra\u00dfen- und U-Bahnen.<span class=\"Apple-converted-space\">\u00a0<\/span><\/p>\n<p>Die Musik blieb auch in Deutschland seine gro\u00dfe Leidenschaft. Ahmed Jawed ist im Prinzip Autodidakt: &#8222;Ich hatte zwar ein paar Gitarrenstunden. Das Meiste habe ich mir selbst beigebracht. Aber ganz ohne Talent w\u00e4re das nat\u00fcrlich auch nicht gegangen&#8220;, erkl\u00e4rt der sympathische Vollblut-Musiker.<span class=\"Apple-converted-space\">\u00a0<\/span>Nichtsdestotrotz hat er sich damit selbst eine beeindruckende Perfektion als S\u00e4nger und Gitarrist erarbeitet.<\/p>\n<div id=\"attachment_68286\" class=\"wp-caption alignnone\" style=\"max-width: 660px;\"><img loading=\"lazy\" decoding=\"async\" class=\"wp-image-68286 \" src=\"\/wp-content\/uploads\/2023\/09\/PHOTO-2023-09-14-10-41-43-2.jpg\" alt=\"\" width=\"650\" height=\"885\" \/><span class=\"wp-caption-text\">Ahmad Jawed: Auch seinen Job als Stra\u00dfenbahnfahrer erledigt er mit Leidenschaft &#8211; \u00a9 privat<\/span><\/div>\n<p>Davon konnten sich auch die G\u00e4ste des angesagten<span class=\"Apple-converted-space\">\u00a0 <\/span>Netzwerktreffens &#8222;STADTGESPR\u00c4CHE ruhr&#8220; in Essen \u00fcberzeugen. Hier trat Ahmad Jawed mit seiner Tochter Sabiha auf, um auf das traurige Schicksal von Musikern in seiner ehemaligen Heimat Afghanistan aufmerksam zu machen. Doch davon sp\u00e4ter.<\/p>\n<p>Fr\u00fcher war der S\u00e4nger und Gitarrist musikalisch sehr breit aufgestellt, performte Rock, Pop, oder Folk &#8211; und machte sogar einen kurzen Tripp in die Welt des Schlagers.<\/p>\n<p>Doch die Macht\u00fcbernahme der fundamentalischen Taliban in Afghanistan 2021 war ein Wendepunkt in seinem Leben. Seither macht er nur noch afghanische Musik &#8211; als Hilferuf, als Protest, aus Solidarit\u00e4t.<\/p>\n<p>&#8222;In Afghanistan ist Musik jeglicher Art seither verboten. Instrumente eingezogen und auf \u00f6ffentlichen Pl\u00e4tzen verbrannt. Wer heimlich zuhause Musik macht und dabei ertappt wird, erh\u00e4lt daf\u00fcr auf der Strasse vor aller Augen 100 Peitschenhiebe &#8222;, schildert Ahmad Jawed den traurigen Alltag in dem von Islamisten regierten Land, die sich ganz streng an die 1.500 Jahre alten Gesetze der Scharia halten. In Afghanistan herrschen Trostlosigkeit, Stille und Hoffnungslosigkeit.<\/p>\n<p>Dass TV-Sender einfach abeschaltet wurden, M\u00e4dchen und Frauen so gut wie keine Rechte mehr besitzen und auch nicht mehr zur Schule gehen oder die Universit\u00e4t besuchen d\u00fcrfen, ist hinl\u00e4nglich bekannt. Vom tragischen Schicksal von Musikerinnen und Musikern weiss in der breiten \u00d6ffentlichkeit<span class=\"Apple-converted-space\">\u00a0 <\/span>kaum Jemand. Das will Ahmad Jawed mit aller Macht \u00e4ndern.<\/p>\n<p>&#8222;Meine K\u00fcnstler-Kollegen haben absolutes Berufsverbot und d\u00fcrfen auch keinen anderen Job annehmen. Ist gibt keinerlei sozialer Absicherung. Die meisten Musiker leben auf der Stra\u00dfe und m\u00fcssen sich mit Betteln \u00fcber Wasser halten&#8220;, zeichnet Ahmad Jawed ein d\u00fcsteres, aber realistisches Bild.<\/p>\n<div id=\"attachment_68287\" class=\"wp-caption alignnone\" style=\"max-width: 658px;\"><img loading=\"lazy\" decoding=\"async\" class=\"wp-image-68287\" src=\"\/wp-content\/uploads\/2023\/09\/PHOTO-2023-09-14-10-40-04.jpg\" alt=\"\" width=\"648\" height=\"420\" \/><span class=\"wp-caption-text\">Ein cooler Typ: Ahmad Jawed als Musiker &#8211; \u00a9 privat<\/span><\/div>\n<p>\u00dcber die sozialen Medien wie WhatsApp, Facebook oder Instagram h\u00e4lt er Kontakt mit einigen Musikern in Afghanistan. Seither trommelt der Musiker, unterst\u00fctzt von Ehefrau Tina, mit der er seit 41 Jahren liiert und seit seit 36 Jahren verheiratet ist, f\u00fcr die Unterst\u00fctzung der Musiker in seiner asiatischen Ex-Heimat.<\/p>\n<p>Zur Seite steht ihm dabei auch sein alter Freund Peter Maffay (74), den er 1994 nach einem Konzert in Dortmund kennenlernte. Ahmad Jawed: &#8222;Meine Frau war schon immer gro\u00dfer Maffay-Fan. Deswegen sind wir auch in erster Line nach Dortmund gefahren. Ich wollte dann unbedingt ein Foto mit ihm. Nach dem Konzert habe ich mich in die Katakomben der Westfalenhalle geschlichen und ihn dort auch getroffen. Ich erkl\u00e4rte ihm, dass ich auch Musiker sei und er fragte mich freundlich, woher ich stammen w\u00fcrde. &#8218;Aus Afghanistan&#8216;, sagte ich. Zu meiner grossen \u00dcberraschung hat er mir seine Telefonnummer aufgeschrieben und gesagt: &#8218;Wenn Du mal in M\u00fcnchen bist, rufe mich an, dann gehen wir einen Kaffee trinken&#8216;.&#8220;<span class=\"Apple-converted-space\">\u00a0<\/span><\/p>\n<p>Eigentlich zu sch\u00f6n, um wahr zu sein. Aber der Musiker aus Essen nahm den Rock-Star, der f\u00fcr seine soziale Ader bekannt ist und auch schon sehr lange Menschen in Afghanistan unterst\u00fctzt, beim Wort. &#8222;Als ich mal wieder in M\u00fcnchen war, habe ich ihn angerufen und wir waren zusammen einen Kaffee trinken. Seither sind wir big Friends&#8220;, erkl\u00e4rt Ahmad Jawed nicht ohne Stolz.<\/p>\n<p>Der Musiker war zuletzt vor acht Jahren in Afghanistan, als<span class=\"Apple-converted-space\">\u00a0 <\/span>die Welt dort noch ganz anders aussah. Er hatte gerade<span class=\"Apple-converted-space\">\u00a0<\/span>den Maffay-Klassiker &#8222;So bist Du&#8220; als Cover-Version in afghanischer Sprache ver\u00f6ffentlicht und stellte ihn in seiner ehemaligen Heimat vor. Ein gro\u00dfer Erfolg. Ahmad Jawed gab Interviews, hatte Fernseh-Auftritte. Am meisten freute er sich aber \u00fcber das dicke Lob seines gro\u00dfen Idols Peter Maffay.<\/p>\n<div id=\"attachment_68164\" class=\"wp-caption alignnone\" style=\"max-width: 660px;\"><img loading=\"lazy\" decoding=\"async\" class=\"wp-image-68164 \" src=\"\/wp-content\/uploads\/2023\/09\/Chorforum_2023_09_00046-2.jpg\" alt=\"\" width=\"650\" height=\"460\" \/><span class=\"wp-caption-text\">Ahmad Jawed mit Tochter Sabiha ud Keyboarder bei den &#8222;STADTGESPR\u00c4CHEN ruhr&#8220; in Essen auf der B\u00fchne &#8211; \u00a9 Fotostudio Essen<\/span><\/div>\n<p>Der Wahl-Essener war sich auch total sicher, dass er sich auch bei seinem Afghanistan Hilfs-Projekt felsenfest auf die Unterst\u00fctzung seines Freundes verlassen kann. Deshalb hatte Ahmad Jawed beim Event &#8222;STADTGESPR\u00c4CHE ruhr&#8220; auch eine blaue Yamaha-Gitarre von Peter Maffay im Gep\u00e4ck.<\/p>\n<p>Als der Essener Musiker den Rock-Star n\u00e4mlich um Hilfe f\u00fcr die Musiker in Afghanistan bat, signierte dieser prompt die edle Akustik-Gitarre und stellte sie f\u00fcr eine Versteigerung zugunsten der Not leidenden afghanischen Kollegen zur Verf\u00fcgung.<span class=\"Apple-converted-space\">\u00a0<\/span><\/p>\n<p>Stolze 6.000 Euro brachte das gute St\u00fcck bei der Charity-Auktion am Ende ein. Geld, mit dem Ahmad Jawed viel Gutes tun kann. &#8222;Mit nur 50 Euro ist eine f\u00fcnfk\u00f6pfige Familie in Afghanistan in der Lage, sich einen Monat lang zu ern\u00e4hren&#8220;, rechnet Ahmad Jawed vor.<\/p>\n<p>Er und seine Mitstreiter haben schon das Charity-Projekt im Blick: &#8222;Our Voice is our Answer&#8220; &#8211; eine Benefiz-Gala am 12. November (siehe unten), bei der Musiker mit afghanischen Wurzeln aus ganz Deutschland ohne Gage auf der B\u00fchne stehen, um Geld f\u00fcr die arbeitslosen Musiker-Kollegen einzuspielen.<\/p>\n<p>&#8222;Die Verteilung der Gelder an die Betroffenen ist in einem Land mit mittelalterlichen Strukturen kompliziert. Aber wir haben da unseren sicheren Mittel und Wege. Und ich kann garantieren, dass jeder einzelne Cent bei denjenigen ankommt, die das Geld dringend ben\u00f6tigen&#8220;, versichert Ahmad Jawed.<\/p>\n<p>Wie sich seine Fahrg\u00e4ste der Essener U-Bahn auf ihn verlassen k\u00f6nnen, bringt der Musiker mit den zwei v\u00f6llig unterschiedlichen Laufbahnen sicher auch noch so manche Aktion zugunsten Not leidender Kollegen in Afghanistan auf die Schiene.<span class=\"Apple-converted-space\">\u00a0<\/span><\/p>\n<p><strong>Text Peter Pionke<span class=\"Apple-converted-space\">\u00a0<\/span><\/strong><\/p>\n<p>&nbsp;<\/p>\n<div id=\"attachment_68167\" class=\"wp-caption alignnone\" style=\"max-width: 660px;\"><img loading=\"lazy\" decoding=\"async\" class=\"wp-image-68167 \" src=\"\/wp-content\/uploads\/2023\/09\/Chorforum_2023_09_00010-2.jpg\" alt=\"\" width=\"650\" height=\"593\" \/><span class=\"wp-caption-text\">Ahmad Jawed mit der Gitarre, die Peter Maffay f\u00fcr den guten Zweck zur Verf\u00fcgung gestellt hat &#8211; \u00a9 Fotostudio Essen<\/span><\/div>\n<h4>Hier k\u00f6nnen Sie spenden:<\/h4>\n<p>Afghanistan-Hilfe &#8211; Our Voice is our Answer &#8211; Ahmad Jawed<\/p>\n<p>IBAN: DE13<span class=\"Apple-converted-space\">\u00a0 <\/span>3607 0024 0567 8487 00<\/p>\n<p>&nbsp;<\/p>\n<p><strong>Link zum Video des Songs &#8222;Faryad&#8220; &#8211; Peter Maffay &amp; Ahmad Jawed &amp; Shabana:\u00a0<\/strong><\/p>\n<p><a href=\"https:\/\/youtu.be\/CmWUFYgeS78?si=0Qntwak-EpiY0qEE\">https:\/\/youtu.be\/CmWUFYgeS78?si=0Qntwak-EpiY0qEE<\/a><\/p>\n<p>&nbsp;<\/p>\n<h2>&#8222;Unsere Stimme ist unsere Antwort!&#8220;<\/h2>\n<p>Eine weitere Charity-Veranstaltung mit dem Titel &#8222;Our voice is our answer!&#8220; (Unsere Stimme ist unsere Antwort!) f\u00fcr die afghanischen Musiker ist am Sonntag (12.11.) fest terminiert.<\/p>\n<p>Auf der B\u00fchne im &#8222;Le Palais Festsaal&#8220; in Essen stehen dann Musiker aus Deutschland, den Niederlanden und den USA.<\/p>\n<p><b>Termin:<\/b><\/p>\n<p><b>&#8222;Our voice is our answer!&#8220;<\/b><\/p>\n<p><b>Charity-Festival\u00a0<\/b><\/p>\n<p>Sonntag &#8211; 12.11.2023 &#8211; 14 Uhr<\/p>\n<p>Le Palais Festsaal &#8211; Gladbacher Str. 12 &#8211; 45141 Essen<\/p>\n<p><a href=\"https:\/\/le-palais.com\/\">https:\/\/le-palais.com\/<\/a><\/p>\n<p>&nbsp;<\/p>\n<p><b>Die K\u00fcnstler: <\/b><\/p>\n<p>Ahmad Jawed aus Essen:\u00a0<a href=\"https:\/\/youtu.be\/4sJA4FPJdy8\">https:\/\/youtu.be\/4sJA4FPJdy8<\/a><\/p>\n<p>Mustafa Sufi aus Frankfurt:\u00a0<a href=\"https:\/\/youtu.be\/t3j-PawONoA\">https:\/\/youtu.be\/t3j-PawONoA<\/a><\/p>\n<p>Maschall Ander aus Bielefeld:\u00a0<a href=\"https:\/\/youtu.be\/bDS_qMrD8fI\">https:\/\/youtu.be\/bDS_qMrD8fI<\/a><\/p>\n<p>Ahmad Parwez aus Holland:\u00a0<a href=\"https:\/\/youtu.be\/QBbu-CEMeo0\">https:\/\/youtu.be\/QBbu-CEMeo0<\/a><\/p>\n<p>Ramsha Shifa aus der USA:\u00a0<a href=\"https:\/\/youtu.be\/vlB59YmKJdo\">https:\/\/youtu.be\/vlB59YmKJdo<\/a><\/p>\n<p>G\u00e4stezahl: 120 &#8211; Eintrittspreis: 50 \u20ac<\/p>\n<p>Der gesamte Erl\u00f6s von 6.000 \u20ac wird f\u00fcr die Musiker in Afghanistan und ihren Familien gespendet.<\/p>\n<p><b>Der Ablauf: <\/b><\/p>\n<p>14-16 Uhr: Afghanischen Songs, die durch akustische afghanische Instrumente begleitet werden<\/p>\n<p>16-18 Uhr: Buffet mit einem afghanischen 4-G\u00e4nge Men\u00fc inklusive Getr\u00e4nke<\/p>\n<p>18-21 Uhr: Livemusik<\/p>\n<p>&nbsp;<\/p>\n<p>&nbsp;<\/p>\n<p>&nbsp;<\/p>\n","protected":false},"excerpt":{"rendered":"<p>Er ist ein begnadeter Musiker. 2013 hat er sogar mit Rock-Star Peter Maffay den Song &#8222;Faryad&#8220; (Der Schrei) ver\u00f6ffentlicht. Es ist die afghanisch-deutsche Version von Maffays Hit &#8222;Nessaja&#8220;. Das Video zum Song wurde bereits knapp 40.000 Mal bei YouTube angeklickt.\u00a0<\/p>\n","protected":false},"author":7,"featured_media":0,"comment_status":"open","ping_status":"open","sticky":false,"template":"","format":"standard","meta":{"footnotes":""},"categories":[29],"tags":[],"class_list":["post-68270","post","type-post","status-publish","format-standard","hentry","category-kultur"],"publishpress_future_action":{"enabled":false,"date":"2026-05-08 19:28:27","action":"change-status","newStatus":"draft","terms":[],"taxonomy":"category","extraData":[]},"publishpress_future_workflow_manual_trigger":{"enabledWorkflows":[]},"_links":{"self":[{"href":"https:\/\/www.die-stadtzeitung.de\/index.php\/wp-json\/wp\/v2\/posts\/68270","targetHints":{"allow":["GET"]}}],"collection":[{"href":"https:\/\/www.die-stadtzeitung.de\/index.php\/wp-json\/wp\/v2\/posts"}],"about":[{"href":"https:\/\/www.die-stadtzeitung.de\/index.php\/wp-json\/wp\/v2\/types\/post"}],"author":[{"embeddable":true,"href":"https:\/\/www.die-stadtzeitung.de\/index.php\/wp-json\/wp\/v2\/users\/7"}],"replies":[{"embeddable":true,"href":"https:\/\/www.die-stadtzeitung.de\/index.php\/wp-json\/wp\/v2\/comments?post=68270"}],"version-history":[{"count":15,"href":"https:\/\/www.die-stadtzeitung.de\/index.php\/wp-json\/wp\/v2\/posts\/68270\/revisions"}],"predecessor-version":[{"id":68294,"href":"https:\/\/www.die-stadtzeitung.de\/index.php\/wp-json\/wp\/v2\/posts\/68270\/revisions\/68294"}],"wp:attachment":[{"href":"https:\/\/www.die-stadtzeitung.de\/index.php\/wp-json\/wp\/v2\/media?parent=68270"}],"wp:term":[{"taxonomy":"category","embeddable":true,"href":"https:\/\/www.die-stadtzeitung.de\/index.php\/wp-json\/wp\/v2\/categories?post=68270"},{"taxonomy":"post_tag","embeddable":true,"href":"https:\/\/www.die-stadtzeitung.de\/index.php\/wp-json\/wp\/v2\/tags?post=68270"}],"curies":[{"name":"wp","href":"https:\/\/api.w.org\/{rel}","templated":true}]}}