{"id":68231,"date":"2023-09-15T20:38:40","date_gmt":"2023-09-15T18:38:40","guid":{"rendered":"https:\/\/www.die-stadtzeitung.de\/?p=68231"},"modified":"2023-09-20T13:00:24","modified_gmt":"2023-09-20T11:00:24","slug":"meisterwerke-von-picasso-beckmann-zu-bestaunen","status":"publish","type":"post","link":"https:\/\/www.die-stadtzeitung.de\/index.php\/2023\/09\/15\/meisterwerke-von-picasso-beckmann-zu-bestaunen\/","title":{"rendered":"Meisterwerke von Picasso &#038; Beckmann zu bestaunen"},"content":{"rendered":"<div id=\"attachment_68234\" class=\"wp-caption alignnone\" style=\"max-width: 2570px;\"><img loading=\"lazy\" decoding=\"async\" class=\"wp-image-68234 size-full\" src=\"\/wp-content\/uploads\/2023\/09\/8842-2-scaled.jpg\" alt=\"\" width=\"2560\" height=\"1704\" \/><span class=\"wp-caption-text\">Museumsdirektor Dr. Roland M\u00f6nig beim Presserundgang vor Werken von Max Beckmann &#8211; \u00a9 Ralf Silberkuhl<\/span><\/div>\n<p>Von 13 bis 15 Uhr ist der Eintritt allerdings nur den geladenen G\u00e4sten vorbehalten. Au\u00dferdem wird es wegen strenger Sicherheitsma\u00dfnahmen generell nicht m\u00f6glich sein, Taschen, Jacken und M\u00e4ntel mit in die Ausstellung zu nehmen. Diese k\u00f6nnen kostenfrei an der Garderobe abgegeben werden.<\/p>\n<p>Die spektakul\u00e4re Ausstellung, eine Kooperation mit dem Sprengel Museum in Hannover, wird von Museumsdirektor Dr. Roland M\u00f6nig und seiner Stellvertreterin Dr. Antje Birth\u00e4lmer kuratiert.<span class=\"Apple-converted-space\">\u00a0<\/span><\/p>\n<p>Journalisten und Fotografen hatten die M\u00f6glichkeit, bei einem Presserundgang vorab einen Blick auf die Werke von teilweise unsch\u00e4tzbarem Wert zu werfen.<span class=\"Apple-converted-space\">\u00a0<\/span><\/p>\n<p>Pablo Picasso (1881 \u2013 1973) und Max Beckmann (1884 \u2013 1950) sind Schl\u00fcsselfiguren der Moderne. Beide leisteten in der ersten H\u00e4lfte des 20. Jahrhunderts entscheidende Beitr\u00e4ge zu einer Neudefinition der M\u00f6glichkeiten und der Aufgaben gegenst\u00e4ndlicher Malerei.<span class=\"Apple-converted-space\">\u00a0<\/span><\/p>\n<p>Auf breiter Basis und im Rahmen einer Ausstellung miteinander vergleichen konnte man ihre Werke und damit ihre k\u00fcnstlerischen Haltungen und Auffassungen indes noch nie.<span class=\"Apple-converted-space\">\u00a0<\/span><\/p>\n<div id=\"attachment_68236\" class=\"wp-caption alignnone\" style=\"max-width: 710px;\"><img loading=\"lazy\" decoding=\"async\" class=\"wp-image-68236 \" src=\"\/wp-content\/uploads\/2023\/09\/8865-2-scaled.jpg\" alt=\"\" width=\"700\" height=\"404\" \/><span class=\"wp-caption-text\">Findet ganz sicher gro\u00dfes Interesse, die Ausstellung von Pablo Picasso und Max Beckmann &#8211; \u00a9 Ralf Silberkuhl<\/span><\/div>\n<p>Das Von der Heydt-Museum Wuppertal und das Sprengel Museum Hannover, das die Ausstellung 2024 pr\u00e4sentieren wird, haben sich zusammengetan, um dies erstmals zu erm\u00f6glichen.<\/p>\n<p>Das Von der Heydt-Museum ist mit seiner Ausstellungsstation offizieller Partner des internationalen Projekts \u201eCelebration Picasso 1973-2023\u201c, das 2023 an den 50. Todestag des K\u00fcnstlers erinnert.<\/p>\n<p>Rund 200 Werke von Pablo Picasso und Max Beckmann sind in der Ausstellung zu erleben und zu bestaunen: Gem\u00e4lde und Grafiken sowie einzelne Skulpturen. Die hochrangigen Best\u00e4nde des Von der Heydt-Museums und des Sprengel Museums werden erg\u00e4nzt um kostbare Leihgaben \u2013 u.a. aus dem Centre Pompidou und dem Mus\u00e9e Picasso (Paris), dem Kunstmuseum Basel, den Bayerischen Staatsgem\u00e4ldesammlungen (M\u00fcnchen) und aus Privatbesitz.<\/p>\n<p>Die Ausstellung steht unter der Schirmherrschaft von Fran\u00e7ois Delattre, Botschafter der Franz\u00f6sischen Republik in Berlin.<\/p>\n<div id=\"attachment_68235\" class=\"wp-caption alignnone\" style=\"max-width: 712px;\"><img loading=\"lazy\" decoding=\"async\" class=\"wp-image-68235\" src=\"\/wp-content\/uploads\/2023\/09\/8834-scaled.jpg\" alt=\"\" width=\"702\" height=\"468\" \/><span class=\"wp-caption-text\">Dr. Roland M\u00f6nig, Direktor des Von der Heide-Museums &#8211; \u00a9 Ralf Silberkuhl<\/span><\/div>\n<p>&nbsp;<\/p>\n<p><strong>Termin:<\/strong><\/p>\n<h4>\u201ePablo Picasso | Max Beckmann. Mensch \u2013 Mythos \u2013 Welt\u201c<\/h4>\n<p>Austellungser\u00f6ffnung: Sonntag &#8211; 17.09.2013 &#8211; 13 Uhr<\/p>\n<p>Ausstellungsende: 07.01.2024<\/p>\n<p>Von der Heydt-Museum &#8211; Turmhof 8 &#8211; 42103 Wuppertal<\/p>\n<p><strong>Link zur Homepage des Von der Heydt-Museums:<\/strong><\/p>\n<p><a href=\"http:\/\/www.von-der-heydt-museum.de\">http:\/\/www.von-der-heydt-museum.de<\/a><\/p>\n","protected":false},"excerpt":{"rendered":"<p>Das Wuppertaler Von der Heydt-Museum pr\u00e4sentiert vom 17.09.2023 bis zum 07.01.2024 ein absolutes Kunst-Highlight: Die Ausstellung \u201ePablo Picasso | Max Beckmann. Mensch \u2013 Mythos \u2013 Welt\u201c.\u00a0<\/p>\n","protected":false},"author":7,"featured_media":0,"comment_status":"open","ping_status":"open","sticky":false,"template":"","format":"standard","meta":{"footnotes":""},"categories":[29],"tags":[],"class_list":["post-68231","post","type-post","status-publish","format-standard","hentry","category-kultur"],"publishpress_future_action":{"enabled":false,"date":"2026-05-06 12:36:29","action":"change-status","newStatus":"draft","terms":[],"taxonomy":"category","extraData":[]},"publishpress_future_workflow_manual_trigger":{"enabledWorkflows":[]},"_links":{"self":[{"href":"https:\/\/www.die-stadtzeitung.de\/index.php\/wp-json\/wp\/v2\/posts\/68231","targetHints":{"allow":["GET"]}}],"collection":[{"href":"https:\/\/www.die-stadtzeitung.de\/index.php\/wp-json\/wp\/v2\/posts"}],"about":[{"href":"https:\/\/www.die-stadtzeitung.de\/index.php\/wp-json\/wp\/v2\/types\/post"}],"author":[{"embeddable":true,"href":"https:\/\/www.die-stadtzeitung.de\/index.php\/wp-json\/wp\/v2\/users\/7"}],"replies":[{"embeddable":true,"href":"https:\/\/www.die-stadtzeitung.de\/index.php\/wp-json\/wp\/v2\/comments?post=68231"}],"version-history":[{"count":6,"href":"https:\/\/www.die-stadtzeitung.de\/index.php\/wp-json\/wp\/v2\/posts\/68231\/revisions"}],"predecessor-version":[{"id":68242,"href":"https:\/\/www.die-stadtzeitung.de\/index.php\/wp-json\/wp\/v2\/posts\/68231\/revisions\/68242"}],"wp:attachment":[{"href":"https:\/\/www.die-stadtzeitung.de\/index.php\/wp-json\/wp\/v2\/media?parent=68231"}],"wp:term":[{"taxonomy":"category","embeddable":true,"href":"https:\/\/www.die-stadtzeitung.de\/index.php\/wp-json\/wp\/v2\/categories?post=68231"},{"taxonomy":"post_tag","embeddable":true,"href":"https:\/\/www.die-stadtzeitung.de\/index.php\/wp-json\/wp\/v2\/tags?post=68231"}],"curies":[{"name":"wp","href":"https:\/\/api.w.org\/{rel}","templated":true}]}}