{"id":68227,"date":"2023-09-10T19:54:11","date_gmt":"2023-09-10T17:54:11","guid":{"rendered":"https:\/\/www.die-stadtzeitung.de\/?p=68227"},"modified":"2023-09-18T11:14:04","modified_gmt":"2023-09-18T09:14:04","slug":"wer-gewinnt-den-taktstock-von-dirigent-patrick-hahn","status":"publish","type":"post","link":"https:\/\/www.die-stadtzeitung.de\/index.php\/2023\/09\/10\/wer-gewinnt-den-taktstock-von-dirigent-patrick-hahn\/","title":{"rendered":"Wer gewinnt den Taktstock von Dirigent Patrick Hahn?"},"content":{"rendered":"<div class=\"page\" title=\"Page 2\">\n<div class=\"layoutArea\">\n<div class=\"column\">\n<div class=\"page\" title=\"Page 1\">\n<div class=\"layoutArea\">\n<div class=\"column\">\n<div id=\"attachment_51929\" class=\"wp-caption alignnone\" style=\"max-width: 2570px;\"><img loading=\"lazy\" decoding=\"async\" class=\"size-full wp-image-51929\" src=\"\/wp-content\/uploads\/2022\/05\/Antrittskonzert_Patrick_Hahn_III__c__Uwe_Schinkel-2-scaled.jpeg\" alt=\"\" width=\"2560\" height=\"1805\" \/><span class=\"wp-caption-text\">Der Wuppertaler Generalmusikdirektor Patrick Hahn am Dirigenten-Pult &#8211; \u00a9 Wuppertaler B\u00fchnen \/ Uwe Schinkel<\/span><\/div>\n<p>Neben Musik von beru\u0308hmten Komponisten wie Georg Friedrich Ha\u0308ndel, Ludwig van Beethoven und Johannes Brahms wartet diesmal ein ganz besonderer Gewinn auf junge und a\u0308ltere Klassikfans im Publikum: Einen Original-Taktstock von Patrick Hahn.<\/p>\n<p>Der Dirigent ist fu\u0308r viele Menschen ein Mysterium. Alle sehen ihn. Er steht vor dem Orchester und macht viele Bewegungen. Aber was haben sie zu bedeuten? Wie dirigiert man ein Orchester? Diesen Fragen widmet sich Patrick Hahn und Juri Tetzlaff. Gemeinsam mit dem Publikum tauchen sie ab in die Welt von Musik und Rhythmus. Ein unvergessliches Familienkonzert zum Zuho\u0308ren, Mitmachen und Spa\u00df haben fu\u0308r Klassikeinsteiger und die ganze Familie.<\/p>\n<p>Bei einem ganz besonderen Gewinnspiel verlost Generalmusikdirektor Patrick Hahn seinen magischen Zauberstab \u2013 den Taktstock. Kraft seiner Magie fanden schon viele verzaubernde Momente zusammen mit dem Sinfonieorchester statt. Am 17. September 2023 ist Patrick Hahn bereit, sich von seinem langja\u0308hrigen Begleiter zu trennen und diesen an ein Publikumsmitglied zu verschenken.<\/p>\n<p>Mit Gewinnspiel, Sitzkissenzone und dem hei\u00df geliebten Mitspielstu\u0308ck: Die jungen Konzertbesucher sind herzlich eingeladen, ein Kissen mitzubringen und es sich ganz vorne an der Bu\u0308hne gemu\u0308tlich zu machen. Wem das noch nicht nah genug ist, der kann am Gewinnspiel teilnehmen und einen von zwei Pla\u0308tzen auf der Konzertbu\u0308hne neben den Orchestermusiker und -Musiker gewinnen.<\/p>\n<p>Alle jungen Nachwuchsmusiker sind au\u00dferdem eingeladen, ihre Musikinstrumente mitzubringen und neben den Profis auf der Bu\u0308hne zu stehen. Zur Vorbereitung auf den gro\u00dfen Auftritt stehen die Noten zum Mitspielstu\u0308ck ab sofort auf der Website des Sinfonieorchester Wuppertal zum Download bereit.<\/p>\n<\/div>\n<\/div>\n<div class=\"layoutArea\">\n<div class=\"column\"><\/div>\n<\/div>\n<div class=\"layoutArea\">\n<div class=\"column\">\n<p><strong>Termin:<\/strong><\/p>\n<\/div>\n<\/div>\n<\/div>\n<div class=\"page\" title=\"Page 2\">\n<div class=\"layoutArea\">\n<div class=\"column\">\n<h4>DER ZAUBERSTAB IM ORCHESTER<\/h4>\n<p>01. Familienkonzert &#8211; ab 6 Jahren<br \/>\nSonntag &#8211; 17. September 2023 \u00a0-11 Uhr<br \/>\nHistorische Stadthalle Wuppertal &#8211; Gro\u00dfer Saal<\/p>\n<p>Juri Tetzlaff &#8211; Moderation<\/p>\n<p>Sinfonieorchester Wuppertal<\/p>\n<p>Patrick Hahn &#8211; Dirigent<\/p>\n<p>Mit Musik u. a. von Georg Friedrich Ha\u0308ndel, Ludwig van Beethoven, Johannes Brahms, Leonard Bernstein &amp; Aaron Copland<\/p>\n<p>TICKETS:\u00a0KulturKarte -Kirchplatz 1 &#8211; 42103 Wuppertal Ticket- und Abo-Hotline: +49 202 563 7666<\/p>\n<p><a href=\"http:\/\/sinfonieorchester-wuppertal.de\">http:\/\/sinfonieorchester-wuppertal.de<\/a><\/p>\n<\/div>\n<\/div>\n<div class=\"layoutArea\">\n<div class=\"column\">\n<p>&nbsp;<\/p>\n<\/div>\n<\/div>\n<\/div>\n<\/div>\n<\/div>\n<\/div>\n","protected":false},"excerpt":{"rendered":"<p>Im 1. Familienkonzert &#8222;Der Zauberstab im Orchester&#8220; dreht sich beim Sinfonieorchester Wuppertal am Sonntag (17.09.) um 11 Uhr alles um den Dirigenten. Generalmusikdirektor Patrick Hahn verr\u00e4t Juri Tetzlaff, Moderator beim Kinder-TV-Kanal &#8222;KiKA&#8220;, im Gro\u00dfen Saal der Historischen Stadthalle Wuppertal seine Tricks und erkl\u00e4rt, worauf es beim Dirigieren ankommt.<\/p>\n","protected":false},"author":7,"featured_media":0,"comment_status":"open","ping_status":"open","sticky":false,"template":"","format":"standard","meta":{"footnotes":""},"categories":[29],"tags":[],"class_list":["post-68227","post","type-post","status-publish","format-standard","hentry","category-kultur"],"publishpress_future_action":{"enabled":false,"date":"2026-05-08 19:27:35","action":"change-status","newStatus":"draft","terms":[],"taxonomy":"category","extraData":[]},"publishpress_future_workflow_manual_trigger":{"enabledWorkflows":[]},"_links":{"self":[{"href":"https:\/\/www.die-stadtzeitung.de\/index.php\/wp-json\/wp\/v2\/posts\/68227","targetHints":{"allow":["GET"]}}],"collection":[{"href":"https:\/\/www.die-stadtzeitung.de\/index.php\/wp-json\/wp\/v2\/posts"}],"about":[{"href":"https:\/\/www.die-stadtzeitung.de\/index.php\/wp-json\/wp\/v2\/types\/post"}],"author":[{"embeddable":true,"href":"https:\/\/www.die-stadtzeitung.de\/index.php\/wp-json\/wp\/v2\/users\/7"}],"replies":[{"embeddable":true,"href":"https:\/\/www.die-stadtzeitung.de\/index.php\/wp-json\/wp\/v2\/comments?post=68227"}],"version-history":[{"count":3,"href":"https:\/\/www.die-stadtzeitung.de\/index.php\/wp-json\/wp\/v2\/posts\/68227\/revisions"}],"predecessor-version":[{"id":68230,"href":"https:\/\/www.die-stadtzeitung.de\/index.php\/wp-json\/wp\/v2\/posts\/68227\/revisions\/68230"}],"wp:attachment":[{"href":"https:\/\/www.die-stadtzeitung.de\/index.php\/wp-json\/wp\/v2\/media?parent=68227"}],"wp:term":[{"taxonomy":"category","embeddable":true,"href":"https:\/\/www.die-stadtzeitung.de\/index.php\/wp-json\/wp\/v2\/categories?post=68227"},{"taxonomy":"post_tag","embeddable":true,"href":"https:\/\/www.die-stadtzeitung.de\/index.php\/wp-json\/wp\/v2\/tags?post=68227"}],"curies":[{"name":"wp","href":"https:\/\/api.w.org\/{rel}","templated":true}]}}