{"id":68198,"date":"2023-09-14T12:53:06","date_gmt":"2023-09-14T10:53:06","guid":{"rendered":"https:\/\/www.die-stadtzeitung.de\/?p=68198"},"modified":"2023-09-14T12:53:06","modified_gmt":"2023-09-14T10:53:06","slug":"kuenstler-klaus-burandt-mit-einer-urne-durch-oesterreich","status":"publish","type":"post","link":"https:\/\/www.die-stadtzeitung.de\/index.php\/2023\/09\/14\/kuenstler-klaus-burandt-mit-einer-urne-durch-oesterreich\/","title":{"rendered":"K\u00fcnstler Klaus Burandt: Mit einer Urne durch \u00d6sterreich\u00a0"},"content":{"rendered":"<div id=\"attachment_68202\" class=\"wp-caption alignnone\" style=\"max-width: 2570px;\"><img loading=\"lazy\" decoding=\"async\" class=\"wp-image-68202 size-full\" src=\"\/wp-content\/uploads\/2023\/09\/Klaus-Burandt-2-scaled.jpg\" alt=\"\" width=\"2560\" height=\"2077\" \/><span class=\"wp-caption-text\">Der K\u00fcnstler Klaus Burandt &#8211; immer elegant und stilvoll- \u00a9 Dr. Matthias Dohmen<\/span><\/div>\n<p>So hat es jedenfalls eine Leserin und alte Freundin des Autors formuliert. Bisher sind hier Erika Schneider, Klaus Schumann und Michael Walter portr\u00e4tiert worden. Diesmal steht der K\u00fcnstler Klaus Burandt im Fokus.<\/p>\n<p>Klaus Burandt sagt man vielf\u00e4ltige Interessen und Fertigkeiten nach. Geboren wurde er am 17. M\u00e4rz 1940 im pommerschen Stargard. Er war noch keine f\u00fcnf, als am 05.01.1945 die Flucht begann. Zu Fu\u00df nach Mecklenburg.<\/p>\n<p>Die Volksschule besuchte er in Neu Wokern, das an der Strecke zwischen Teterow und G\u00fcstrow liegt. Den ber\u00fchmten Bildhauer Ernst Barlach (02.01.1870 &#8211; 24.10.1938) hat er schon als Heranwachsender sehr geliebt und w\u00e4re selbst gern Steinmetz geworden. Stattdessen \u2013 die DDR garantierte jedem einen Arbeitsplatz, von freier Wahl wollte sie aber nichts wissen \u2013 machte er eine Lehre zum Gebrauchswerber. So nannte sich das.<\/p>\n<p>Klaus Burandt malte \u201eAmi, go home\u201c-Plakate oder Friedenstauben und gestaltete \u201eFriedensecken\u201c, die es in jedem Betrieb gab, aus Zeichnungen, Fotos und Agitprop. Beliebtes Motiv: Sowjetsoldat plus deutscher Arbeiter.<\/p>\n<h4>Lehre als Schirmmacher<\/h4>\n<p>Er erinnert sich mancher Hauruckaktion. \u201eSo hie\u00df es in einer MTS, einer Maschinen-Traktor-Station, an einem Montag: Samstag kommt eine Delegation, bis dahin muss die Friedensecke fertig sein. Und die B\u00fchne gleich dazu.\u201c Daf\u00fcr gab es zwar keine Knete, aber beispielsweise zwei Reifen.<\/p>\n<p>Mit der Lehre in Teterow war er 1957 fertig geworden, zwei Jahre sp\u00e4ter t\u00fcrmte er in den Westen, und zwar alleine. Die Mutter, Ma\u00dfschneiderin in K\u00f6nigsberg bis zu ihrer Heirat, zog ihm sp\u00e4ter nach. Den Vater, unselbst\u00e4ndiger Kaufmann, hat er nie kennengelernt: Er fiel 1944 in der UdSSR. Ob er ein Grab hat und wo es liegt: Man wei\u00df es nicht.<\/p>\n<p>In der DDR hatte Klaus eigentlich keine Schwierigkeiten. Doch dann steckte ihm ein Schulkamerad, dass die SED-Kreisleitung ihn auf dem Kieker habe und er wom\u00f6glich am n\u00e4chsten Tag verhaftet w\u00fcrde. Und da erschien es Klaus Burandt sinnvoll, das Weite zu suchen und nachts um drei Uhr in einen Interzonenzug einzusteigen. Er erinnert sich, dass es der \u00f6stliche deutsche Staat mit seinem antifaschistischen Engagement bei der Erziehung der Jugend ernster gehalten habe als der westliche.<\/p>\n<div id=\"attachment_68203\" class=\"wp-caption alignnone\" style=\"max-width: 759px;\"><img loading=\"lazy\" decoding=\"async\" class=\"wp-image-68203 \" src=\"\/wp-content\/uploads\/2023\/09\/Foto_2023-09-02_173353-20-scaled.jpg\" alt=\"\" width=\"749\" height=\"553\" \/><span class=\"wp-caption-text\">Cover des Katalogs \u201eSchiffe und H\u00e4fen\u201c des Museums Altona und der Zeitschrift \u201estern\u201c. &#8211; \u00a9 Reproduktionen: Uwe Brehm<\/span><\/div>\n<p>Erste Station im Westen war K\u00f6ln. Dort arbeitete er zur Probe, bis er davon h\u00f6rte, dass in Elberfeld ein Hertie-Haus gebaut w\u00fcrde. 1959 stellte man ihn dort ein. F\u00fcnf Jahre blieb er dort, bei \u201ema\u00dfvollem Verdienst\u201c, wie er heute sagt.<\/p>\n<p>Dann wechselte er in eine Lehre als Schirmmacher. Man k\u00f6derte ihn damit, dass er \u201eweiter dekorieren\u201c und dabei einen neuen Beruf lernen k\u00f6nne. \u201eSchirm Potell\u201c hie\u00df der Laden (gegen\u00fcber Pasche), der heute nicht mehr existiert. Sein Gesellenst\u00fcck war ein Herrenschirm mit geschnitztem Griff, einem Pferdekopf aus Lindenholz.<\/p>\n<p>In der Zeitung las er Mitte der 1960er Jahre, dass der Telefon- und Schulbuch-Verlag Schwann in D\u00fcsseldorf Leute mit zeichnerischem Talent suche. Beworben und angenommen. Sp\u00e4ter ging er nach Essen auf eine Schule, nach deren Abschluss er sich Farbtiefdruckretuscheur nennen durfte. Letzte und zeitlich ausgedehnteste berufliche Station war die Stadt Wuppertal, f\u00fcr die er als technischer Zeichner arbeitete.<span class=\"Apple-converted-space\">\u00a0<\/span><\/p>\n<p>Burandt hat \u00fcber 50 Plakate und Postkarten entworfen, im Jubil\u00e4umsjahr des Zoologischen Gartens etliche Pinguine geschaffen, zahlreiche Karnevalsorden, Briefmarken, Plattencover, Altarbilder und ein B\u00fchnenbild, Ostereier, Geb\u00e4ckdosen und eine \u201eHummel\u201c-Figur gestaltet und B\u00fccher illustriert, darunter einen Reisef\u00fchrer f\u00fcr Kinder und einen \u201eStadtbummel durch Berlin\u201c, geh\u00f6rt der Gruppe \u201eHenri Rousseau\u201c an und hat sich an zahlreichen Ausstellungen im In- und Ausland beteiligt.<\/p>\n<h4>Mit Orden und Auszeichnungen dekoriert<\/h4>\n<p>Seine Arbeiten h\u00e4ngen im Clemens-Sels-Museum (Neuss), im Altonaer Museum (Hamburg), der k\u00fcrzlich geschlossenen Sammlung Holzinger (M\u00fcnchen) und in Pariser Museen, aber auch dem Von-der-Heydt-Museum. Eine Ausstellung ist ihm aber bislang verwehrt worden.<\/p>\n<p>In dieser Beziehung sieht er sich \u00e4hnlich ignoriert wie der Wuppertaler Maler Walter Wohlfeld (26.06.1917 &#8211; 26.02.2002) und wie die Bildhauerin Ulle Hees (19.03.1941 &#8211; 09.07.2012), die u.a. die Skulpturen der Wuppertaler Originale &#8222;Mina Knallenfalls&#8220; und &#8222;Zuckerfritz&#8220; schuf.<\/p>\n<p>Stichwort Orden: Klaus Burandt ist Hauptmann der Prinzengarde und Tr\u00e4ger von Auszeichnungen wie des Toleranzordens, der auch Johannes Rau und Pina Bausch verliehen wurde, sowie jederzeit gern gesehener Gast auf Veranstaltungen der f\u00fcnften Jahreszeit.<span class=\"Apple-converted-space\">\u00a0<\/span><\/p>\n<p>Themen, mit denen er sich seit langem besch\u00e4ftigt, sind Preu\u00dfen und der gro\u00dfe Kurf\u00fcrst, Dietrich Bonhoeffer, Katharina von Bora und Albert Schweitzer \u2013 f\u00fcr eine Kirche in Bremen hat er zum Lutherjahr einen lebensgro\u00dfen Bonhoeffer gestaltet. Er begeistert sich f\u00fcr die Geschichte und die Gegenwart Russlands und liest neben Biographischem (zuletzt \u00fcber Heinrich Heine) mit Vorliebe Mundartliches von Theodor Tarnow und Fritz Reuter.<span class=\"Apple-converted-space\">\u00a0<\/span><\/p>\n<p>Klaus Burandt hat an ungez\u00e4hlten Ausschreibungen teilgenommen wie an dem Wettbewerb \u201eSchiffe und H\u00e4fen\u201c der Zeitschrift \u201estern\u201c und des Altonaer Museums, Untertitel \u201eLaienmaler&#8220; zeigen ausgew\u00e4hlte Arbeiten aus dem Wettbewerb deutscher Laien- und Sonntagsmaler. Das war Anfang bis Mitte der 1970er Jahre. Burandt erhielt den 15. Preis bei insgesamt 11.330 Einsendungen.<\/p>\n<div id=\"attachment_68204\" class=\"wp-caption alignnone\" style=\"max-width: 417px;\"><img loading=\"lazy\" decoding=\"async\" class=\"wp-image-68204\" src=\"\/wp-content\/uploads\/2023\/09\/Foto_2023-09-02_173613-21-scaled.jpg\" alt=\"\" width=\"407\" height=\"575\" \/><span class=\"wp-caption-text\">Boris Alexander Burandt als r\u00f6mischer Kaiser Titus (30.12.39 -13.09.81) &#8211; \u00a9 privat<\/span><\/div>\n<p>Eine Freundschaft verband ihn mit Ji\u0159\u00ed Gru\u0161a, der mit V\u00e1clav Havel im Gef\u00e4ngnis sa\u00df und die letzten Lebensjahre in der Bundesrepublik verbrachte. Dessen in einem Diplomatenkoffer deponierte Urne sowie dessen Witwe kutschierte Klaus Burandt vor f\u00fcnf Jahren bei eisigen Temperaturen von hier nach Wien und weiter nach Prag, wo der Schriftsteller, Dissident und Diplomat schlie\u00dflich im Familiengrab seine letzte Ruhr fand.<\/p>\n<p>Verheiratet ist Klaus Burandt mit Birgitta, die ebenfalls in Diensten der Stadt Wuppertal stand, und zwar als Schulsekret\u00e4rin und in der Stadtbibliothek. Das Interesse an Vergangenem hat er dem Sohn Boris Alexander vererbt, der als Arch\u00e4ologe an der Frankfurter Universit\u00e4t arbeitet.<\/p>\n<p>Mittlerweile sind die beiden Burandts pensioniert, gehen aber, was nicht verwunderlich ist, denselben Hobbys und Leidenschaften nach wie vorher. Und vererben ihre Steckenpferde. So hat sich Klaus\u2018 Interesse f\u00fcr Geschichte, f\u00fcr die preu\u00dfische und die deutsche Geschichte auf den Sohn \u00fcbertragen. Boris Alexander Burandt \u00a0hat schon als Siebenj\u00e4hriger einen r\u00f6mischen Legion\u00e4r gespielt. Sp\u00e4ter als Arch\u00e4ologe erforschte die Epoche des R\u00f6mischen Reiches und ist heute Direktor des Museums Burg Linn.<\/p>\n<p>Klaus Burandt ist \u00fcbrigens einer der Protagonisten, die ich in meinem Buch &#8222;M\u00e4nner im Tal&#8220; \u00a0portr\u00e4tiert habe.<\/p>\n<p><strong>DR. MATTHIAS DOHMEN<\/strong><\/p>\n<p>&nbsp;<\/p>\n<p><img loading=\"lazy\" decoding=\"async\" class=\"alignnone size-full wp-image-68210\" src=\"\/wp-content\/uploads\/2023\/09\/media_83058163.jpeg\" alt=\"\" width=\"284\" height=\"426\" \/><\/p>\n<h4>&#8222;M\u00e4nner im Tal&#8220;<\/h4>\n<p><strong>Dr. Matthias Dohmen\u00a0<\/strong><\/p>\n<p class=\"\">Portr\u00e4ts<\/p>\n<p class=\"\">Weilerswist &#8211; Ralf Liebe &#8211; 2018<\/p>\n<p class=\"\">116 Seiten \u00a0&#8211; 14,00 \u20ac<\/p>\n<p class=\"\">ISBN 978-3-944566-83-2<\/p>\n<p>&nbsp;<\/p>\n<p>&nbsp;<\/p>\n<p>&nbsp;<\/p>\n<p>&nbsp;<\/p>\n<p>&nbsp;<\/p>\n","protected":false},"excerpt":{"rendered":"<p>\u201eUPDATE\u201c hei\u00dft unsere Serie, in der Dr. Matthias Dohmen, Journalist, Dozent und Historiker, Pers\u00f6nlichkeiten aus dem Bergischen Land vorstellt. Mit alten und neuen Texten. Mit Fotos und Dokumenten. Menschen, die ihm etwas bedeuten. Manche kennt man gut, andere weniger. Aber wer ihre Texte liest, m\u00f6chte sie sie vermutlich alle pers\u00f6nlich kennenlernen.<\/p>\n","protected":false},"author":7,"featured_media":0,"comment_status":"open","ping_status":"open","sticky":false,"template":"","format":"standard","meta":{"footnotes":""},"categories":[29],"tags":[],"class_list":["post-68198","post","type-post","status-publish","format-standard","hentry","category-kultur"],"publishpress_future_action":{"enabled":false,"date":"2026-05-08 19:27:52","action":"change-status","newStatus":"draft","terms":[],"taxonomy":"category","extraData":[]},"publishpress_future_workflow_manual_trigger":{"enabledWorkflows":[]},"_links":{"self":[{"href":"https:\/\/www.die-stadtzeitung.de\/index.php\/wp-json\/wp\/v2\/posts\/68198","targetHints":{"allow":["GET"]}}],"collection":[{"href":"https:\/\/www.die-stadtzeitung.de\/index.php\/wp-json\/wp\/v2\/posts"}],"about":[{"href":"https:\/\/www.die-stadtzeitung.de\/index.php\/wp-json\/wp\/v2\/types\/post"}],"author":[{"embeddable":true,"href":"https:\/\/www.die-stadtzeitung.de\/index.php\/wp-json\/wp\/v2\/users\/7"}],"replies":[{"embeddable":true,"href":"https:\/\/www.die-stadtzeitung.de\/index.php\/wp-json\/wp\/v2\/comments?post=68198"}],"version-history":[{"count":11,"href":"https:\/\/www.die-stadtzeitung.de\/index.php\/wp-json\/wp\/v2\/posts\/68198\/revisions"}],"predecessor-version":[{"id":68213,"href":"https:\/\/www.die-stadtzeitung.de\/index.php\/wp-json\/wp\/v2\/posts\/68198\/revisions\/68213"}],"wp:attachment":[{"href":"https:\/\/www.die-stadtzeitung.de\/index.php\/wp-json\/wp\/v2\/media?parent=68198"}],"wp:term":[{"taxonomy":"category","embeddable":true,"href":"https:\/\/www.die-stadtzeitung.de\/index.php\/wp-json\/wp\/v2\/categories?post=68198"},{"taxonomy":"post_tag","embeddable":true,"href":"https:\/\/www.die-stadtzeitung.de\/index.php\/wp-json\/wp\/v2\/tags?post=68198"}],"curies":[{"name":"wp","href":"https:\/\/api.w.org\/{rel}","templated":true}]}}