{"id":67916,"date":"2023-09-05T19:02:18","date_gmt":"2023-09-05T17:02:18","guid":{"rendered":"https:\/\/www.die-stadtzeitung.de\/?p=67916"},"modified":"2023-09-11T09:41:02","modified_gmt":"2023-09-11T07:41:02","slug":"ali-polat-ist-tot-er-war-opfer-eines-brutalen-ueberfalls","status":"publish","type":"post","link":"https:\/\/www.die-stadtzeitung.de\/index.php\/2023\/09\/05\/ali-polat-ist-tot-er-war-opfer-eines-brutalen-ueberfalls\/","title":{"rendered":"Ali Polat ist tot: Er war Opfer eines brutalen \u00dcberfalls"},"content":{"rendered":"<div id=\"attachment_37977\" class=\"wp-caption alignnone\" style=\"max-width: 801px;\"><img loading=\"lazy\" decoding=\"async\" class=\"size-full wp-image-37977\" src=\"\/wp-content\/uploads\/2021\/05\/8e630b88-fda3-4d81-9445-4565a327df7d-2.jpg\" alt=\"\" width=\"791\" height=\"585\" \/><span class=\"wp-caption-text\">Ali Polat (im Rollstuhl) mit Ehefrau Vida beim Einzug in die behindertengerechten Wohnung in Barmen. Mit dabei MdB Helge Lindh (2.v.r.) &#8211; \u00a9 Rosi Gundelbacher<\/span><\/div>\n<p>Das t\u00fcrkischst\u00e4mmige Opfer ist inzwischen in seiner Heimatstadt Dersim (T\u00fcrkei) beigesetzt worden.<\/p>\n<p>Zuletzt hatte Ali Polat mit seiner Ehefrau Vida in einer behindertengerechten Wohnung in Barmen am Rott gewohnt. Er war auf einen 24-Stunden-Rund-um-die-Uhr-Pflege angewiesen.<\/p>\n<p>Das ebenerdige neue Zuhause hatten die Polats mit Unterst\u00fctzung der Ex-Stadtverordneten Rosemarie Gundelbacher (CDU) und des Bundestagsabgeordneten Helge Lindh (SPD) gefunden.<\/p>\n<p>Rosemarie Gundelbacher ist ersch\u00fcttert \u00fcber den Tod von Ali Polat: &#8222;Ich bin so traurig. Der arme Mann hat soviel Leid erfahren m\u00fcssen. Sein Leben und das seiner Frau ist durch die brutale Attacke zerst\u00f6rt worden. M\u00f6ge er in Frieden ruhen.&#8220;<\/p>\n<h4>Der tragische Fall des Ali Polat<span class=\"Apple-converted-space\">\u00a0<\/span><\/h4>\n<p>Die Tat sorgte im Mai 2019 f\u00fcr Entsetzen! Zwei Jugendliche \u00fcberfielen im Flur eines Wohnhauses auf Heckinghauser Strasse den damals 70 Jahre alten Ali Polat.<span class=\"Apple-converted-space\">\u00a0<\/span><\/p>\n<p>Ohne Vorwarnung schlugen sie auf den Rentner ein, stie\u00dfen ihn brutal mit dem Kopf gegen die Wand und pr\u00fcgelten sogar noch auf den wehrlosen Mann ein, als er schon am Boden lag.<span class=\"Apple-converted-space\">\u00a0<\/span><\/p>\n<p>M\u00e4dchen, die die beide Jugendlichen begeleiteten, schritten nicht ein, sondern feuerten Calvin-Jeremias (14) und Hendrik-Christo (15) sogar noch an.<\/p>\n<p>Ali Polat erlitt eine schwere Hirnblutung und lag wochenlang im Koma. Er erholte sich von brutalen Attacken nie wieder und war seitdem ein Pflegefall.<span class=\"Apple-converted-space\">\u00a0<\/span><\/p>\n<h4>Mildes Urteil f\u00fcr die jugendlichen T\u00e4ter<\/h4>\n<p>Ein Wuppertaler Gericht verurteilte die jugendlichen T\u00e4ter zu zwei Jahren und vier Monaten Gef\u00e4ngnis wegen gemeinschaftlicher gef\u00e4hrlicher K\u00f6rperverletzung. F\u00fcr viele Proze\u00dfbeobachter &#8211; auch f\u00fcr Ecevit Polat, Sohn des Opfers &#8211; ein viel zu mildes Urteil.<span class=\"Apple-converted-space\">\u00a0<\/span><\/p>\n<p>Die Verteidigung hatte sogar gefordert, die beiden Mitglieder der ber\u00fcchtigten &#8222;Gucci-Jugendbande&#8220; nur zu einer Haftstrafe von eineinhalb Jahren auf Bew\u00e4hrung zu verurteilen, wie Carsten Rebber, Anwalt von Ali Polat berichtete.<\/p>\n<p>Es dauerte Monate, bis Ali Polat \u00fcberhaupt Schadenersatz zugesprochen wurde. Die Gegenseite zweifelte an, dass die brutalen Schl\u00e4ge \u00fcberhaupt die Ursache f\u00fcr die Hirnblutung und das Koma von Ali Polat waren.<span class=\"Apple-converted-space\">\u00a0<\/span><\/p>\n<p>Am Ende bekam er doch noch Recht. Aber mit der Schadenersatzzahlung konnte sich Ali Polat leider nicht die f\u00fcr immer verlorene Lebensqualit\u00e4t zur\u00fcckkaufen.<span class=\"Apple-converted-space\">\u00a0<\/span><\/p>\n<p><b>Text Peter Pionke<\/b><\/p>\n","protected":false},"excerpt":{"rendered":"<p>Trauer um Ali Polat! Der Rentner, der im Mai 2019 von zwei Jugendlichen (15 &#8211; 14) im Hausflur eines Mietshauses in Heckinghhausen brutal zusammengeschlagen wurde, ist jetzt im Alter von 73 Jahren im Kreise seiner Familie gestorben. Ali Polat war seit dem \u00dcberfall ein Schwerstpflegefall und hat sich von den Folgen der unfassbaren Gewalttat nie mehr erholt.<\/p>\n","protected":false},"author":7,"featured_media":0,"comment_status":"open","ping_status":"open","sticky":false,"template":"","format":"standard","meta":{"footnotes":""},"categories":[24],"tags":[],"class_list":["post-67916","post","type-post","status-publish","format-standard","hentry","category-wuppertal"],"publishpress_future_action":{"enabled":false,"date":"2026-05-02 10:53:28","action":"change-status","newStatus":"draft","terms":[],"taxonomy":"category","extraData":[]},"publishpress_future_workflow_manual_trigger":{"enabledWorkflows":[]},"_links":{"self":[{"href":"https:\/\/www.die-stadtzeitung.de\/index.php\/wp-json\/wp\/v2\/posts\/67916","targetHints":{"allow":["GET"]}}],"collection":[{"href":"https:\/\/www.die-stadtzeitung.de\/index.php\/wp-json\/wp\/v2\/posts"}],"about":[{"href":"https:\/\/www.die-stadtzeitung.de\/index.php\/wp-json\/wp\/v2\/types\/post"}],"author":[{"embeddable":true,"href":"https:\/\/www.die-stadtzeitung.de\/index.php\/wp-json\/wp\/v2\/users\/7"}],"replies":[{"embeddable":true,"href":"https:\/\/www.die-stadtzeitung.de\/index.php\/wp-json\/wp\/v2\/comments?post=67916"}],"version-history":[{"count":4,"href":"https:\/\/www.die-stadtzeitung.de\/index.php\/wp-json\/wp\/v2\/posts\/67916\/revisions"}],"predecessor-version":[{"id":67922,"href":"https:\/\/www.die-stadtzeitung.de\/index.php\/wp-json\/wp\/v2\/posts\/67916\/revisions\/67922"}],"wp:attachment":[{"href":"https:\/\/www.die-stadtzeitung.de\/index.php\/wp-json\/wp\/v2\/media?parent=67916"}],"wp:term":[{"taxonomy":"category","embeddable":true,"href":"https:\/\/www.die-stadtzeitung.de\/index.php\/wp-json\/wp\/v2\/categories?post=67916"},{"taxonomy":"post_tag","embeddable":true,"href":"https:\/\/www.die-stadtzeitung.de\/index.php\/wp-json\/wp\/v2\/tags?post=67916"}],"curies":[{"name":"wp","href":"https:\/\/api.w.org\/{rel}","templated":true}]}}