{"id":67890,"date":"2023-08-28T09:52:51","date_gmt":"2023-08-28T07:52:51","guid":{"rendered":"https:\/\/www.die-stadtzeitung.de\/?p=67890"},"modified":"2023-09-02T10:39:45","modified_gmt":"2023-09-02T08:39:45","slug":"standort-wuppertal-aptiv-verlaengert-mietvertrag","status":"publish","type":"post","link":"https:\/\/www.die-stadtzeitung.de\/index.php\/2023\/08\/28\/standort-wuppertal-aptiv-verlaengert-mietvertrag\/","title":{"rendered":"Standort Wuppertal: APTIV verl\u00e4ngert Mietvertrag"},"content":{"rendered":"<div class=\"page\" title=\"Page 1\">\n<div class=\"layoutArea\">\n<div class=\"column\">\n<div id=\"attachment_67892\" class=\"wp-caption alignnone\" style=\"max-width: 2314px;\"><img loading=\"lazy\" decoding=\"async\" class=\"size-full wp-image-67892\" src=\"\/wp-content\/uploads\/2023\/09\/APTIV-Wuppertal09-2.jpg\" alt=\"\" width=\"2304\" height=\"1448\" \/><span class=\"wp-caption-text\">Die Wuppertaler Niederlassung des Technologie-Unternehmens APTIV am Technologiepark 1 &#8211; \u00a9 APTIV<\/span><\/div>\n<p>Das meldete der Immobilienberater JLL, der APTIV bei den Verhandlungen mit der Eigentu\u0308merin, der Tonor Grundstu\u0308cksvermietungsgesellschaft mbH, beraten hat. Der 20.400 m2 gro\u00dfe Standort befindet sich in einer der wichtigsten Industrieregionen Europas. Hier arbeiten zukunftsorientiert Ingenieure, Techniker und Manager.<\/p>\n<p>Oberbu\u0308rgermeister Dr. Uwe Schneidewind freut sich, dass das fu\u0308hrende Technologieunternehmen aus den Bereichen Software-definiertes Fahrzeug, Elektromobilita\u0308t, autonomes Fahren \u00a0und Fahrzeugsicherheit sein Engagement in Wuppertal fortsetzt.<\/p>\n<p>Der OB erkl\u00e4rt: \u201eDass ein solch renommierter Innovationsfu\u0308hrer sich langfristig zu Wuppertal bekennt, ist ein starkes Signal fu\u0308r den lokalen Wirtschaftsstandort. Als Entwickler von Softwarelo\u0308sungen und elektrischen Systemen fu\u0308r Fahrerassistenzsysteme leistet APTIV einen wichtigen Beitrag, um die Mobilita\u0308t der Zukunft voranzubringen. Damit gehen auch rund 1.000 Arbeitspla\u0308tze von hochqualifizierten Fachkra\u0308ften einher, die in der Stadt erhalten bleiben.\u201c<\/p>\n<p>Das international aufgestellte Unternehmen APTIV unterha\u0308lt acht Standorte mit u\u0308ber 2.300 Mitarbeiterinnen und Mitarbeitern \u00a0in Deutschland. Das Technical Center in Wuppertal umfasst eine gro\u00dfe Forschungs- und Entwicklungsabteilung.<\/p>\n<p><strong>Link zur Homepage von APTIV:<\/strong><\/p>\n<p><a href=\"http:\/\/www.aptiv.com\">http:\/\/www.aptiv.com<\/a><\/p>\n<\/div>\n<\/div>\n<\/div>\n","protected":false},"excerpt":{"rendered":"<p>Gute Nachrichten f\u00fcr den Wirtschaftsstandort Wuppertal. Das globale Technologieunternehmen APTIV (fr\u00fcher Delphi) hat den Mietvertrag f\u00fcr sein Technical Center am Technologiepark 1 in Wuppertal langfristig verl\u00e4ngert.<\/p>\n","protected":false},"author":7,"featured_media":0,"comment_status":"open","ping_status":"open","sticky":false,"template":"","format":"standard","meta":{"footnotes":""},"categories":[22],"tags":[],"class_list":["post-67890","post","type-post","status-publish","format-standard","hentry","category-wirtschaft"],"publishpress_future_action":{"enabled":false,"date":"2026-05-09 01:53:37","action":"change-status","newStatus":"draft","terms":[],"taxonomy":"category","extraData":[]},"publishpress_future_workflow_manual_trigger":{"enabledWorkflows":[]},"_links":{"self":[{"href":"https:\/\/www.die-stadtzeitung.de\/index.php\/wp-json\/wp\/v2\/posts\/67890","targetHints":{"allow":["GET"]}}],"collection":[{"href":"https:\/\/www.die-stadtzeitung.de\/index.php\/wp-json\/wp\/v2\/posts"}],"about":[{"href":"https:\/\/www.die-stadtzeitung.de\/index.php\/wp-json\/wp\/v2\/types\/post"}],"author":[{"embeddable":true,"href":"https:\/\/www.die-stadtzeitung.de\/index.php\/wp-json\/wp\/v2\/users\/7"}],"replies":[{"embeddable":true,"href":"https:\/\/www.die-stadtzeitung.de\/index.php\/wp-json\/wp\/v2\/comments?post=67890"}],"version-history":[{"count":3,"href":"https:\/\/www.die-stadtzeitung.de\/index.php\/wp-json\/wp\/v2\/posts\/67890\/revisions"}],"predecessor-version":[{"id":67894,"href":"https:\/\/www.die-stadtzeitung.de\/index.php\/wp-json\/wp\/v2\/posts\/67890\/revisions\/67894"}],"wp:attachment":[{"href":"https:\/\/www.die-stadtzeitung.de\/index.php\/wp-json\/wp\/v2\/media?parent=67890"}],"wp:term":[{"taxonomy":"category","embeddable":true,"href":"https:\/\/www.die-stadtzeitung.de\/index.php\/wp-json\/wp\/v2\/categories?post=67890"},{"taxonomy":"post_tag","embeddable":true,"href":"https:\/\/www.die-stadtzeitung.de\/index.php\/wp-json\/wp\/v2\/tags?post=67890"}],"curies":[{"name":"wp","href":"https:\/\/api.w.org\/{rel}","templated":true}]}}