{"id":67816,"date":"2023-09-01T22:04:19","date_gmt":"2023-09-01T20:04:19","guid":{"rendered":"https:\/\/www.die-stadtzeitung.de\/?p=67816"},"modified":"2023-09-11T16:07:26","modified_gmt":"2023-09-11T14:07:26","slug":"ueber-dich-eine-spannende-reise-ins-unterbewusstsein","status":"publish","type":"post","link":"https:\/\/www.die-stadtzeitung.de\/index.php\/2023\/09\/01\/ueber-dich-eine-spannende-reise-ins-unterbewusstsein\/","title":{"rendered":"&#8222;\u00dcber Dich&#8220;: Eine spannende Reise ins Unterbewusstsein"},"content":{"rendered":"<div id=\"attachment_67820\" class=\"wp-caption alignnone\" style=\"max-width: 864px;\"><img loading=\"lazy\" decoding=\"async\" class=\"wp-image-67820 size-full\" src=\"\/wp-content\/uploads\/2023\/08\/jjjjj-21-2.jpg\" alt=\"\" width=\"854\" height=\"726\" \/><span class=\"wp-caption-text\">Die Psychologin und K\u00fcnstlerin Iryna Grossu beim Malen von &#8222;Soul Peaces&#8220; &#8211; \u00a9 privat<\/span><\/div>\n<p>Iryna Grossu, die in der Ukraine geboren wurde und seit Jahren mit ihrer Familie in Wuppertal wohnt und arbeitet, zeigt Gem\u00e4lde, aus denen assoziative Karten, sogenannte &#8222;Soul Peaces&#8220; entstanden sind.<\/p>\n<p>&#8222;Jedes Bild dient als kreatives Instrument, um die Tiefe, Gef\u00fchle, \u00dcberzeugungen und Erfahrungen jedes einzelnen zu erkunden&#8220;, erkl\u00e4rt die K\u00fcnstlerin, Ehefrau von Yevgen Besedin, <span class=\"Apple-converted-space\">Gr\u00fcnder des Charity-Vereins &#8222;Stand with UA&#8220;, der vor Putins Angriffskrieg in ihrer Heimat <\/span>gefl\u00fcchtete Ukrainerinnen und deren Kinder unterst\u00fctzt.<\/p>\n<h4>&#8222;Soul Peaces&#8220; unterst\u00fctzen Psychologinnen und Psychologen<\/h4>\n<p>&#8222;Soul Peaces&#8220; k\u00f6nnen nicht nur Psychologen und Coaches bei ihrer Arbeit unterst\u00fctzen, sondern auch jedem Menschen helfen, sich selbst besser zu verstehen.<\/p>\n<p>Gestalt-Coachin Iryna Grossu erkl\u00e4rt die psychologischen Hintergr\u00fcnde: &#8222;Unser Unterbewusstsein speichert alles und kann durch diese Bilder auf eine umfassende Weise angesprochen werden. Beim Betrachten der Kunstwerke tauchen Sie in die Welt der dargestellten Charaktere ein, beobachten Gef\u00fchle, Gedanken und Handlungen. Durch die Identifikation mit diesen Charakteren gewinnen Sie ein tieferes Verst\u00e4ndnis von sich selbst sowie Einblicke in die Ursachen und Zusammenh\u00e4nge Ihres eigenen Verhaltens.&#8220;<\/p>\n<div id=\"attachment_67821\" class=\"wp-caption alignnone\" style=\"max-width: 760px;\"><img loading=\"lazy\" decoding=\"async\" class=\"wp-image-67821 \" src=\"\/wp-content\/uploads\/2023\/08\/27-12-12-21-2.jpg\" alt=\"\" width=\"750\" height=\"624\" \/><span class=\"wp-caption-text\">Die Malerei ist die gro\u00dfe Leidenschaft von Irina Grossu &#8211; \u00a9 privat<\/span><\/div>\n<p>Was die Besucherinnen und Besucher der Ausstellung &#8222;\u00dcber Dich&#8220; erwartet: Interaktive Aktivit\u00e4ten, die Ihre Selbsterforschung f\u00f6rdern &#8211;\u00a0Inspirierende Gem\u00e4lde, die die Essenz des Menschseins erkunden &#8211;\u00a0Kreative Ressourcen f\u00fcr Beratungs- und Coaching-Sitzungen &#8211;\u00a0Gelegenheit zum Austausch und f\u00fcr vertiefende Gespr\u00e4che.<\/p>\n<p>Wer will, kann dort in seine innere Welt eintauchen und die vielschichtigen Facetten seiner Pers\u00f6nlichkeit entdecken. Eine spannende Reise ins &#8222;Ich&#8220;. <strong>(pp)<\/strong><\/p>\n<p>&nbsp;<\/p>\n<p><strong>TERMIN:<\/strong><\/p>\n<p>Ausstellung<\/p>\n<h4>&#8222;\u00dcber Dich&#8220;<\/h4>\n<p><strong>Iryna Grossu<\/strong><\/p>\n<p>Samstag &#8211; 09.09.2023 &#8211; 14:00 &#8211; 17:30 Uhr<\/p>\n<p>&#8222;TANZlust&#8220; in der Alten Bandweberei &#8211; Bornberg 55 &#8211; 42109 Wuppertal<span class=\"Apple-converted-space\">\u00a0<\/span><\/p>\n<p><strong>Link zur Homepage von &#8222;TANZlust&#8220;:<\/strong><\/p>\n<p><a href=\"http:\/\/www.tanz-lust.de\">http:\/\/www.tanz-lust.de<\/a><\/p>\n<div id=\"attachment_67822\" class=\"wp-caption alignnone\" style=\"max-width: 559px;\"><img loading=\"lazy\" decoding=\"async\" class=\"wp-image-67822 \" src=\"\/wp-content\/uploads\/2023\/08\/ooloi23-08-27-12-16-11.jpg\" alt=\"\" width=\"549\" height=\"732\" \/><span class=\"wp-caption-text\">Von Irina Grossu geschaffene &#8222;Soul Peaces&#8220; &#8211; \u00a9 privat<\/span><\/div>\n","protected":false},"excerpt":{"rendered":"<p>&#8222;\u00dcber Dich&#8220; heisst die au\u00dfergew\u00f6hnliche Ausstellung, die Iryna Grossu am Samstag (09.09.) ab 14 Uhr in der Location\u00a0&#8222;TANZlust&#8220; in der Alten Bandweberei pr\u00e4dentiert. Die psychologische Beraterin, Gestalt-Coachin und K\u00fcnstlerin l\u00e4dt die Betrachter ihrer Bilder zu einer Reise in ihr eigenes Unterbewusstsein ein.\u00a0<\/p>\n","protected":false},"author":7,"featured_media":0,"comment_status":"open","ping_status":"open","sticky":false,"template":"","format":"standard","meta":{"footnotes":""},"categories":[29],"tags":[],"class_list":["post-67816","post","type-post","status-publish","format-standard","hentry","category-kultur"],"publishpress_future_action":{"enabled":false,"date":"2026-05-05 05:02:14","action":"change-status","newStatus":"draft","terms":[],"taxonomy":"category","extraData":[]},"publishpress_future_workflow_manual_trigger":{"enabledWorkflows":[]},"_links":{"self":[{"href":"https:\/\/www.die-stadtzeitung.de\/index.php\/wp-json\/wp\/v2\/posts\/67816","targetHints":{"allow":["GET"]}}],"collection":[{"href":"https:\/\/www.die-stadtzeitung.de\/index.php\/wp-json\/wp\/v2\/posts"}],"about":[{"href":"https:\/\/www.die-stadtzeitung.de\/index.php\/wp-json\/wp\/v2\/types\/post"}],"author":[{"embeddable":true,"href":"https:\/\/www.die-stadtzeitung.de\/index.php\/wp-json\/wp\/v2\/users\/7"}],"replies":[{"embeddable":true,"href":"https:\/\/www.die-stadtzeitung.de\/index.php\/wp-json\/wp\/v2\/comments?post=67816"}],"version-history":[{"count":9,"href":"https:\/\/www.die-stadtzeitung.de\/index.php\/wp-json\/wp\/v2\/posts\/67816\/revisions"}],"predecessor-version":[{"id":68138,"href":"https:\/\/www.die-stadtzeitung.de\/index.php\/wp-json\/wp\/v2\/posts\/67816\/revisions\/68138"}],"wp:attachment":[{"href":"https:\/\/www.die-stadtzeitung.de\/index.php\/wp-json\/wp\/v2\/media?parent=67816"}],"wp:term":[{"taxonomy":"category","embeddable":true,"href":"https:\/\/www.die-stadtzeitung.de\/index.php\/wp-json\/wp\/v2\/categories?post=67816"},{"taxonomy":"post_tag","embeddable":true,"href":"https:\/\/www.die-stadtzeitung.de\/index.php\/wp-json\/wp\/v2\/tags?post=67816"}],"curies":[{"name":"wp","href":"https:\/\/api.w.org\/{rel}","templated":true}]}}