{"id":67575,"date":"2023-08-12T15:46:31","date_gmt":"2023-08-12T13:46:31","guid":{"rendered":"https:\/\/www.die-stadtzeitung.de\/?p=67575"},"modified":"2023-08-21T10:02:11","modified_gmt":"2023-08-21T08:02:11","slug":"talflimmern-neuer-rekord-trotz-daueregens","status":"publish","type":"post","link":"https:\/\/www.die-stadtzeitung.de\/index.php\/2023\/08\/12\/talflimmern-neuer-rekord-trotz-daueregens\/","title":{"rendered":"&#8222;Talflimmern&#8220;: Neuer Rekord trotz Daueregens"},"content":{"rendered":"<div id=\"attachment_67577\" class=\"wp-caption alignnone\" style=\"max-width: 1343px;\"><img loading=\"lazy\" decoding=\"async\" class=\"size-full wp-image-67577\" src=\"\/wp-content\/uploads\/2023\/08\/Talflimmern_22072023_Planenmodus_honorarfrei-nutzbar_Copyright-cinopsis-2.jpg\" alt=\"\" width=\"1333\" height=\"1158\" \/><span class=\"wp-caption-text\">Das &#8222;Talflimmern&#8220;-Areal im Innenhof der Alten Feuerwache an der Gathe &#8211; \u00a9 : &#8218;cinopsis&#8216;<\/span><\/div>\n<p>Die zur\u00fcckliegende Spielzeit geh\u00f6rte dabei zu den regenreichsten der gesamten &#8222;Talflimmern&#8220;-Geschichte. Bereits ab Mitte Juli bestimmten Gewitter und Starkregen den Himmel \u00fcber Wuppertal, und so kam das Raffplanensystem \u00fcber dem Kino-Areal fast unentwegt zum Einsatz.<span class=\"Apple-converted-space\">\u00a0<\/span><\/p>\n<p>Trotzdem ist die Bilanz positiv: Insgesamt konnten 3.300 G\u00e4ste gez\u00e4hlt werden, was einen Zuwachs von 10 Prozent gegen\u00fcber dem Ergebnis des letzten Sommers darstellt.<\/p>\n<p>Auch die Auslastung verbesserte sich, und zwar um 20 Prozent. Zu den besucherst\u00e4rksten Filmabenden geh\u00f6rten der Hitchcock-Klassiker &#8222;\u00dcber den D\u00e4chern von Nizza&#8220;, die Literaturverfilmung &#8222;Der Gesang der Flusskrebse&#8220;, der Thriller &#8222;Don&#8217;t Worry Darling&#8220;, die Satire &#8222;Triangle of Sadness&#8220; sowie der bereits eingangs erw\u00e4hnte Abschlussabend mit Preview.<span class=\"Apple-converted-space\">\u00a0<\/span><\/p>\n<p>Nun schmieden die Veranstalter Mark Rieder und Mark Tykwer bereits die ersten Pl\u00e4ne f\u00fcr die Fortsetzung ihres popul\u00e4ren Formats. Die n\u00e4chste Staffel des Sommerkinos beginnt voraussichtlich am 05. Juli 2024.<\/p>\n<p>Detaillierte Infos zur Reihe sind im Internet unter <a href=\"http:\/\/www.talflimmern.de\/\">www.talflimmern.de<\/a> abrufbar.&#8216;<\/p>\n<p>&nbsp;<\/p>\n<p>&nbsp;<\/p>\n<p>&nbsp;<\/p>\n","protected":false},"excerpt":{"rendered":"<p>Mit einer ausverkauften Vorpremiere des Films &#8222;Sophia, der Tod und ich&#8220; beendete das &#8222;Talflimmern&#8220;-Team am vergangenen Samstag nach acht Wochen Programm-Marathon die 22. Ausgabe des Freiluftkinos im Innenhof der Alten Feuerwache an der Elberfelder Gathe.\u00a0<\/p>\n","protected":false},"author":7,"featured_media":0,"comment_status":"open","ping_status":"open","sticky":false,"template":"","format":"standard","meta":{"footnotes":""},"categories":[29],"tags":[],"class_list":["post-67575","post","type-post","status-publish","format-standard","hentry","category-kultur"],"publishpress_future_action":{"enabled":false,"date":"2026-05-07 18:00:24","action":"change-status","newStatus":"draft","terms":[],"taxonomy":"category","extraData":[]},"publishpress_future_workflow_manual_trigger":{"enabledWorkflows":[]},"_links":{"self":[{"href":"https:\/\/www.die-stadtzeitung.de\/index.php\/wp-json\/wp\/v2\/posts\/67575","targetHints":{"allow":["GET"]}}],"collection":[{"href":"https:\/\/www.die-stadtzeitung.de\/index.php\/wp-json\/wp\/v2\/posts"}],"about":[{"href":"https:\/\/www.die-stadtzeitung.de\/index.php\/wp-json\/wp\/v2\/types\/post"}],"author":[{"embeddable":true,"href":"https:\/\/www.die-stadtzeitung.de\/index.php\/wp-json\/wp\/v2\/users\/7"}],"replies":[{"embeddable":true,"href":"https:\/\/www.die-stadtzeitung.de\/index.php\/wp-json\/wp\/v2\/comments?post=67575"}],"version-history":[{"count":2,"href":"https:\/\/www.die-stadtzeitung.de\/index.php\/wp-json\/wp\/v2\/posts\/67575\/revisions"}],"predecessor-version":[{"id":67578,"href":"https:\/\/www.die-stadtzeitung.de\/index.php\/wp-json\/wp\/v2\/posts\/67575\/revisions\/67578"}],"wp:attachment":[{"href":"https:\/\/www.die-stadtzeitung.de\/index.php\/wp-json\/wp\/v2\/media?parent=67575"}],"wp:term":[{"taxonomy":"category","embeddable":true,"href":"https:\/\/www.die-stadtzeitung.de\/index.php\/wp-json\/wp\/v2\/categories?post=67575"},{"taxonomy":"post_tag","embeddable":true,"href":"https:\/\/www.die-stadtzeitung.de\/index.php\/wp-json\/wp\/v2\/tags?post=67575"}],"curies":[{"name":"wp","href":"https:\/\/api.w.org\/{rel}","templated":true}]}}