{"id":67567,"date":"2023-08-12T14:20:26","date_gmt":"2023-08-12T12:20:26","guid":{"rendered":"https:\/\/www.die-stadtzeitung.de\/?p=67567"},"modified":"2023-08-18T14:23:44","modified_gmt":"2023-08-18T12:23:44","slug":"lore-duwe-faehrt-auf-beach-volleyball-ab","status":"publish","type":"post","link":"https:\/\/www.die-stadtzeitung.de\/index.php\/2023\/08\/12\/lore-duwe-faehrt-auf-beach-volleyball-ab\/","title":{"rendered":"Lore Duwe f\u00e4hrt auf Beach-Volleyball ab"},"content":{"rendered":"<div id=\"attachment_45875\" class=\"wp-caption alignnone\" style=\"max-width: 2570px;\"><img loading=\"lazy\" decoding=\"async\" class=\"size-full wp-image-45875\" src=\"\/wp-content\/uploads\/2020\/12\/Lore-Duwe-Foto-von-Manfred-Goergens-1-scaled.jpg\" alt=\"\" width=\"2560\" height=\"1704\" \/><span class=\"wp-caption-text\">Lore Duwe &#8211; \u00a9 Manfred G\u00f6rgens<\/span><\/div>\n<p>Mal unter uns! Das rote Band wurde durchschnitten vurch Stephan Langhard, B\u00fcrgermeister der Stadt Schwelm. Und damit war die neue Beach-Volleyball-Anlage am Ochsenkamp offiziell er\u00f6ffnet.<\/p>\n<p>&#8222;Vor Drei Jahren ist Gereon Duwe mit seiner Idee an mich herangetreten. Ich war sofort begeistert. Dann haben wie uns gemeinsam nach einem geeigneten Standort umgeschaut. Schlie\u00dflich blieb unser Blick auf dem Gel\u00e4nde an der Jesinghauser Strasse h\u00e4nge&#8220; erinnert sich der Schwelmer Stadtvater an die Anf\u00e4nge.<\/p>\n<p>Mit viel Engagement erstellte Beach-Volleyball-Trainer- und -Organistor Gereon Duwe eine Skizze und brachte dabei auch all seine Erfahrungen mit ein.<span class=\"Apple-converted-space\">\u00a0<\/span><\/p>\n<p>So entstand mit insgesmt 1.000 Tonnen Sand eine moderne, sportgerechte Beach-Volleyball-Anlage mit drei Spielfeldern, die allen Hobby- und Vereins-Volleyballern zur Verf\u00fcgung steht.<span class=\"Apple-converted-space\">\u00a0<\/span><\/p>\n<div id=\"attachment_67570\" class=\"wp-caption alignnone\" style=\"max-width: 410px;\"><img loading=\"lazy\" decoding=\"async\" class=\" wp-image-67570\" src=\"\/wp-content\/uploads\/2023\/08\/PHOTO-2023-08-14-22-30-12-2.jpg\" alt=\"\" width=\"400\" height=\"557\" \/><span class=\"wp-caption-text\">Der Schwelger B\u00fcrgermeister Stephan Langhard(l.) \u00a0mit Gereon Duwe -\u00a9 Lore Duwe<\/span><\/div>\n<p>Bei einem gro\u00dfen Turnier mit Mannschaften und vielen Fans aus Dormund, Essen, D\u00fcsseldorf und nat\u00fcrlich dem Bergischen Land bestand die neue Anlage ihre Feuertaufe.<\/p>\n<p>Regenschauer und nasser Sand konnte den Teilnehmerinen und Teilnehmern den Sa\u00df am Beach-Volleybal-Sport nicht verderben. Keine Frage: Schweln ist im eine neue Attration f\u00fcr Sportlerinnen und Sportler reicher.<\/p>\n<p>Bis die Tage oder auf schwelmer Platt &#8222;Tesamen sitt vi Heemefe\u00df&#8220; (zusammen sind wir Schwelm)<\/p>\n<p><strong>Ihre Lore Duwe\/Euer L\u00f6rken<\/strong><\/p>\n<div id=\"attachment_67199\" class=\"wp-caption alignnone\" style=\"max-width: 411px;\"><img loading=\"lazy\" decoding=\"async\" class=\" wp-image-67199\" src=\"\/wp-content\/uploads\/2023\/07\/PHOTO-2023-07-26-20-54-17-2.jpg\" alt=\"\" width=\"401\" height=\"240\" \/><span class=\"wp-caption-text\">Impressionen vom Volleyball-Turnier in Schwelm &#8211; \u00a9 Lore Duwe<\/span><\/div>\n<p>&nbsp;<\/p>\n","protected":false},"excerpt":{"rendered":"<p>In ihrer Kolumne \u201eMal unter uns\u2026!\u201c kommentiert die beliebte Wuppertaler Schauspielerin, T\u00e4nzerin, S\u00e4ngerin und Autorin Lore Duwe das Stadtgeschehen damals wie heute aus ihrem ganz pers\u00f6nlichen Blickwinkel. <\/p>\n","protected":false},"author":7,"featured_media":0,"comment_status":"open","ping_status":"open","sticky":false,"template":"","format":"standard","meta":{"footnotes":""},"categories":[25],"tags":[],"class_list":["post-67567","post","type-post","status-publish","format-standard","hentry","category-lifestyle"],"publishpress_future_action":{"enabled":false,"date":"2026-05-06 06:47:27","action":"change-status","newStatus":"draft","terms":[],"taxonomy":"category","extraData":[]},"publishpress_future_workflow_manual_trigger":{"enabledWorkflows":[]},"_links":{"self":[{"href":"https:\/\/www.die-stadtzeitung.de\/index.php\/wp-json\/wp\/v2\/posts\/67567","targetHints":{"allow":["GET"]}}],"collection":[{"href":"https:\/\/www.die-stadtzeitung.de\/index.php\/wp-json\/wp\/v2\/posts"}],"about":[{"href":"https:\/\/www.die-stadtzeitung.de\/index.php\/wp-json\/wp\/v2\/types\/post"}],"author":[{"embeddable":true,"href":"https:\/\/www.die-stadtzeitung.de\/index.php\/wp-json\/wp\/v2\/users\/7"}],"replies":[{"embeddable":true,"href":"https:\/\/www.die-stadtzeitung.de\/index.php\/wp-json\/wp\/v2\/comments?post=67567"}],"version-history":[{"count":4,"href":"https:\/\/www.die-stadtzeitung.de\/index.php\/wp-json\/wp\/v2\/posts\/67567\/revisions"}],"predecessor-version":[{"id":67572,"href":"https:\/\/www.die-stadtzeitung.de\/index.php\/wp-json\/wp\/v2\/posts\/67567\/revisions\/67572"}],"wp:attachment":[{"href":"https:\/\/www.die-stadtzeitung.de\/index.php\/wp-json\/wp\/v2\/media?parent=67567"}],"wp:term":[{"taxonomy":"category","embeddable":true,"href":"https:\/\/www.die-stadtzeitung.de\/index.php\/wp-json\/wp\/v2\/categories?post=67567"},{"taxonomy":"post_tag","embeddable":true,"href":"https:\/\/www.die-stadtzeitung.de\/index.php\/wp-json\/wp\/v2\/tags?post=67567"}],"curies":[{"name":"wp","href":"https:\/\/api.w.org\/{rel}","templated":true}]}}