{"id":67510,"date":"2023-08-09T12:01:57","date_gmt":"2023-08-09T10:01:57","guid":{"rendered":"https:\/\/www.die-stadtzeitung.de\/?p=67510"},"modified":"2023-08-16T07:40:02","modified_gmt":"2023-08-16T05:40:02","slug":"bergischer-hc-ueberzeugte-gegen-wetzlar","status":"publish","type":"post","link":"https:\/\/www.die-stadtzeitung.de\/index.php\/2023\/08\/09\/bergischer-hc-ueberzeugte-gegen-wetzlar\/","title":{"rendered":"Bergischer HC \u00fcberzeugte gegen Wetzlar"},"content":{"rendered":"<div class=\"page\" title=\"Page 1\">\n<div class=\"layoutArea\">\n<div class=\"column\">\n<div id=\"attachment_65895\" class=\"wp-caption alignnone\" style=\"max-width: 2570px;\"><img loading=\"lazy\" decoding=\"async\" class=\"size-full wp-image-65895\" src=\"\/wp-content\/uploads\/2023\/06\/Elias-Scholtes-2-Classen--scaled.jpg\" alt=\"\" width=\"2560\" height=\"1707\" \/><span class=\"wp-caption-text\">\u00dcberzeugte auch gegen Wetzlar: Elias Scholtes (Nr. 4) &#8211; \u00a9 Archivfoto Jochen Cassen<\/span><\/div>\n<p>&#8222;Objektiv betrachtet war das ein sehr guter Auftritt von uns&#8220;, resu\u0308mierte Jamal Naji, der allerdings auch entta\u0308uscht war. &#8222;Wir sind in das Spiel gegangen, um das Turnier doch noch zu gewinnen. Dafu\u0308r haben wir leider nicht hoch genug gewonnen.&#8220;<\/p>\n<p>Mit sechs Treffern hatten die Bergischen in der zweiten Ha\u0308lfte schon vorne gelegen. Ha\u0308tte sich der Trend fortgesetzt, wa\u0308ren sie wohl mit dem Titel nach Hause gefahren. Doch Wetzlar setzte auf den siebten Feldspieler und kam damit noch das entscheidende Stu\u0308ckchen heran, um sich selbst zum Sieger zu kro\u0308nen. An der Bewertung der BHC-Leistung a\u0308nderte dies aber wenig: &#8222;Linus hat das Spiel hervorragend gesteuert, die Kreis-Kooperationen waren auch sehr gut&#8220;, lobte der Trainer, der auch Alexander Weck fu\u0308r seinen Auftritt in der ersten Halbzeit lobte.<\/p>\n<p>Hatte sich der BHC im gebundenen Angriff gegen Mors-Thy Handbold zwei Tage zuvor noch schwer getan und immer wieder Ballverluste erlitten, geho\u0308rte er am Samstagabend zu den gro\u00dfen Sta\u0308rken. Nicht u\u0308ber Aron Seesing am Kreis hatten die Lo\u0308wen Erfolg, auch die Au\u00dfen wurden erfolgreich in Szene gesetzt. Der nach einer Fingerverletzung wieder einsatzbereite Tim Nothdurft traf sechs Mal,<\/p>\n<h4>Arnesson wieder bester Werfer<\/h4>\n<p>Noah Beyer vier Mal &#8211; auf der anderen Au\u00dfenseite war die Mannschaft immerhin dreifach erfolgreich. &#8222;Das Tempospiel sah zu Beginn gut aus, aber wir haben dann auch viele Fehler in dem Bereich gemacht&#8220;, sagte Naji, der mit Blick auf das gesamte Spiel analysierte: &#8222;Wir hatten zwei fu\u0308nfminu\u0308tige Schwa\u0308chephasen. Ansonsten hat mir das gut gefallen.&#8220;<\/p>\n<p>Unter dem Strich wurde der BHC damit &#8222;nur&#8220; Dritter hinter den punktgleichen Teams der HSG Wetzlar und Mors-Thy Handbold. Linus Arnesson erzielte die meisten Tore des Turniers.<\/p>\n<p><strong>Bergischer HC<\/strong>: Rudeck, Johannesson (1) &#8211; Nothdurft (6), Beyer (4), Stutzke, Andersen (2), Weck (2), Arnesson (7\/6), Babak, Morante Maldonado (1), Seesing (5), Dell, Scholtes (2), Fraatz (2), Persson (1)<\/p>\n<\/div>\n<\/div>\n<\/div>\n","protected":false},"excerpt":{"rendered":"<p>Den Sieg beim Linden Cup hat der Bergische HC zwar knapp verpasst, doch im abschlie\u00dfenden Spiel gegen die HSG Wetzlar bot die Mannschaft eine \u00fcberzeugende Vorstellung. 60 Minuten lang lie\u00dfen die L\u00f6wen keinen Zweifel am Erfolg aufkommen und gewannen 33:29 (16:13).<\/p>\n","protected":false},"author":7,"featured_media":0,"comment_status":"open","ping_status":"open","sticky":false,"template":"","format":"standard","meta":{"footnotes":""},"categories":[20],"tags":[],"class_list":["post-67510","post","type-post","status-publish","format-standard","hentry","category-sport"],"publishpress_future_action":{"enabled":false,"date":"2026-05-06 06:48:29","action":"change-status","newStatus":"draft","terms":[],"taxonomy":"category","extraData":[]},"publishpress_future_workflow_manual_trigger":{"enabledWorkflows":[]},"_links":{"self":[{"href":"https:\/\/www.die-stadtzeitung.de\/index.php\/wp-json\/wp\/v2\/posts\/67510","targetHints":{"allow":["GET"]}}],"collection":[{"href":"https:\/\/www.die-stadtzeitung.de\/index.php\/wp-json\/wp\/v2\/posts"}],"about":[{"href":"https:\/\/www.die-stadtzeitung.de\/index.php\/wp-json\/wp\/v2\/types\/post"}],"author":[{"embeddable":true,"href":"https:\/\/www.die-stadtzeitung.de\/index.php\/wp-json\/wp\/v2\/users\/7"}],"replies":[{"embeddable":true,"href":"https:\/\/www.die-stadtzeitung.de\/index.php\/wp-json\/wp\/v2\/comments?post=67510"}],"version-history":[{"count":3,"href":"https:\/\/www.die-stadtzeitung.de\/index.php\/wp-json\/wp\/v2\/posts\/67510\/revisions"}],"predecessor-version":[{"id":67513,"href":"https:\/\/www.die-stadtzeitung.de\/index.php\/wp-json\/wp\/v2\/posts\/67510\/revisions\/67513"}],"wp:attachment":[{"href":"https:\/\/www.die-stadtzeitung.de\/index.php\/wp-json\/wp\/v2\/media?parent=67510"}],"wp:term":[{"taxonomy":"category","embeddable":true,"href":"https:\/\/www.die-stadtzeitung.de\/index.php\/wp-json\/wp\/v2\/categories?post=67510"},{"taxonomy":"post_tag","embeddable":true,"href":"https:\/\/www.die-stadtzeitung.de\/index.php\/wp-json\/wp\/v2\/tags?post=67510"}],"curies":[{"name":"wp","href":"https:\/\/api.w.org\/{rel}","templated":true}]}}