{"id":67389,"date":"2023-08-10T11:27:58","date_gmt":"2023-08-10T09:27:58","guid":{"rendered":"https:\/\/www.die-stadtzeitung.de\/?p=67389"},"modified":"2024-11-12T13:49:03","modified_gmt":"2024-11-12T12:49:03","slug":"komoedien-star-max-von-der-groeben-gaenzt-in-ernsten-rollen","status":"publish","type":"post","link":"https:\/\/www.die-stadtzeitung.de\/index.php\/2023\/08\/10\/komoedien-star-max-von-der-groeben-gaenzt-in-ernsten-rollen\/","title":{"rendered":"Kom\u00f6dien-Star Max von der Groeben g\u00e4nzt in ernsten Rollen"},"content":{"rendered":"<div id=\"attachment_45439\" class=\"wp-caption alignnone\" style=\"max-width: 2570px;\"><img loading=\"lazy\" decoding=\"async\" class=\"size-full wp-image-45439\" src=\"\/wp-content\/uploads\/2016\/08\/IMG_4783-scaled.jpeg\" alt=\"\" width=\"2560\" height=\"1868\" \/><span class=\"wp-caption-text\">Schauspieler Max von der Groeben &#8211; \u00a9 Lars Henning Schr\u00f6der &amp; Schwarz Berlin<\/span><\/div>\n<p>So sehr sich Max von der Groeben auch \u00fcber diesen Erfolg freute, eines wollte er auf gar keinen Fall: Als Schauspieler in die Kom\u00f6dien- oder Comedy-Schublade gesteckt zu werden.<span class=\"Apple-converted-space\">\u00a0<\/span><\/p>\n<p>Die Gefahr ist l\u00e4ngst gebannt. Max von der Groeben hat in den letzten Jahren mehr als eindrucksvoll bewiesen, dass er ein brillanter Darsteller mit klassischer Schauspielausbildung, vielen Gesichtern und einem breiten Rollenspektum ist.<span class=\"Apple-converted-space\">\u00a0<\/span><\/p>\n<p>Eine seiner ersten ernsten Rollen spielte er als \u201eW\u00e4schereifahrer Benny\u201c im M\u00fcnchner Tatort \u201eMia san jetzt da wo\u2019s weh tut\u201c (2016). Die Kritiker \u00fcberzeugte er auch voll und ganz in dem nervenzerfetzenden Thriller \u201eKidnapping Stella\u201c (2019), der deutschen Adaption des britischen Dramas \u201eSpurlos \u2013 die Entf\u00fchrung der Alice Creed\u201c.<\/p>\n<p>Hier spielte Max von der Groeben den brutalen Kidnapper Tom, der seine Ex-Freundin Stella aus Rache mit seinem Komplizen Vic entf\u00fchrt und f\u00fcr sie L\u00f6segeld fordert. In dem Thriller kommt es am Ende zum blutigen Showdown.<span class=\"Apple-converted-space\">\u00a0<\/span><\/p>\n<p>In dem Drama &#8222;Auerhaus&#8220; (2019) stellte er sehr beeindruckend den Bauernsohn Frieder dar, der nach einem Selbstmordversuch in der Psychiatrie landet und sich am Ende doch umbringt.<span class=\"Apple-converted-space\">\u00a0<\/span><\/p>\n<p>Im Film-Portrait &#8222;Lindenberg! Mach Dein Ding&#8220; (2020) ist Max von der Groeben als Steffi Stephan, Bassist von Udo Lindenbergs &#8222;Panik-Orchester&#8220;, zu sehen.<span class=\"Apple-converted-space\">\u00a0<\/span><\/p>\n<p>Von der Kritik gelobt auch seine schauspielrischen Leistungen als Kommissar Paul Severin an der Seite von Liv Lisa Fries (&#8222;Babylon Berlin&#8220;) in dem d\u00fcsteren, historischen Thriller &#8222;Hinterland&#8220; (2021) und in dem Science Fiction-Drama &#8222;Das Haus&#8220; (2021).<\/p>\n<h4>Die Wandlung zum Charakter-Darsteller<\/h4>\n<p>Keine Frage, Max von der Groeben hat den Weg vom gefeierten Kom\u00f6dien-Star zum gefragten und anerkannten Charakterdarsteller erfolgreich zur\u00fcckgelegt. Von ihm wird man noch viel h\u00f6ren und nat\u00fcrlich auch sehen.<span class=\"Apple-converted-space\">\u00a0<\/span><\/p>\n<p>Max von der Groeben stammt \u00fcbrigens aus einer Famlie mit gro\u00dfer Kamera-Erfahrung: Seine Mutter Ulrike von der Groeben (66) ist eines der beliebtesten TV-Gesichter von RTL. Sie moderiert neben News-Anchorman Peter Kloeppel (64) die Sportnachrichten in der Sendung \u201eRTL aktuell\u201c (18:45 Uhr).<span class=\"Apple-converted-space\">\u00a0<\/span><\/p>\n<p>Vater Alexander von Groeben (67), zweifacher Judo-Europameister, ist ein gefragter Schauspieler und TV-Sport-Moderator (ZDF \/ Sat1).<\/p>\n<p>Schwester Carolin (28), Journalistin, Moderatorin und Schauspielerin, spielte u.a. in bekannten Fernseh-Serien wie \u201ePolizeiruf 110, \u201eLutter\u201c, \u201eAlles was z\u00e4hlt\u201c oder \u201eIn aller Freundschaft\u201c mit.<\/p>\n<p>Vor 19 Jahren hat Max von Groeben in \u201eKings Of Comedy\u201c (2004) zum ersten Mal vor der Kamera gestanden. Er ist l\u00e4ngst erwachsen und ein gefragter, hoch gesch\u00e4tzter Schauspieler geworden. Den liebenswerten &#8222;Trottel&#8220; Danger Becker hat er inzwischen weit hinter sich gelassen.<\/p>\n<p><strong>Text Peter Pionke<\/strong><\/p>\n<p>&nbsp;<\/p>\n<p><strong>LESEM SIE AUCH:<\/strong><\/p>\n<p><a href=\"https:\/\/www.die-stadtzeitung.de\/index.php\/2019\/12\/14\/max-von-der-groeben-will-nicht-nur-trottel-spielen\/\">https:\/\/www.die-stadtzeitung.de\/index.php\/2019\/12\/14\/max-von-der-groeben-will-nicht-nur-trottel-spielen\/<\/a><\/p>\n","protected":false},"excerpt":{"rendered":"<p>&#8222;Ich will nicht nur Trottel spielen&#8220;, erkl\u00e4rte Max von der Groeben (31) vor Jahren in einem Interview mit der STADTZEITUNG. In der mega-erfolgreichen Kom\u00f6dien-Trilogie \u201eFack ju G\u00f6hte&#8220; (2013 -2017) verk\u00f6rperte er an der Seite von Superstar Elyas M&#8217;Barek (41) sehr \u00fcberzeugend den liebenswerten, schlicht gestrickten &#8222;Chaoten&#8220; Danger Becker.<\/p>\n","protected":false},"author":7,"featured_media":0,"comment_status":"open","ping_status":"open","sticky":false,"template":"","format":"standard","meta":{"footnotes":""},"categories":[29],"tags":[],"class_list":["post-67389","post","type-post","status-publish","format-standard","hentry","category-kultur"],"publishpress_future_action":{"enabled":false,"date":"2026-05-04 14:55:54","action":"change-status","newStatus":"draft","terms":[],"taxonomy":"category","extraData":[]},"publishpress_future_workflow_manual_trigger":{"enabledWorkflows":[]},"_links":{"self":[{"href":"https:\/\/www.die-stadtzeitung.de\/index.php\/wp-json\/wp\/v2\/posts\/67389","targetHints":{"allow":["GET"]}}],"collection":[{"href":"https:\/\/www.die-stadtzeitung.de\/index.php\/wp-json\/wp\/v2\/posts"}],"about":[{"href":"https:\/\/www.die-stadtzeitung.de\/index.php\/wp-json\/wp\/v2\/types\/post"}],"author":[{"embeddable":true,"href":"https:\/\/www.die-stadtzeitung.de\/index.php\/wp-json\/wp\/v2\/users\/7"}],"replies":[{"embeddable":true,"href":"https:\/\/www.die-stadtzeitung.de\/index.php\/wp-json\/wp\/v2\/comments?post=67389"}],"version-history":[{"count":6,"href":"https:\/\/www.die-stadtzeitung.de\/index.php\/wp-json\/wp\/v2\/posts\/67389\/revisions"}],"predecessor-version":[{"id":67397,"href":"https:\/\/www.die-stadtzeitung.de\/index.php\/wp-json\/wp\/v2\/posts\/67389\/revisions\/67397"}],"wp:attachment":[{"href":"https:\/\/www.die-stadtzeitung.de\/index.php\/wp-json\/wp\/v2\/media?parent=67389"}],"wp:term":[{"taxonomy":"category","embeddable":true,"href":"https:\/\/www.die-stadtzeitung.de\/index.php\/wp-json\/wp\/v2\/categories?post=67389"},{"taxonomy":"post_tag","embeddable":true,"href":"https:\/\/www.die-stadtzeitung.de\/index.php\/wp-json\/wp\/v2\/tags?post=67389"}],"curies":[{"name":"wp","href":"https:\/\/api.w.org\/{rel}","templated":true}]}}