{"id":67272,"date":"2023-08-01T11:11:43","date_gmt":"2023-08-01T09:11:43","guid":{"rendered":"https:\/\/www.die-stadtzeitung.de\/?p=67272"},"modified":"2023-08-01T11:13:08","modified_gmt":"2023-08-01T09:13:08","slug":"was-man-von-vitaminen-und-den-sternen-wissen-sollte","status":"publish","type":"post","link":"https:\/\/www.die-stadtzeitung.de\/index.php\/2023\/08\/01\/was-man-von-vitaminen-und-den-sternen-wissen-sollte\/","title":{"rendered":"Was man von Vitaminen und den Sternen\u00a0wissen sollte"},"content":{"rendered":"<div id=\"attachment_67274\" class=\"wp-caption alignnone\" style=\"max-width: 2126px;\"><img loading=\"lazy\" decoding=\"async\" class=\"size-full wp-image-67274\" src=\"\/wp-content\/uploads\/2023\/08\/Junior-Uni-Studenti_innen-im-Maker-Space-2.jpg\" alt=\"\" width=\"2116\" height=\"1451\" \/><span class=\"wp-caption-text\">Die j\u00fcngsten Studentinnen und Studenten erforschen praxisnah den Alltag. &#8211; \u00a9 Junior Uni<\/span><\/div>\n<p>Nachwuchsforscherinnen und -forscher zwischen vier und zwanzig Jahren k\u00f6nnen in den bunten Kursen aus verschiedenen Fachbereichen gemeinsam experimentieren, forschen, gestalten und viel entdecken. Die Anmeldetage f\u00fcr das Wintersemester sind vom 10. bis zum 14. August \u2013 dann werden die Kurspl\u00e4tze verlost.<span class=\"Apple-converted-space\">\u00a0<\/span><\/p>\n<p>Von Donnerstag (10.08.) ab 10 Uhr bis Montag (14.08.) um 10 Uhr k\u00f6nnen sich interessierte Kinder und Jugendliche auf der Junior Uni-Webseite f\u00fcr ihre Wunschkurse im Wintersemester 2023 bewerben.<span class=\"Apple-converted-space\">\u00a0<\/span><\/p>\n<p>Die Anmeldungen landen in diesem Zeitraum im \u201eLostopf\u201c. Anschlie\u00dfend werden die Kurspl\u00e4tze im Losverfahren vergeben und die Studentinnen und Studenten erhalten nach dem Anmeldezeitraum R\u00fcckmeldung \u00fcber ihre Kurspl\u00e4tze per E-Mail.<span class=\"Apple-converted-space\">\u00a0<\/span><\/p>\n<p>Mit diesem Verfahren sind sowohl die Anmeldung als auch die Kursplatzvergabe fairer f\u00fcr alle. Im Vorfeld ist eine einmalige Registrierung auf der Junior Uni-Webseite erforderlich, um ein sogenanntes Familien- oder Student*innen-Konto (ab 16 Jahre) anzulegen, falls dieses noch nicht vorhanden ist.<span class=\"Apple-converted-space\">\u00a0<\/span><\/p>\n<p>Auf der Webseite der Junior Uni finden junge Forscher ab sofort wieder ein vielseitiges Angebot aus vielen neuen Kursen und beliebten Kurs-Klassikern.<span class=\"Apple-converted-space\">\u00a0<\/span><\/p>\n<h4>Von Astronomie bis zur Geldanlage<\/h4>\n<p>Von Astronomie \u00fcber Geldanlagen bis hin zu Start-Ups \u2013 Studierende von 14 bis 20 Jahren k\u00f6nnen sich auf praxisnahe Themen aus dem Alltag freuen, die sie auf den Start ins Berufsleben vorbereiten. Nachdem ein Themenabend f\u00fcr Jugendliche zum Thema Finanzen an der Junior Uni auf gro\u00dfes Interesse gesto\u00dfen war, gibt es nun ein besonderes Kursformat zu diesem Thema.<span class=\"Apple-converted-space\">\u00a0<\/span><\/p>\n<p>\u201eDer Kurs \u201aAktien, Anleihen, Immobilienfonds \u2013 alles \u00fcber Geldanlagen\u2018 informiert die teilnehmenden Jugendlichen \u00fcber verschiedene M\u00f6glichkeiten, was sie mit ihrem gesparten Geld machen k\u00f6nnen. Au\u00dferdem gibt es interessante Infos \u00fcber eine Ausbildung im Finanzbereich\u201c, schildert Dr. Stefanie Morgenroth, wissenschaftliche Fach- und Projektkoordinatorin an der Junior Uni.<span class=\"Apple-converted-space\">\u00a0<\/span><\/p>\n<p>Im Rahmen des Kurses lernen die Studenten Vor- und Nachteile von Aktien, Anleihen, Immobilienfonds und anderen Finanzprodukten kennen. In einer Simulation erstellen sie ein eigenes Portfolio.<span class=\"Apple-converted-space\">\u00a0<\/span><\/p>\n<p>Neu im Programm ist auch der Kurs \u201eHero-Science \u2013 die Geheimnisse der Actionhelden\u201c bei den 11- bis 14-J\u00e4hrigen. Die Studierenden schauen sich Superheldinnen und Superhelden genauer an und machen anhand spannender Labor-Experimente einen Realit\u00e4tscheck.<\/p>\n<p><span class=\"Apple-converted-space\">\u00a0<\/span>So finden sie heraus, was m\u00f6glich ist und was nicht. Im Kurs \u201eVorhang auf! Wir gestalten ein B\u00fchnenbild\u201c entwerfen die Studenten eine gemeinsame Unterwasserwelt, die auch Ger\u00e4usche machen darf. Am Ende wird das B\u00fchnenbild sogar f\u00fcr eine Opernauff\u00fchrung eingesetzt.<span class=\"Apple-converted-space\">\u00a0<\/span><\/p>\n<div id=\"attachment_67275\" class=\"wp-caption alignnone\" style=\"max-width: 659px;\"><img loading=\"lazy\" decoding=\"async\" class=\" wp-image-67275\" src=\"\/wp-content\/uploads\/2023\/08\/Studentin-im-Kurs-Effektiv-lernen-mit-Gehirnforschung-zum-Erfolg-2-scaled.jpg\" alt=\"\" width=\"649\" height=\"437\" \/><span class=\"wp-caption-text\">Im anstehenden Wintersemester an der Junior Uni gibt es erneut ein gro\u00dfes Angebot zur Berufsorientierung f\u00fcr jugendliche Teilnehmerinnen und Teilnehmer &#8211; \u00a9 Junior Uni<\/span><\/div>\n<p>Auch f\u00fcr die j\u00fcngsten Forscherinnen und Forscher in den Altersgruppen vier bis sechs Jahre und sieben bis zehn Jahre gibt es wieder viel Spannendes zu entdecken. In Kursen wie \u201eDie Vitaminforscher: Was Obst alles kann!\u201c oder \u201eDem Marienk\u00e4fer auf der Spur\u201c lernen sie Zusammenh\u00e4nge kennen und erforschen praxisnah die Dinge, die ihnen in ihrem Alltag begegnen.<span class=\"Apple-converted-space\">\u00a0<\/span><\/p>\n<p>So erforschen sie zum Beispiel, warum ein Apfelst\u00fcck schnell braun wird und wie man es wieder gelb bekommt. Im Kurs \u201eMangas zeichnen \u2013 wir zeigen wie\u2019s geht!\u201c k\u00f6nnen sie ihrer Kreativit\u00e4t freien Lauf lassen \u2013 und das ohne jegliche Vorkenntnisse.<span class=\"Apple-converted-space\">\u00a0<\/span><\/p>\n<p>Au\u00dferdem geht das Studierendenparlament der Junior Uni wieder an den Start. In diesem besonderen Gremium bekommen Junior Uni-Student*innen die M\u00f6glichkeit mitzubestimmen. Studentinnen und Studenten aus verschiedenen Altersklassen k\u00f6nnen so die Junior Uni mitgestalten, Anregungen zu Inhalten und R\u00e4umlichkeiten \u00e4u\u00dfern und die gemeinsamen Beschl\u00fcsse den Junior Uni-Teammitgliedern vorstellen.<span class=\"Apple-converted-space\">\u00a0<\/span><\/p>\n<p>Neben dem Semesterprogramm f\u00fcr Studierende sind ab Dienstag (01.08.) auch die Schul- und Kitakurse auf der Webseite der Junior Uni buchbar.<span class=\"Apple-converted-space\">\u00a0<\/span><\/p>\n<p>Bei Fragen rund um den Anmeldeprozess steht das Team der Junior Uni telefonisch unter Telefon: 0202 4304390 zu den \u00d6ffnungszeiten der Junior Uni zur Verf\u00fcgung.<\/p>\n<p>Ausf\u00fchrliche Informationen zum Anmeldeprozess und das komplette Semesterprogramm gibt es auch unter<\/p>\n<p><a href=\"https:\/\/junioruni-wuppertal.de\/\">https:\/\/junioruni-wuppertal.de\/<\/a><\/p>\n<p>&nbsp;<\/p>\n","protected":false},"excerpt":{"rendered":"<p>Die Junior Uni f\u00fcrs Bergische Land ver\u00f6ffentlicht mit mehr als 2.700 Kurspl\u00e4tzen in 211 spannenden und vielf\u00e4ltigen Kursen das Wintersemester 2023. Es geht vom 28. August 2023 bis zum 03. Februar 2024.\u00a0<\/p>\n","protected":false},"author":7,"featured_media":0,"comment_status":"open","ping_status":"open","sticky":false,"template":"","format":"standard","meta":{"footnotes":""},"categories":[27],"tags":[],"class_list":["post-67272","post","type-post","status-publish","format-standard","hentry","category-wissen"],"publishpress_future_action":{"enabled":false,"date":"2026-05-09 08:50:57","action":"change-status","newStatus":"draft","terms":[],"taxonomy":"category","extraData":[]},"publishpress_future_workflow_manual_trigger":{"enabledWorkflows":[]},"_links":{"self":[{"href":"https:\/\/www.die-stadtzeitung.de\/index.php\/wp-json\/wp\/v2\/posts\/67272","targetHints":{"allow":["GET"]}}],"collection":[{"href":"https:\/\/www.die-stadtzeitung.de\/index.php\/wp-json\/wp\/v2\/posts"}],"about":[{"href":"https:\/\/www.die-stadtzeitung.de\/index.php\/wp-json\/wp\/v2\/types\/post"}],"author":[{"embeddable":true,"href":"https:\/\/www.die-stadtzeitung.de\/index.php\/wp-json\/wp\/v2\/users\/7"}],"replies":[{"embeddable":true,"href":"https:\/\/www.die-stadtzeitung.de\/index.php\/wp-json\/wp\/v2\/comments?post=67272"}],"version-history":[{"count":4,"href":"https:\/\/www.die-stadtzeitung.de\/index.php\/wp-json\/wp\/v2\/posts\/67272\/revisions"}],"predecessor-version":[{"id":67278,"href":"https:\/\/www.die-stadtzeitung.de\/index.php\/wp-json\/wp\/v2\/posts\/67272\/revisions\/67278"}],"wp:attachment":[{"href":"https:\/\/www.die-stadtzeitung.de\/index.php\/wp-json\/wp\/v2\/media?parent=67272"}],"wp:term":[{"taxonomy":"category","embeddable":true,"href":"https:\/\/www.die-stadtzeitung.de\/index.php\/wp-json\/wp\/v2\/categories?post=67272"},{"taxonomy":"post_tag","embeddable":true,"href":"https:\/\/www.die-stadtzeitung.de\/index.php\/wp-json\/wp\/v2\/tags?post=67272"}],"curies":[{"name":"wp","href":"https:\/\/api.w.org\/{rel}","templated":true}]}}