{"id":67225,"date":"2023-07-23T15:52:36","date_gmt":"2023-07-23T13:52:36","guid":{"rendered":"https:\/\/www.die-stadtzeitung.de\/?p=67225"},"modified":"2023-08-01T11:14:46","modified_gmt":"2023-08-01T09:14:46","slug":"dr-schiffner-ist-neuer-chefarzt-des-notfallzentrums","status":"publish","type":"post","link":"https:\/\/www.die-stadtzeitung.de\/index.php\/2023\/07\/23\/dr-schiffner-ist-neuer-chefarzt-des-notfallzentrums\/","title":{"rendered":"Dr. Schiffner ist neuer Chefarzt des Notfallzentrums"},"content":{"rendered":"<div id=\"attachment_67228\" class=\"wp-caption alignnone\" style=\"max-width: 1705px;\"><img loading=\"lazy\" decoding=\"async\" class=\"size-full wp-image-67228\" src=\"\/wp-content\/uploads\/2023\/07\/HUKW_CA_Schiffner-Rene-2.jpg\" alt=\"\" width=\"1695\" height=\"1259\" \/><span class=\"wp-caption-text\">Der neuen Chefarzt PD Dr. Ren\u00e9 Schiffner &#8211; \u00a9 HUKW \/ Michael Mutzberg<\/span><\/div>\n<p>Der im Th\u00fcringischem Kyffh\u00e4user-Kreis geborene Mediziner absolvierte sein Medizinstudium an der Universit\u00e4t Duisburg-Essen sowie an der Friedrich-Schiller-Universit\u00e4t Jena. Nach T\u00e4tigkeiten als Assistenzarzt in Leipzig, Berlin und Jena \u00fcbernahm er f\u00fcr einen Zeitraum von sechs Jahren die Leitung der Notaufnahme der Waldkliniken Eisenberg.<span class=\"Apple-converted-space\">\u00a0<\/span><\/p>\n<p>Ab dem Jahr 2019 bekleidete er die Position des Oberarztes in der Zentralen Notaufnahme am Universit\u00e4tsklinikum Magdeburg, 2021 wurde er Chefarzt am Helios Klinikum Hildesheim und war dort f\u00fcr die Leitung des Notfallzentrums verantwortlich. Nun zog es den Vater von f\u00fcnf Kindern mit seiner Familie nach Wuppertal.<\/p>\n<p>Der Facharzt f\u00fcr Orthop\u00e4die und Unfallchirurgie, Innere Medizin und Notfallmedizin freut sich auf die neue Herausforderung am HUKW. \u201eEs ist eine spannende und verantwortungsvolle Aufgabe, die ich mit voller Hingabe angehe. Die M\u00f6glichkeit, ein hochmotiviertes Team zu f\u00fchren und einen Beitrag zur universit\u00e4tsmedizinischen Versorgung unserer Patienten zu leisten, begeistert mich.\u201c<\/p>\n<p>Dr. Schiffner ist nicht nur leidenschaftlicher Mediziner, sondern auch ein ausgesprochener Familien-Mensch, Hobby-J\u00e4ger und zudem noch Imker: \u201eIn meiner Verbundenheit zur Natur war ich angenehm \u00fcberrascht von Wuppertal als Stadt. Die reichhaltigen Waldgebiete und die \u00fcppige gr\u00fcne Umgebung schaffen eine ideale Balance zwischen urbanem Leben und nat\u00fcrlicher Idylle,\u201c schw\u00e4rmt Schiffner.<\/p>\n<p>Seiner neuen Aufgabe schaut er motiviert entgegen: \u201eIn unserem Notfallzentrum behandeln wir t\u00e4glich Patientinnen und Patienten, die dringend medizinische Hilfe ben\u00f6tigen &#8211; sei es aufgrund von Verletzungen, akuten Erkrankungen oder anderen lebensbedrohlichen Zust\u00e4nden. Daher setzen wir uns jeden Tag mit Spitzenmedizin daf\u00fcr ein, diesen Menschen zu helfen,\u201c so der Mediziner.<span class=\"Apple-converted-space\">\u00a0<\/span><\/p>\n<div id=\"attachment_67229\" class=\"wp-caption alignnone\" style=\"max-width: 2010px;\"><img loading=\"lazy\" decoding=\"async\" class=\"wp-image-67229 size-full\" src=\"\/wp-content\/uploads\/2023\/07\/HUKW_Dr.-Schiffner-Bergruessung-2.jpg\" alt=\"\" width=\"2000\" height=\"1120\" \/><span class=\"wp-caption-text\">Willkommensgru\u00df f\u00fcr den neuen Chefarzt: (v.l.) \u00a0Prof. Dr. med. Serge C. Thal, Direktor An\u00e4sthesiologie, Chefarzt Kardioan\u00e4sthesiologie, Priv.-Doz. Dr. med. Ren\u00e9 Schiffner, Chefarzt Interdisziplin\u00e4res Notfallzentrum, Simone Hyun, Pflegedirektorin, Dr. Holger Raphael, Klinikgesch\u00e4ftsf\u00fchrer, Prof. Dr. med. Ahmet Bozkurt, Direktor der Klinik f\u00fcr Plastische und \u00c4sthetische Chirurgie &amp; stellvertretender \u00c4rztlicher Direktor, Dr. med. (Univ.-Belgrad) Ivan Arsic, Oberarzt, Sektionsleiter Notfallzentrum &#8211; \u00a9 HUKW \/ Michael Mutzberg<\/span><\/div>\n<p>Dr. Schiffner weiter: \u201eDie nahtlose Integration des Notfallzentrums mit den verschiedenen Fachabteilungen intern, sowie mit den Not\u00e4rzten, Rettungsdiensten und Zuweisern extern ist wichtig. Eins meiner zentralen Anliegen ist es, die Abl\u00e4ufe in der Notaufnahme weiter zu optimieren, um eine bestm\u00f6gliche Versorgung unserer Patientinnen und Patienten zu gew\u00e4hrleisten und gleichzeitig die Wartezeiten zu reduzieren.\u201c<\/p>\n<p>Den neuen Kollegen hei\u00dft der \u00e4rztliche Direktor Prof. Patrick Haage in seinem Team herzlich willkommen: \u201eMit Ren\u00e9 Schiffner gewinnen wir einen hochqualifizierten und erfahrenen Experten f\u00fcr die Leitung unserer Notaufnahme. Seine fundierte Ausbildung und seine beeindruckende berufliche Laufbahn machen ihn zur idealen Besetzung f\u00fcr diese wichtige Position.\u201c<\/p>\n<p>Klinikgesch\u00e4ftsf\u00fchrer Dr. Holger Raphael erg\u00e4nzt: \u201eWir sind zuversichtlich, dass seine Fachkompetenz und F\u00fchrungsst\u00e4rke dazu beitragen werden, die hohe Qualit\u00e4t und Effizienz unserer Notfallversorgung weiter zu st\u00e4rken.\u201c<\/p>\n<p>&nbsp;<\/p>\n<p>&nbsp;<\/p>\n<p>&nbsp;<\/p>\n<p>&nbsp;<\/p>\n<p>&nbsp;<\/p>\n<p>&nbsp;<\/p>\n<p>&nbsp;<\/p>\n","protected":false},"excerpt":{"rendered":"<p>Das Notfallzentrum des Helios Universit\u00e4tsklinikums (HUKW) hat einen neuen Chefarzt: Privatdozent Dr. Ren\u00e9 Schiffner. Der 45-j\u00e4hrige leitet 15.07.2023 Chefarzt das Notfallzentrum am Campus Barmen seit dem 15.07.2023.<\/p>\n","protected":false},"author":7,"featured_media":0,"comment_status":"open","ping_status":"open","sticky":false,"template":"","format":"standard","meta":{"footnotes":""},"categories":[27],"tags":[],"class_list":["post-67225","post","type-post","status-publish","format-standard","hentry","category-wissen"],"publishpress_future_action":{"enabled":false,"date":"2026-05-05 08:23:02","action":"change-status","newStatus":"draft","terms":[],"taxonomy":"category","extraData":[]},"publishpress_future_workflow_manual_trigger":{"enabledWorkflows":[]},"_links":{"self":[{"href":"https:\/\/www.die-stadtzeitung.de\/index.php\/wp-json\/wp\/v2\/posts\/67225","targetHints":{"allow":["GET"]}}],"collection":[{"href":"https:\/\/www.die-stadtzeitung.de\/index.php\/wp-json\/wp\/v2\/posts"}],"about":[{"href":"https:\/\/www.die-stadtzeitung.de\/index.php\/wp-json\/wp\/v2\/types\/post"}],"author":[{"embeddable":true,"href":"https:\/\/www.die-stadtzeitung.de\/index.php\/wp-json\/wp\/v2\/users\/7"}],"replies":[{"embeddable":true,"href":"https:\/\/www.die-stadtzeitung.de\/index.php\/wp-json\/wp\/v2\/comments?post=67225"}],"version-history":[{"count":3,"href":"https:\/\/www.die-stadtzeitung.de\/index.php\/wp-json\/wp\/v2\/posts\/67225\/revisions"}],"predecessor-version":[{"id":67230,"href":"https:\/\/www.die-stadtzeitung.de\/index.php\/wp-json\/wp\/v2\/posts\/67225\/revisions\/67230"}],"wp:attachment":[{"href":"https:\/\/www.die-stadtzeitung.de\/index.php\/wp-json\/wp\/v2\/media?parent=67225"}],"wp:term":[{"taxonomy":"category","embeddable":true,"href":"https:\/\/www.die-stadtzeitung.de\/index.php\/wp-json\/wp\/v2\/categories?post=67225"},{"taxonomy":"post_tag","embeddable":true,"href":"https:\/\/www.die-stadtzeitung.de\/index.php\/wp-json\/wp\/v2\/tags?post=67225"}],"curies":[{"name":"wp","href":"https:\/\/api.w.org\/{rel}","templated":true}]}}