{"id":67201,"date":"2023-07-22T17:25:09","date_gmt":"2023-07-22T15:25:09","guid":{"rendered":"https:\/\/www.die-stadtzeitung.de\/?p=67201"},"modified":"2023-07-29T11:20:26","modified_gmt":"2023-07-29T09:20:26","slug":"wsv-spieler-fiebern-schlager-in-aachen-entgegen","status":"publish","type":"post","link":"https:\/\/www.die-stadtzeitung.de\/index.php\/2023\/07\/22\/wsv-spieler-fiebern-schlager-in-aachen-entgegen\/","title":{"rendered":"WSV-Spieler fiebern Schlager in Aachen entgegen"},"content":{"rendered":"<div id=\"attachment_67208\" class=\"wp-caption alignnone\" style=\"max-width: 610px;\"><img loading=\"lazy\" decoding=\"async\" class=\"size-full wp-image-67208\" src=\"\/wp-content\/uploads\/2023\/07\/IMG_6934-2.jpg\" alt=\"\" width=\"600\" height=\"377\" \/><span class=\"wp-caption-text\">Bei der Pressekonferenz vor de Spiel in Aachen: (v.l.) Gesch\u00e4ftsstellen-Leiter Sven Steup, Sport-Chef Gaetano Manno und Cheftrainer H\u00fczeyfe Dogan &#8211; \u00a9 Siegfried J\u00e4hne<\/span><\/div>\n<p>Beide Vereine werden als heisse Titelfavoriten gehandelt und streben den Aufstieg zur Liga \u201edrei\u201c an. \u201cDie ganze Stadt ist euphorisiert&#8220; \u2013 das sagte Aachens Trainer Helge Hohl vor dem Saison-Auftakt. \u201eWir wollen ganz klar oben mitmischen\u201c, erkl\u00e4rt ein selbstbewusster WSV-Trainer H\u00fczeyfe Dogan, der sich aber nicht in die Favoritenrolle dr\u00e4ngen lassen m\u00f6chte.<span class=\"Apple-converted-space\">\u00a0<\/span><\/p>\n<p>Immerhin r\u00e4umte er bei der Pressekonferenz vor dem Spiel ein: \u201eWir wollen uns verbessern\u201c. Zum Vergleich: Im Vorjahr erreichte der WSV bekanntlich Platz zwei! Neben Aachen und dem WSV sieht WSV-Sportchef Gaetano Manno auch SV R\u00f6dinghausen, Rot-Weiss Oberhausen, alle Bundesliga Reserveteams und eine bislang noch unbekannte \u00dcberraschungsmannschaft mit ganz vorne.<span class=\"Apple-converted-space\">\u00a0<\/span><\/p>\n<h4>\u201eKein Alleingang\u201c<\/h4>\n<p>Gaetano Manno ist indessen davon \u00fcberzeugt, dass es in diesem Jahr keinen Alleingang geben wird, wie den in der letzten Saison von Preussen M\u00fcnster.<span class=\"Apple-converted-space\">\u00a0<\/span><\/p>\n<p>Trotz der 2:0-Niederlage zuletzt bei der \u201eGeneralprobe\u201c gegen den ambitionierten S\u00fcdwest-Regionalligisten TSV Steinbach Haiger ist der fr\u00fchere WSV-Kapit\u00e4n insbesondere von der Abwehrst\u00e4rke des neuen Wuppertaler Teams \u00fcberzeugt. \u201eUnd vorne haben wir gen\u00fcgend Alternativen\u201c, erg\u00e4nzt Gaetano Manno.<\/p>\n<h4>\u201eNur ein Spiel von 34\u201c<\/h4>\n<p>Die Spieler des Wuppertaler SV fiebern dem Schlagerspiel beim alten Rivalen Alemannia Aachen entgegen. WSV-Trainer H\u00fczeyfe Dogan sprach vor dem Spiel von gegenseitigen Respekt der beiden Konkurrenten, die sich in der Vorbereitung sehr genau beobachtet h\u00e4tten. \u201eEs ist nur ein Spiel, eines von insgesamt 34 in dieser Saison, da wird noch nichts entschieden\u201c, relativiert er.den Stellenwert dieser Partie. <span class=\"Apple-converted-space\">\u00a0<\/span><\/p>\n<div id=\"attachment_67209\" class=\"wp-caption alignnone\" style=\"max-width: 650px;\"><img loading=\"lazy\" decoding=\"async\" class=\"wp-image-67209 size-full\" src=\"\/wp-content\/uploads\/2023\/07\/IMG_6946-2.jpg\" alt=\"\" width=\"640\" height=\"480\" \/><span class=\"wp-caption-text\">Die Umbau-Arbeiten im Stadion am Zoo kommen planm\u00e4ssig voran. Bis zur Fertigstellung tr\u00e4gt der Wuppertaler SV seine Heimspiele IMS-Arena in Velbert aus &#8211; \u00a9 Siegfried J\u00e4hne<\/span><\/div>\n<p>Seine Aufstellung will er erst nach dem Abschusstraining festlegen. Bis auf drei noch angeschlagene Akteuere wird er vermutlich aus dem Vollen seines 24k\u00f6pfigen Kaders sch\u00f6pfen k\u00f6nnen.<\/p>\n<p>Der neue WSV-Gesch\u00e4ftsstellenleiter Sven Steup gab noch einen Tipp: F\u00fcr die WSV-Fans, die mit nach Aachen reisen wollen. \u201eUm 16:04 f\u00e4hrt ein Zug vom Wuppertaler Hbf nach Aachen, von dort werden Shuttle-Busse eingesetzt. Wer mit dem Auto anreisen m\u00f6chte, dem sei die Abfahrt Aachen-Zentrum empfohlen\u201c.<\/p>\n<p><b>Text Siegfried J\u00e4hne<\/b><\/p>\n","protected":false},"excerpt":{"rendered":"<p>Auf den WSV wartet in Aachen eine Rekordkulisse. \u00dcber 22.000 Karten sind bereits im Vorverkauf f\u00fcr den Regionalliga-Schlager Alemannia Aachen gegen den Wuppertaler SV zum Saisonauftakt abgesetzt worden. Anpfiff im Stadion \u201eTivoli Merkur\u201c, wie die Arena in der alten Kaiserstadt heute heisst, ist am Freitag (28.07. &#8211; 19:30 Uhr).<\/p>\n","protected":false},"author":7,"featured_media":0,"comment_status":"open","ping_status":"open","sticky":false,"template":"","format":"standard","meta":{"footnotes":""},"categories":[20],"tags":[],"class_list":["post-67201","post","type-post","status-publish","format-standard","hentry","category-sport"],"publishpress_future_action":{"enabled":false,"date":"2026-05-06 07:48:37","action":"change-status","newStatus":"draft","terms":[],"taxonomy":"category","extraData":[]},"publishpress_future_workflow_manual_trigger":{"enabledWorkflows":[]},"_links":{"self":[{"href":"https:\/\/www.die-stadtzeitung.de\/index.php\/wp-json\/wp\/v2\/posts\/67201","targetHints":{"allow":["GET"]}}],"collection":[{"href":"https:\/\/www.die-stadtzeitung.de\/index.php\/wp-json\/wp\/v2\/posts"}],"about":[{"href":"https:\/\/www.die-stadtzeitung.de\/index.php\/wp-json\/wp\/v2\/types\/post"}],"author":[{"embeddable":true,"href":"https:\/\/www.die-stadtzeitung.de\/index.php\/wp-json\/wp\/v2\/users\/7"}],"replies":[{"embeddable":true,"href":"https:\/\/www.die-stadtzeitung.de\/index.php\/wp-json\/wp\/v2\/comments?post=67201"}],"version-history":[{"count":12,"href":"https:\/\/www.die-stadtzeitung.de\/index.php\/wp-json\/wp\/v2\/posts\/67201\/revisions"}],"predecessor-version":[{"id":67215,"href":"https:\/\/www.die-stadtzeitung.de\/index.php\/wp-json\/wp\/v2\/posts\/67201\/revisions\/67215"}],"wp:attachment":[{"href":"https:\/\/www.die-stadtzeitung.de\/index.php\/wp-json\/wp\/v2\/media?parent=67201"}],"wp:term":[{"taxonomy":"category","embeddable":true,"href":"https:\/\/www.die-stadtzeitung.de\/index.php\/wp-json\/wp\/v2\/categories?post=67201"},{"taxonomy":"post_tag","embeddable":true,"href":"https:\/\/www.die-stadtzeitung.de\/index.php\/wp-json\/wp\/v2\/tags?post=67201"}],"curies":[{"name":"wp","href":"https:\/\/api.w.org\/{rel}","templated":true}]}}