{"id":66994,"date":"2023-07-20T12:41:23","date_gmt":"2023-07-20T10:41:23","guid":{"rendered":"https:\/\/www.die-stadtzeitung.de\/?p=66994"},"modified":"2023-07-20T12:41:23","modified_gmt":"2023-07-20T10:41:23","slug":"mrs-greenbird-tv-bekanntes-duo-live-im-freibad-mirke","status":"publish","type":"post","link":"https:\/\/www.die-stadtzeitung.de\/index.php\/2023\/07\/20\/mrs-greenbird-tv-bekanntes-duo-live-im-freibad-mirke\/","title":{"rendered":"&#8222;Mrs. Greenbird&#8220;: TV-bekanntes Duo live im Freibad Mirke"},"content":{"rendered":"<div id=\"attachment_66998\" class=\"wp-caption alignnone\" style=\"max-width: 2157px;\"><img loading=\"lazy\" decoding=\"async\" class=\"size-full wp-image-66998\" src=\"\/wp-content\/uploads\/2023\/07\/mrsgreenbird02-2.jpg\" alt=\"\" width=\"2147\" height=\"1467\" \/><span class=\"wp-caption-text\">Auf der B\u00fchne und privat ein Herz und eine Seele: Sarah N\u00fccken und Steffen Br\u00fcckner von &#8222;Mrs. Greenbird&#8220; &#8211; \u00a9 Mamiela Zander<\/span><\/div>\n<p>Sarah N\u00fccken &amp; Steffen Br\u00fcckner sind nicht nur als Musiker Seelen-Verwandte, sondern auch im Privatleben ein harmonisches Ehepaar. Das hilft ihnen offensichtlich, selbst h\u00e4rteste Schicksalsschl\u00e4ge wegzustecken.<span class=\"Apple-converted-space\">\u00a0<\/span><\/p>\n<p>So sass S\u00e4ngerin Sarah N\u00fccken bereits drei Wochen nach einer Beinamputation schon wieder auf der B\u00fchne.<span class=\"Apple-converted-space\">\u00a0<\/span><\/p>\n<p>Mit ihrem intimen Mix aus Singer-Songwriter, Country, Folk und Pop, den sie selbst \u201eDreamericana\u201c nennen, ber\u00fchren Sarah &amp; Steffen die Herzen ihrer Zuh\u00f6rerinnen und Zuh\u00f6rer.<span class=\"Apple-converted-space\">\u00a0<\/span><\/p>\n<p>2012 wurde das Duo bundesweit bekannt. &#8222;Mrs. Greenbird&#8220;<span class=\"Apple-converted-space\">\u00a0 <\/span>gewann die dritte Staffel der TV-Gesangs-Castingshow &#8222;X Factor&#8220; beim Sender &#8222;VOX&#8220;.<\/p>\n<p>Mal vertr\u00e4umte, mal treibende Gitarren, dazu zweitstimmiger Harmoniegesang und die glockenklare Stimme von Frontfrau Sarah, die an Kate Bush erinnert, werden auf der B\u00fchne<span class=\"Apple-converted-space\">\u00a0 <\/span>auf der B\u00fchne zum unverwechselbaren &#8222;Mrs. Greenbird&#8220;-Sound.<\/p>\n<div id=\"attachment_67002\" class=\"wp-caption alignnone\" style=\"max-width: 611px;\"><img loading=\"lazy\" decoding=\"async\" class=\" wp-image-67002\" src=\"\/wp-content\/uploads\/2023\/07\/mrsgreenbird01-2-scaled.jpg\" alt=\"\" width=\"601\" height=\"316\" \/><span class=\"wp-caption-text\">Sarah N\u00fccken und Steffen Br\u00fcckner sind &#8222;Mrs. Greenbird &#8211; \u00a9 Manuela Zander<\/span><\/div>\n<p>Das Ergebnis: Ehrliche, liebevoll handgemachte Musik f\u00fcr die Seele. Sarah &amp; Steffen sind inspiriert von Musik-Gr\u00f6\u00dfen wie z.B. Johnny Cash, Neil Young, Dolly Parton, Simon &amp; Garfunkel oder Joni Mitchell.<\/p>\n<p>Mit ins Freibad Mirke bringen die beiden auch ihr neues Album \u201eLove You To The Bone\u201c, das sie mit Hilfe ihrer treuen Fans realisieren konnten.<span class=\"Apple-converted-space\">\u00a0<\/span><\/p>\n<p>Es ist eine musikalische, retrospektive Reise durch \u00fcber zehn Jahre &#8222;Mrs. Greenbird&#8220;-Geschichte mit neuen und neu interpretierten Songs von ihrem Debutalbum.<\/p>\n<p><strong>Termin:<\/strong><\/p>\n<p><strong>Open-Air-Konzert<\/strong><\/p>\n<h4>&#8222;MRS. GREENBIRD&#8220;<\/h4>\n<p><strong>Sarah N\u00fccken (Gesang) &#8211; Steffen Br\u00fcckner (Gitarren &#8211; Gesang)<\/strong><\/p>\n<p>Samstag &#8211; 05.08.2023 &#8211; 20 Uhr &#8211; Einlass: 19 Uhr<\/p>\n<p>Freibad Mirke &#8211; In der Marke 1 &#8211; 42109 Wuppertal<\/p>\n<p><strong>Link zu Homepage der Kultur-Location &#8222;Freibad Mike&#8220;_\u00a0<\/strong><\/p>\n<p><a href=\"http:\/\/www.freibad-mirke.de\">http:\/\/www.freibad-mirke.de<\/a><\/p>\n<p><strong>Link zur Homepage des Duos &#8222;Mrs. Greenbird&#8220;:<\/strong><\/p>\n<p><a href=\"http:\/\/www.mrsgrebird.com\">http:\/\/www.mrsgrebird.com<\/a><\/p>\n<p>&nbsp;<\/p>\n","protected":false},"excerpt":{"rendered":"<p>Das K\u00f6lner Folk-Duo &#8222;Mrs. Greenbird&#8220; steht f\u00fcr wundersch\u00f6ne , handgemachte Musik. Motto: &#8222;Mit jedem Akkord die Welt ein kleines bisschen besser machen.&#8220; Ob das gelingt, davon k\u00f6nnen Sie sich selbst ein Bild machen. &#8222;Mrs. Greenbird&#8220; treten am Samstag (05.08.) open Air im Freibad Mirke auf.\u00a0<\/p>\n","protected":false},"author":7,"featured_media":0,"comment_status":"open","ping_status":"open","sticky":false,"template":"","format":"standard","meta":{"footnotes":""},"categories":[29],"tags":[],"class_list":["post-66994","post","type-post","status-publish","format-standard","hentry","category-kultur"],"publishpress_future_action":{"enabled":false,"date":"2026-05-06 16:27:04","action":"change-status","newStatus":"draft","terms":[],"taxonomy":"category","extraData":[]},"publishpress_future_workflow_manual_trigger":{"enabledWorkflows":[]},"_links":{"self":[{"href":"https:\/\/www.die-stadtzeitung.de\/index.php\/wp-json\/wp\/v2\/posts\/66994","targetHints":{"allow":["GET"]}}],"collection":[{"href":"https:\/\/www.die-stadtzeitung.de\/index.php\/wp-json\/wp\/v2\/posts"}],"about":[{"href":"https:\/\/www.die-stadtzeitung.de\/index.php\/wp-json\/wp\/v2\/types\/post"}],"author":[{"embeddable":true,"href":"https:\/\/www.die-stadtzeitung.de\/index.php\/wp-json\/wp\/v2\/users\/7"}],"replies":[{"embeddable":true,"href":"https:\/\/www.die-stadtzeitung.de\/index.php\/wp-json\/wp\/v2\/comments?post=66994"}],"version-history":[{"count":7,"href":"https:\/\/www.die-stadtzeitung.de\/index.php\/wp-json\/wp\/v2\/posts\/66994\/revisions"}],"predecessor-version":[{"id":67003,"href":"https:\/\/www.die-stadtzeitung.de\/index.php\/wp-json\/wp\/v2\/posts\/66994\/revisions\/67003"}],"wp:attachment":[{"href":"https:\/\/www.die-stadtzeitung.de\/index.php\/wp-json\/wp\/v2\/media?parent=66994"}],"wp:term":[{"taxonomy":"category","embeddable":true,"href":"https:\/\/www.die-stadtzeitung.de\/index.php\/wp-json\/wp\/v2\/categories?post=66994"},{"taxonomy":"post_tag","embeddable":true,"href":"https:\/\/www.die-stadtzeitung.de\/index.php\/wp-json\/wp\/v2\/tags?post=66994"}],"curies":[{"name":"wp","href":"https:\/\/api.w.org\/{rel}","templated":true}]}}