{"id":66954,"date":"2023-07-19T15:23:15","date_gmt":"2023-07-19T13:23:15","guid":{"rendered":"https:\/\/www.die-stadtzeitung.de\/?p=66954"},"modified":"2023-07-19T15:23:15","modified_gmt":"2023-07-19T13:23:15","slug":"jan-filipzik-entspanntes-insel-hopping-in-indonesien","status":"publish","type":"post","link":"https:\/\/www.die-stadtzeitung.de\/index.php\/2023\/07\/19\/jan-filipzik-entspanntes-insel-hopping-in-indonesien\/","title":{"rendered":"Jan Filipzik: Entspanntes Insel-Hopping in Indonesien"},"content":{"rendered":"<div id=\"attachment_66964\" class=\"wp-caption alignnone\" style=\"max-width: 1290px;\"><img loading=\"lazy\" decoding=\"async\" class=\"wp-image-66964 size-full\" src=\"\/wp-content\/uploads\/2023\/07\/img_20230717_142631.jpg.jpeg\" alt=\"\" width=\"1280\" height=\"960\" \/><span class=\"wp-caption-text\">Lena Lichterbeck und Jan Filipzik pr\u00e4sentieren ihre wertvollen Begleiter, ihre Reisep\u00e4sse &#8211; \u00a9 reisen-ist.jetzt<\/span><\/div>\n<p>Was ist denn jetzt los? Regen im Paradies? Tats\u00e4chlich, der Himmel \u00f6ffnet seine Schleusen, endlose Wassermassen str\u00f6men herab und fluten innerhalb kurzer Zeit Stra\u00dfen, Gehwege und Wiesen. Keine Chance, bei dem Wetter an den Strand zu gehen oder einen gr\u00f6\u00dferen Spaziergang zu machen.<\/p>\n<p>Mit meinem E-Book in der Hand lasse ich meinen Blick \u00fcber unsere gr\u00fcne Bungalow-Anlage schweifen, schaue dem Wasser zu, das unerm\u00fcdlich von unserem Strohdach tropft und mache mich bereit, die n\u00e4chsten 50 Seiten meines Buches in Angriff zu nehmen.<\/p>\n<p>Wir haben Singapur hinter uns gelassen, sind nach Bali geflogen, mit der F\u00e4hre weiter auf die Insel Nusa Lembongan gefahren und g\u00f6nnen uns hier eine sch\u00f6ne Unterkunft mit Pool, um nach dem ganzen Sightseeing mal ein bisschen runterzukommen. Dass es jetzt regnet, \u00e4rgert uns ehrlich gesagt schon ein bisschen, zumal es die ganzen zehn Tage sehr wechselhaft bleibt.<\/p>\n<div id=\"attachment_66966\" class=\"wp-caption alignnone\" style=\"max-width: 759px;\"><img loading=\"lazy\" decoding=\"async\" class=\"wp-image-66966\" src=\"\/wp-content\/uploads\/2023\/07\/img_20230710_124935.jpg.jpeg\" alt=\"\" width=\"749\" height=\"562\" \/><span class=\"wp-caption-text\">Der Meerblick ist ein Traum &#8211; \u00a9 reisen-ist.jetzt<\/span><\/div>\n<p>Umso mehr freuen wir uns aber, wenn die Wolkendecke aufrei\u00dft und sich die Sonne zeigt. Dann schwimmen wir eine Runde, erkunden die Insel zu Fu\u00df, laufen am Strand entlang durch den feinen Sand, trinken Wein zum Sonnenuntergang und essen anschlie\u00dfend eine riesige Pizza aus dem Holzofen.<\/p>\n<h4>In Lenas &amp; Jans Reiseblog \u201ereisen-ist.jetzt \u2013 Unterwegs ist da,\u00a0wo wir sind\u201c finden Sie noch viel mehr Fotos, Infos und Impressionen:<\/h4>\n<p><a href=\"https:\/\/reisen-ist.jetzt\">https:\/\/reisen-ist.jetzt<\/a><\/p>\n<p>Die insgesamt zwei Monate, die wir in Indonesien verbringen werden, sind f\u00fcr uns so etwas wie eine kleine Auszeit auf unserer Weltreise. Nach der anstrengenden Zeit in Indien, der abgefahrenen Wanderung in Nepal und den unz\u00e4hligen Sehensw\u00fcrdigkeiten in Singapur, haben wir uns fest vorgenommen, es bis Ende August \u2013 unserer Weiterreise nach Hongkong \u2013 ruhig angehen zu lassen.<\/p>\n<div id=\"attachment_66974\" class=\"wp-caption alignnone\" style=\"max-width: 559px;\"><img loading=\"lazy\" decoding=\"async\" class=\"wp-image-66974\" src=\"\/wp-content\/uploads\/2023\/07\/img_20230629_173909.jpeg\" alt=\"\" width=\"549\" height=\"615\" \/><span class=\"wp-caption-text\">Jan Filipzik geniesst die Stille am Strand &#8211; \u00a9 reisen-ist.jetzt<\/span><\/div>\n<p>Dazu passt, dass es auf Nusa Lembongan ohnehin nicht viel zu tun gibt. Und so stellt sich schon nach kurzer Zeit ein entspannter Tagesablauf ein \u2013 bestehend aus Ausschlafen, einem leckeren Fr\u00fchst\u00fcck, ein bisschen Sport und je nach Wetter, etwas Pool, Meer, Spazierengehen oder halt dem Buch auf der vom Regen gesch\u00fctzten Veranda.<\/p>\n<p>Wobei die heftigen Regenschauer, die es auch im Rest von Indonesien immer wieder gibt, auch ihr Gutes haben: Die Inseln sind unfassbar gr\u00fcn. \u00dcberall wachsen dichte B\u00e4ume, Str\u00e4ucher und Blumen, dazu gibt es unz\u00e4hlige sch\u00f6n bepflanzte Hinterh\u00f6fe, kleine versteckte Tempelanlagen, aufwendig verzierte Tore, T\u00fcren und Geb\u00e4ude.<\/p>\n<p>Allein vom \u00e4sthetischen Gesichtspunkt aus betrachtet, z\u00e4hlt Indonesien damit f\u00fcr mich zu den sch\u00f6nsten L\u00e4ndern in Asien. Zumal die Indonesier ein gutes Gesp\u00fcr f\u00fcr sch\u00f6ne und gem\u00fctliche Einrichtungen und Dekorationen haben, so dass man sich hier fast \u00fcberall sofort richtig wohlf\u00fchlt.<\/p>\n<div id=\"attachment_66967\" class=\"wp-caption alignnone\" style=\"max-width: 757px;\"><img loading=\"lazy\" decoding=\"async\" class=\"wp-image-66967\" src=\"\/wp-content\/uploads\/2023\/07\/img_20230627_163204.jpeg\" alt=\"\" width=\"747\" height=\"561\" \/><span class=\"wp-caption-text\">Lena und Jan g\u00f6nnen sich ruhige, entspannte Stunden am Pool &#8211; \u00a9 reisen-ist.jetzt<\/span><\/div>\n<p>Nach insgesamt zehn Tagen auf Nusa Lembongan fahren wir zur\u00fcck nach Bali \u2013 und bleiben f\u00fcr einige Zeit ganz im S\u00fcden der Insel, in der N\u00e4he des vor allem bei Surfern bekannten Uluwatu.<\/p>\n<p>Wir mieten uns einen Roller und fahren die sch\u00f6nsten Str\u00e4nde der Gegend ab, blicken auf beeindruckende Steilk\u00fcsten, die ich sonst vor allem von der Algarve in Portugal kenne, sehen den meterhohen Wellen zu, wie sie sich unerm\u00fcdlich brechen, genie\u00dfen malerische Sonnenunterg\u00e4nge und haben schlicht eine sch\u00f6ne Zeit.<\/p>\n<p>Alles f\u00fchlt sich ein bisschen nach Urlaub an, das Salzwasser beim Abendessen noch auf der Haut, auf dem R\u00fcckweg zu unserer Unterkunft weht uns auf dem Roller die immer noch warme Nachtluft um die Nase. Und alles sieht auch ein bisschen nach Urlaub aus.<\/p>\n<div id=\"attachment_66969\" class=\"wp-caption alignnone\" style=\"max-width: 759px;\"><img loading=\"lazy\" decoding=\"async\" class=\"wp-image-66969\" src=\"\/wp-content\/uploads\/2023\/07\/img_20230704_142528.jpg.jpeg\" alt=\"\" width=\"749\" height=\"562\" \/><span class=\"wp-caption-text\">Eine andere, eine bunte Welt &#8211; \u00a9 reisen-ist.jetzt<\/span><\/div>\n<p>Da die insgesamt sehr stylische Surferszene hier aktiv ist, gibt es unz\u00e4hlige hippe L\u00e4den und alles umgibt ein Hauch von Instagram \u2013 egal ob im tendenziell \u00fcberteuerten Fitnessstudio, im Restaurant um die Ecke oder in den vielen Beachclubs am Strand. Mich pers\u00f6nlich st\u00f6rt das nicht \u2013 auch wenn ich mich bei der einen oder anderen Gelegenheit dabei ertappe, mich doch ein wenig underdressed zu f\u00fchlen.<\/p>\n<p>Was auf Bali hingegen nicht perfekt funktioniert, ist der Verkehr. Es sind einfach viel zu viele Autos und Roller unterwegs und die engen Stra\u00dfen vor allem zu den Sto\u00dfzeiten regelm\u00e4\u00dfig verstopft. Doch verglichen mit Indien ist es immer noch wahnsinnig entspannt \u2013 und so reihen wir uns schlie\u00dflich auch in die Blechkolonne ein und fahren von unserer Unterkunft in Uluwatu aus f\u00fcr einige Tage in das n\u00f6rdlich gelegene Ubud, wo ich gerade auf unserer Terrasse sitze und diese Zeilen schreibe.<\/p>\n<div id=\"attachment_66971\" class=\"wp-caption alignnone\" style=\"max-width: 560px;\"><img loading=\"lazy\" decoding=\"async\" class=\"wp-image-66971\" src=\"\/wp-content\/uploads\/2023\/07\/img_20230716_123931.jpg.jpeg\" alt=\"\" width=\"550\" height=\"733\" \/><span class=\"wp-caption-text\">Eine der vielen Tempel-Anlagen &#8211; \u00a9 reisen-ist.jetzt<\/span><\/div>\n<p>In Ubud gibt es zahlreiche Sehensw\u00fcrdigkeiten, viele m\u00f6gliche Aktivit\u00e4ten, Tempel und Museen zu besichtigen \u2013 und entsprechend viele Touristen. Souvenirshop reiht sich an Souvenirshop, Restaurant an Restaurant an Galerie an Modegesch\u00e4ft an Schmuckladen und so weiter. Wobei ich das nicht schlimm finde.<\/p>\n<p>Es tut zur Abwechslung gut, einmal dort zu sein, wo auch alle anderen sind. Zwei Touristen unter vielen, in der Masse abtauchen, verschwinden, nicht auffallen und dem ganzen Trubel gelassen zuschauen. Zumal f\u00fcr uns ab Mittwoch ein echtes Kontrastprogramm ansteht.Wir wollten so etwas immer schon einmal machen, hier auf Bali hat es sich endlich ergeben:<\/p>\n<p>Wir gehen f\u00fcr zehn Tage in ein Schweigekloster. Konkret ist es ein Vipassana Retreat \u2013 es wird also nicht nur geschwiegen, sondern auch viel gesessen und meditiert. Und das mit relativ strengen Regeln: Handys und sonstige elektronische Ger\u00e4te sind verboten und m\u00fcssen abgegeben werden, B\u00fccher, Papier und Stifte sind nicht erlaubt.<\/p>\n<div id=\"attachment_66972\" class=\"wp-caption alignnone\" style=\"max-width: 761px;\"><img loading=\"lazy\" decoding=\"async\" class=\"wp-image-66972\" src=\"\/wp-content\/uploads\/2023\/07\/img_20230715_130507.jpg.jpeg\" alt=\"\" width=\"751\" height=\"564\" \/><span class=\"wp-caption-text\">Lena Lichterbeck beim Shoppen &#8211; \u00a9 reisen-ist jetzt<\/span><\/div>\n<p>Es darf nicht geredet und auch nicht anderweitig miteinander kommuniziert werden, auch als Paar nicht. Jeder schl\u00e4ft f\u00fcr sich, um 4:00 Uhr fr\u00fch wird aufgestanden, es gibt zweieinhalb Mahlzeiten und keinen Nachschlag. Das alles, um ein Umfeld zu schaffen, in dem die Teilnehmer \u2013 in dem Fall also wir \u2013 wirklich zu Ruhe kommen und in sich kehren k\u00f6nnen.<\/p>\n<p>Zehn Tage unter diesen Bedingungen sind eine lange Zeit \u2013 und ich bin sehr gespannt darauf, was sie mit mir macht. Wenn es also in den kommenden Tagen ruhig um uns wird, ist das kein Grund zur Besorgnis. Und im n\u00e4chsten Blogbeitrag werden wir dann berichten, wie es uns ergangen ist.<\/p>\n<p><strong>Jan Filipzik<\/strong><\/p>\n<p>18. Juli 202<\/p>\n<h4>In Lenas &amp; Jans Reiseblog \u201ereisen-ist.jetzt \u2013 Unterwegs ist da,\u00a0wo wir sind\u201c finden Sie noch viel mehr Fotos, Infos und Impressionen:<\/h4>\n<p><a href=\"https:\/\/reisen-ist.jetzt\">https:\/\/reisen-ist.jetzt<\/a><\/p>\n<div id=\"attachment_66973\" class=\"wp-caption alignnone\" style=\"max-width: 761px;\"><img loading=\"lazy\" decoding=\"async\" class=\"wp-image-66973\" src=\"\/wp-content\/uploads\/2023\/07\/img_20230702_120409.jpeg\" alt=\"\" width=\"751\" height=\"451\" \/><span class=\"wp-caption-text\">Lena Lichterbeck: Streicheleinheiten f\u00fcr eine Kuh &#8211; \u00a9 reisen-ist.jeetzt<\/span><\/div>\n","protected":false},"excerpt":{"rendered":"<p>Sie sind auf dem Weg, sich ihren grossen Traum zu erf\u00fcllen &#8211; die Unternehmensberaterin Lena Lichterbeck und der Berater Jan Filipzik, Ex-Chefredakteur des Wuppertaler Magazins &#8222;talw\u00e4rts&#8220;. Die beiden haben ihre gemeinsame Wohnung aufgegeben und sind unterwegs auf gro\u00dfer Weltreise. Dabei begleiten wir Lena und Jan. Gehen SIE mit auf gro\u00dfe Reise &#8211; wenn SIE m\u00f6gen&#8230;<\/p>\n","protected":false},"author":7,"featured_media":0,"comment_status":"open","ping_status":"open","sticky":false,"template":"","format":"standard","meta":{"footnotes":""},"categories":[25],"tags":[],"class_list":["post-66954","post","type-post","status-publish","format-standard","hentry","category-lifestyle"],"publishpress_future_action":{"enabled":false,"date":"2026-05-05 09:41:25","action":"change-status","newStatus":"draft","terms":[],"taxonomy":"category","extraData":[]},"publishpress_future_workflow_manual_trigger":{"enabledWorkflows":[]},"_links":{"self":[{"href":"https:\/\/www.die-stadtzeitung.de\/index.php\/wp-json\/wp\/v2\/posts\/66954","targetHints":{"allow":["GET"]}}],"collection":[{"href":"https:\/\/www.die-stadtzeitung.de\/index.php\/wp-json\/wp\/v2\/posts"}],"about":[{"href":"https:\/\/www.die-stadtzeitung.de\/index.php\/wp-json\/wp\/v2\/types\/post"}],"author":[{"embeddable":true,"href":"https:\/\/www.die-stadtzeitung.de\/index.php\/wp-json\/wp\/v2\/users\/7"}],"replies":[{"embeddable":true,"href":"https:\/\/www.die-stadtzeitung.de\/index.php\/wp-json\/wp\/v2\/comments?post=66954"}],"version-history":[{"count":11,"href":"https:\/\/www.die-stadtzeitung.de\/index.php\/wp-json\/wp\/v2\/posts\/66954\/revisions"}],"predecessor-version":[{"id":66977,"href":"https:\/\/www.die-stadtzeitung.de\/index.php\/wp-json\/wp\/v2\/posts\/66954\/revisions\/66977"}],"wp:attachment":[{"href":"https:\/\/www.die-stadtzeitung.de\/index.php\/wp-json\/wp\/v2\/media?parent=66954"}],"wp:term":[{"taxonomy":"category","embeddable":true,"href":"https:\/\/www.die-stadtzeitung.de\/index.php\/wp-json\/wp\/v2\/categories?post=66954"},{"taxonomy":"post_tag","embeddable":true,"href":"https:\/\/www.die-stadtzeitung.de\/index.php\/wp-json\/wp\/v2\/tags?post=66954"}],"curies":[{"name":"wp","href":"https:\/\/api.w.org\/{rel}","templated":true}]}}