{"id":66604,"date":"2023-07-04T19:20:17","date_gmt":"2023-07-04T17:20:17","guid":{"rendered":"https:\/\/www.die-stadtzeitung.de\/?p=66604"},"modified":"2023-07-10T11:48:05","modified_gmt":"2023-07-10T09:48:05","slug":"lokalmatador-vincenzo-gualtieri-ist-box-weltmeister","status":"publish","type":"post","link":"https:\/\/www.die-stadtzeitung.de\/index.php\/2023\/07\/04\/lokalmatador-vincenzo-gualtieri-ist-box-weltmeister\/","title":{"rendered":"Lokalmatador Vincenzo Gualtieri ist Box-Weltmeister"},"content":{"rendered":"<div id=\"attachment_66606\" class=\"wp-caption alignnone\" style=\"max-width: 2570px;\"><img loading=\"lazy\" decoding=\"async\" class=\"size-full wp-image-66606\" src=\"\/wp-content\/uploads\/2023\/07\/Bild-02.07.23-um-09.48-2-scaled.jpg\" alt=\"\" width=\"2560\" height=\"1707\" \/><span class=\"wp-caption-text\">Lokalmatador Vincenzo Gualtieri (l.) pr\u00e4sentierte sich in blendender Verfassung. Sein tapferer Gegner Esquiva Falcao musste jede Menge Pr\u00fcgel einstecken &#8211; \u00a9 Torsten Helmke<\/span><\/div>\n<p>What a fight! Es war kein Boxkampf, es war eine wilde Schlacht, die im Ring zwischen dem Brasilianer Esquiva Falcao und dem Wuppertaler Vincenzo Gualtieri tobte.<span class=\"Apple-converted-space\">\u00a0<\/span><\/p>\n<p>Das erste Niederschlag bereits in der zweiten Runde: Mit einem perfekten Uppercut hatte Gualtieri Falcaos Deckung durchbrochen. Die Sensation lag in der Luft, doch der brasilianische Rechtsausleger berappelte sich und kam zur\u00fcck.<span class=\"Apple-converted-space\">\u00a0<\/span><\/p>\n<p>Im f\u00fcnften Durchgang wackelte er wieder und in der siebten Runde musste er erneut auf die Bretter. Doch diesmal schlug Gualtieri tief \u2013 ohne Absicht. So sah es die Jury, so sah es auch , der ohne Protest, aber mit schmerzverzerrtem Gesicht weiterboxte.<\/p>\n<h4>Zwei Naturgewalten trafen aufeinander<\/h4>\n<p>Es war grandios, was Falcao und Gualtieri ablieferten. Wie zwei Naturgewalten, die aufeinander prallten. Und in der elften Runde traf Vincenzo Gualtieri wieder mit einem Uppercut das Kinn des Brasilianers. Falcao wurde erneut angez\u00e4hlt.<span class=\"Apple-converted-space\">\u00a0<\/span><\/p>\n<p>Sp\u00e4testens hier stand fest, dass der Wuppertaler Champ diesen WM-Kampf allenfalls durch einen &#8222;Lucky Punch&#8220; seines Gegners noch verlieren konnte. Jetzt musste der 30j\u00e4hrige nur noch die letzte Runde stehend zu Ende bringen und das schaffte er ohne Probleme.<span class=\"Apple-converted-space\">\u00a0<\/span><\/p>\n<div id=\"attachment_66532\" class=\"wp-caption alignnone\" style=\"max-width: 647px;\"><img loading=\"lazy\" decoding=\"async\" class=\"wp-image-66532 size-full\" src=\"\/wp-content\/uploads\/2023\/06\/Etinosa-Oliha-Torsten-Helmke.jpg\" alt=\"\" width=\"637\" height=\"425\" \/><span class=\"wp-caption-text\">Sicherte sich auch den WM-Titel AGON-Boxer Etinosa Oliha &#8211; \u00a9 Torsten Helmke<\/span><\/div>\n<p>Schon kurz vor dem Schlussgong reckte der frisch gebackene Weltmeister, der seine Box-Karriere beim ASV-Wuppertal startete, jubelnd die F\u00e4uste in die Luft, w\u00e4hrend Falcao, der Olympiazweite von London, mit gesenktem Kopf in die Ecke ging.<\/p>\n<p>Was Gualtieri ahnte, best\u00e4tigte das Kampfgericht. Mit 116:110 117:109 116:110 gewann er den Welttitel f\u00fcr sich und seinen Boxstall AGON. Seinen ersten Dank sendete er in den Himmel, an seinen Freund und ersten Proficoach: &#8222;Danke Graciano &#8218;Rocky&#8216; Rocchigiani!&#8220;<\/p>\n<p>Der AGON Box-Stall konnten an diesem Abend in der Unihalle noch einen zweiten Weltmeister feiern: Etinosa Oliha (17(8)-0-0) besiegte Julio Alamos (16(9)-0-0) aus Santiago de Chile eindeutig nach Punkten und trat die Nachfolge von Gennadiy Golovkin als IBO\u2011Weltmeister an.<\/p>\n<h4>Auch Etinosa Oliha holte WM-G\u00fcrtel<\/h4>\n<p>Dass der Chilene boxen kann, bewies er auf der letzten AGON\u2013Veranstaltung in Berlin. Damals besiegte er Etinosas Teamgef\u00e4hrten, Bj\u00f6rn Schicke. Oliha boxte stark, konzentrierte sich auf seine gef\u00e4hrlichen K\u00f6rper- und Kopfhaken.<\/p>\n<p>Die Runden glichen sich, Oliha schlug, der Gaucho steckte ein und blutete aus einem tiefen Cut auf der Nasenwurzel. \u201eEl Chapo\u201c (Olihas Spitzname) dr\u00f6hnte es bei der Urteilverk\u00fcndung. Und die Fans hatten recht. Neuer IBO Weltmeister im Mittelgewicht (113:115 112:116 113:115) wurde Etinosa \u201eEl Chapo\u201c<\/p>\n<div id=\"attachment_42588\" class=\"wp-caption alignnone\" style=\"max-width: 660px;\"><img loading=\"lazy\" decoding=\"async\" class=\" wp-image-42588\" src=\"\/wp-content\/uploads\/2021\/10\/c6ac423199f6ed331fc00f99eddf9c53-2.jpeg\" alt=\"\" width=\"650\" height=\"415\" \/><span class=\"wp-caption-text\">Werner Kreiskott verliess den Box-Ring 2015 und 2017 als WBU-Weltmeister \u00a9 privat<\/span><\/div>\n<p>Dr. Horst-Peter Strickrodt, Teammanager des Berliner Boxstealls AGON: \u201eWir haben abgeliefert. F\u00fcnf Jahre Aufbauarbeit haben sich heute und hier bezahlt gemacht. Danke an Ingo Volckmann f\u00fcr das Vertrauen in das Team und seinen unerm\u00fcdlichen Einsatz. Uns ist es gelungen, in kurzer Zeit ein wirklich geiles Team zusammenzuschwei\u00dfen und nur so kann man gemeinsame Ziele erreichen. Wir werden bald mit einem weiteren Highlight das deutsche Boxpublikum \u00fcberraschen. Ihr d\u00fcrft gespannt sein.\u201c<\/p>\n<h4>Alle Ergebnisse des Box-Abends in der Unihalle:<\/h4>\n<p>Schwergewicht 6 Runden: Carlos Castillo Rodriguez, Havanna PTS (60:54 60:54 60:54) \u00fcber Alfonso Damiani, Subiacio, Italy<\/p>\n<p>Bantamgewicht (55.338 kg) 6 Runden: Farlin Condori Palma de Mallorca, Draw (57:57 57:57 56:58) gegen Yeiler Vasquez, Italy<\/p>\n<p>Cruisergewicht (90.718 kg) 6 Runden: Dariusz Lassotta, Bergkamen, TKO Rd 4 nach 4 sec. \u00fcber Eduardo Sacramento da Silveira, Salvador de Bahia, Brazil<\/p>\n<p>Halbschwergewicht (79.379 kg) 8 Runden: Martin Houben, Wuppertal, Germany, PTS (79:73 79:73 79:73) \u00fcber Omar Garcia, Cumana, Venezuela<\/p>\n<div id=\"attachment_66610\" class=\"wp-caption alignnone\" style=\"max-width: 660px;\"><img loading=\"lazy\" decoding=\"async\" class=\"wp-image-66610\" src=\"\/wp-content\/uploads\/2023\/07\/Vinzenzo-Gualtieri-Torsten-Helmke-2-scaled-2.jpeg\" alt=\"\" width=\"650\" height=\"594\" \/><span class=\"wp-caption-text\">Vincenzo Guialtieri einmal mehr in Siegerpose &#8211; \u00a9 Archivfoto Torsten Helmke<\/span><\/div>\n<p>Weltergewicht (69.853 kg) 8 Runden: Jack \u201eGolden Jack\u201c Culcay, Berlin, KO Rd. 2 nach 52 sec.) \u00fcber Juan Adrian Monzon B. Aires, Argentina<\/p>\n<p>IBO Welt-Titelkampf Mittelgewicht (72.574 kg) 12 Runden: Etinosa \u201cEl Chapo\u201d Oliha, Asti, Italy PTS (115:113 116:113 115:113) \u00fcber Julio Alamos, Santiago de Chile, Chile<\/p>\n<p>IBF Welt-Titelkampf Mittelgewicht (72.574 kg) 12 Runden: Vincenzo Gualtieri, Wuppertal PTS \u00fcber Esquiva Falcao, Brasilien<span class=\"Apple-converted-space\">\u00a0<\/span><\/p>\n<p><strong>Link zur Homepage von AGON:<\/strong><\/p>\n<p><a href=\"http:\/\/www.agon-sports.com\">http:\/\/www.agon-sports.com<\/a><\/p>\n<div id=\"attachment_66737\" class=\"wp-caption alignnone\" style=\"max-width: 1290px;\"><img loading=\"lazy\" decoding=\"async\" class=\"wp-image-66737 size-full\" src=\"\/wp-content\/uploads\/2023\/07\/56859a38dc0bc356208bfc4831b4ba8f.jpeg\" alt=\"\" width=\"1280\" height=\"584\" \/><span class=\"wp-caption-text\">Boxweltmeister Vincenzo Gualtieri (M.) wurde im Rathaus von Oberb\u00fcrgermeister Dr. Uwe Schneidewind (2.v.l.) und Dezernent Matthias Nocke (2.v.r.) empfangen &#8211; \u00a9 Stadt Wuppertal<\/span><\/div>\n","protected":false},"excerpt":{"rendered":"<p>Wuppertal hat wieder der einen Box-Weltmeister. Nach Werner Kreiskott (WBU &#8211; 2015\/2017) hat sich Lokalmatador Vincenzo Gualtieri am Samstag (01,07.) den IBF-WM-G\u00fcrtel im Mittelgewicht vor 2.000 Zuschauern in der Unihalle erk\u00e4mpft. Er besiegte den Brasilaner Esquiva Falcao in 12 Runden haushoch nach Punkten.<\/p>\n","protected":false},"author":7,"featured_media":0,"comment_status":"open","ping_status":"open","sticky":false,"template":"","format":"standard","meta":{"footnotes":""},"categories":[20],"tags":[],"class_list":["post-66604","post","type-post","status-publish","format-standard","hentry","category-sport"],"publishpress_future_action":{"enabled":false,"date":"2026-05-04 22:33:09","action":"change-status","newStatus":"draft","terms":[],"taxonomy":"category","extraData":[]},"publishpress_future_workflow_manual_trigger":{"enabledWorkflows":[]},"_links":{"self":[{"href":"https:\/\/www.die-stadtzeitung.de\/index.php\/wp-json\/wp\/v2\/posts\/66604","targetHints":{"allow":["GET"]}}],"collection":[{"href":"https:\/\/www.die-stadtzeitung.de\/index.php\/wp-json\/wp\/v2\/posts"}],"about":[{"href":"https:\/\/www.die-stadtzeitung.de\/index.php\/wp-json\/wp\/v2\/types\/post"}],"author":[{"embeddable":true,"href":"https:\/\/www.die-stadtzeitung.de\/index.php\/wp-json\/wp\/v2\/users\/7"}],"replies":[{"embeddable":true,"href":"https:\/\/www.die-stadtzeitung.de\/index.php\/wp-json\/wp\/v2\/comments?post=66604"}],"version-history":[{"count":15,"href":"https:\/\/www.die-stadtzeitung.de\/index.php\/wp-json\/wp\/v2\/posts\/66604\/revisions"}],"predecessor-version":[{"id":66738,"href":"https:\/\/www.die-stadtzeitung.de\/index.php\/wp-json\/wp\/v2\/posts\/66604\/revisions\/66738"}],"wp:attachment":[{"href":"https:\/\/www.die-stadtzeitung.de\/index.php\/wp-json\/wp\/v2\/media?parent=66604"}],"wp:term":[{"taxonomy":"category","embeddable":true,"href":"https:\/\/www.die-stadtzeitung.de\/index.php\/wp-json\/wp\/v2\/categories?post=66604"},{"taxonomy":"post_tag","embeddable":true,"href":"https:\/\/www.die-stadtzeitung.de\/index.php\/wp-json\/wp\/v2\/tags?post=66604"}],"curies":[{"name":"wp","href":"https:\/\/api.w.org\/{rel}","templated":true}]}}