{"id":66479,"date":"2023-06-23T11:52:40","date_gmt":"2023-06-23T09:52:40","guid":{"rendered":"https:\/\/www.die-stadtzeitung.de\/?p=66479"},"modified":"2023-06-27T21:03:59","modified_gmt":"2023-06-27T19:03:59","slug":"20-testspiel-sieg-beim-ligakonkurrenten-sc-fortuna-koeln","status":"publish","type":"post","link":"https:\/\/www.die-stadtzeitung.de\/index.php\/2023\/06\/23\/20-testspiel-sieg-beim-ligakonkurrenten-sc-fortuna-koeln\/","title":{"rendered":"2:0-Testspiel-Sieg beim Ligakonkurrenten SC Fortuna K\u00f6ln"},"content":{"rendered":"<div id=\"attachment_66482\" class=\"wp-caption alignnone\" style=\"max-width: 1423px;\"><img loading=\"lazy\" decoding=\"async\" class=\"size-full wp-image-66482\" src=\"\/wp-content\/uploads\/2023\/06\/Classen-24-06-2023-290-2.jpg\" alt=\"\" width=\"1413\" height=\"1065\" \/><span class=\"wp-caption-text\">Damjan Marceta (Nr. 11) erzielte das 1:0 f\u00fcr den WSV &#8211; \u00a9 Jochen Classen<\/span><\/div>\n<p>Beim 2:0 (1:0)-Erfolg setzte Wuppertals Coach neben den Neuzug\u00e4ngen mit Ilhan Altuntas (RW Koblenz, Innenverteidiger) und Ayala Mateus Cardoniz (T\u00fcrkspor Dortmund, Angriff) zwei Gastspieler ein. Aus der U19 standen au\u00dferdem Kilian Bilitza und Hugo Schmidt im Kader.<span class=\"Apple-converted-space\">\u00a0<\/span><\/p>\n<p>Der WSV hatte vor 500 Zuschauern den besseren Start und kam durch Damjan Marceta und Semir Saric per (Freisto\u00df) zu ersten Torchancen. In der 42. Minute erarbeitete sich der WSV die bis dahin gr\u00f6\u00dfte M\u00f6glichkeit, aber<span class=\"Apple-converted-space\">\u00a0 <\/span>Phil Beckhoff traf nur den rechten Pfosten. In der Nachspielzeit dann doch die 1:0-F\u00fchrung f\u00fcr die G\u00e4ste von der Wupper. Dieses Mal setzte sich Phil Beckhoff auf der linken Seite durch,und passte auf Damjan Marceta, der den Ball ins K\u00f6lner Tor schob.<span class=\"Apple-converted-space\">\u00a0<\/span><\/p>\n<p>Zur zweiten H\u00e4lfte gab es beim WSV neun Wechsel. Nur Torh\u00fcter Paul Grave und Innenverteidiger Mert G\u00f6ckan blieben auf dem Rasen. Bereits in der 56. Minute fiel das 2:0 f\u00fcr die Wuppertaler und damit die Vorentscheidung. Davide Itter flankte von rechts und Jef Tchouangue k\u00f6pfte zum 2:0 ein. Ein verheissungsvoller Saisonauftakt. Der Sieg h\u00e4tte noch h\u00f6her ausfallen k\u00f6nnen. Doch Kevin Hagemanns Schusss landete in der 80. Minute nur am Pfosten.<\/p>\n<div id=\"attachment_66483\" class=\"wp-caption alignnone\" style=\"max-width: 2010px;\"><img loading=\"lazy\" decoding=\"async\" class=\"size-full wp-image-66483\" src=\"\/wp-content\/uploads\/2023\/06\/Classen-24-06-2023-110.jpg\" alt=\"\" width=\"2000\" height=\"1333\" \/><span class=\"wp-caption-text\">Jef Tchouangue gelang das 2:0 f\u00fcr den Wuppertaler SC &#8211; \u00a9 Jochen Classen<\/span><\/div>\n<p>Das n\u00e4chste Testspiel bestreitet der neuformierte WSV<span class=\"Apple-converted-space\">\u00a0 <\/span>am n\u00e4chsten Samstag (01.07.) um 12 Uhr beim Zweitligisten SC Paderborn.<\/p>\n<h4>SC Fortuna K\u00f6ln &#8211; Wuppertaler SV 0;2 (0;1)<\/h4>\n<p><strong>Die Aufstellung des Wuppertaler SV:<span class=\"Apple-converted-space\">\u00a0<\/span><\/strong><\/p>\n<p>34 Paul Grave (78., 12 Mert Temiz) \u2013 2 Ilhan Altuntas (46., 27 Kevin Pytlik), 25 Lion Schweers (46., 30 Niklas Dams), 17 Mert G\u00f6ckan (59., 37 Kilian Bilitza) &#8211; 14 Philipp Hanke (46., 29 Davide Itter), 7 Semir Saric (46., 8 Lukas Demming), 5 Steve Tunga (46. 10 Kevin Rodrigues Pires), 20 Tobias Peitz (46., 18 Tim Korzuschek), 21 H\u00fcseyin Bulut (46. 9 Kevin Hagemann) \u2013 11 Damjan Marceta (46., 39 Ayala Mateus Cardoniz), 19 Phil Beckhoff (46. 13 Jef Tchouangue)<\/p>\n<p><strong>Tore:<\/strong> 0:1 Marceta (45.+1), 0:2 Tchouangue (56.)<\/p>\n","protected":false},"excerpt":{"rendered":"<p>Sechs Wochen nach dem letzten Saisonspiel und einem 4:2-Erfolg bei Fortuna K\u00f6ln trat die Mannschaft von WSV-Cheftrainer H\u00fczeyfe Dogan an gleicher Stelle im K\u00f6lner S\u00fcdstadion gegen den Ligakonkurrenten im ersten Testspeiel der Saison 2023\/24 an. Und wieder gabe es einen Sieg.<\/p>\n","protected":false},"author":7,"featured_media":0,"comment_status":"open","ping_status":"open","sticky":false,"template":"","format":"standard","meta":{"footnotes":""},"categories":[20],"tags":[],"class_list":["post-66479","post","type-post","status-publish","format-standard","hentry","category-sport"],"publishpress_future_action":{"enabled":false,"date":"2026-05-07 16:16:43","action":"change-status","newStatus":"draft","terms":[],"taxonomy":"category","extraData":[]},"publishpress_future_workflow_manual_trigger":{"enabledWorkflows":[]},"_links":{"self":[{"href":"https:\/\/www.die-stadtzeitung.de\/index.php\/wp-json\/wp\/v2\/posts\/66479","targetHints":{"allow":["GET"]}}],"collection":[{"href":"https:\/\/www.die-stadtzeitung.de\/index.php\/wp-json\/wp\/v2\/posts"}],"about":[{"href":"https:\/\/www.die-stadtzeitung.de\/index.php\/wp-json\/wp\/v2\/types\/post"}],"author":[{"embeddable":true,"href":"https:\/\/www.die-stadtzeitung.de\/index.php\/wp-json\/wp\/v2\/users\/7"}],"replies":[{"embeddable":true,"href":"https:\/\/www.die-stadtzeitung.de\/index.php\/wp-json\/wp\/v2\/comments?post=66479"}],"version-history":[{"count":4,"href":"https:\/\/www.die-stadtzeitung.de\/index.php\/wp-json\/wp\/v2\/posts\/66479\/revisions"}],"predecessor-version":[{"id":66485,"href":"https:\/\/www.die-stadtzeitung.de\/index.php\/wp-json\/wp\/v2\/posts\/66479\/revisions\/66485"}],"wp:attachment":[{"href":"https:\/\/www.die-stadtzeitung.de\/index.php\/wp-json\/wp\/v2\/media?parent=66479"}],"wp:term":[{"taxonomy":"category","embeddable":true,"href":"https:\/\/www.die-stadtzeitung.de\/index.php\/wp-json\/wp\/v2\/categories?post=66479"},{"taxonomy":"post_tag","embeddable":true,"href":"https:\/\/www.die-stadtzeitung.de\/index.php\/wp-json\/wp\/v2\/tags?post=66479"}],"curies":[{"name":"wp","href":"https:\/\/api.w.org\/{rel}","templated":true}]}}