{"id":66426,"date":"2023-06-22T21:56:37","date_gmt":"2023-06-22T19:56:37","guid":{"rendered":"https:\/\/www.die-stadtzeitung.de\/?p=66426"},"modified":"2023-07-03T16:36:23","modified_gmt":"2023-07-03T14:36:23","slug":"kurrende-erfolgreiche-saison-unter-lukas-baumann","status":"publish","type":"post","link":"https:\/\/www.die-stadtzeitung.de\/index.php\/2023\/06\/22\/kurrende-erfolgreiche-saison-unter-lukas-baumann\/","title":{"rendered":"Kurrende: Erfolgreiche Saison unter Lukas Baumann"},"content":{"rendered":"<div id=\"attachment_66428\" class=\"wp-caption alignnone\" style=\"max-width: 2570px;\"><img loading=\"lazy\" decoding=\"async\" class=\"size-full wp-image-66428\" src=\"\/wp-content\/uploads\/2023\/06\/2021_09_Huckepack_Running_Friedhofskirche_MASTER-scaled.jpeg\" alt=\"\" width=\"2560\" height=\"1707\" \/><span class=\"wp-caption-text\">Haben viel Spass und Erfolg: Mitglieder der Wuppertaler Kurrende &#8211; \u00a9 Wuppertaler Kurrende<\/span><\/div>\n<p>Die international erfolgreiche Wuppertaler Knabenchor hat in der Saison an insgesamt 61 Veranstaltungen mitgewirkt und dabei \u00fcber 10 000 Zuh\u00f6rerinnen und Zuh\u00f6rer erreicht. Neben zahlreichen Gottesdienstmitwirkungen, Motetten und Konzerten in Wuppertal gastierte der Chor unter anderem im Altenberger Dom oder gro\u00dfen Kathedralen in Aix-en-Provence, Lyon oder Marseille.<span class=\"Apple-converted-space\">\u00a0<\/span><\/p>\n<p>In besonderen Formaten trat der Chor unter anderem im Von-der-Heydt-Museum, im Gr\u00fcnen Zoo Wuppertal oder auf der SingBus-B\u00fchne der Deutschen Chorjugend auf.<\/p>\n<p>Die Verantwortlichen freuen sich auch \u00fcber zahlreiche neue Nachwuchss\u00e4nger. Allein die Mitgliederzahl der Nachwuchsch\u00f6re hat sich innerhalb eines Jahres verdoppelt, netto hat er 30 neue S\u00e4nger gewonnen. Nach der Sommerpause will Chorleiter Lukas Baumann wieder in zahlreiche Grundschulen gehen, um dort Jungen f\u00fcrs Singen zu begeistern.<\/p>\n<p>Nach vier Wochen Sommerferien startet die Saison 2023\/24 Ende Juli mit einer zweiw\u00f6chigen Probenfreizeit in D\u00e4nemark. Eine intensive Vorbereitung ist notwendig, denn bis Weihnachten stehen wieder 30 Auftritte an.<span class=\"Apple-converted-space\">\u00a0<\/span><\/p>\n<div id=\"attachment_66430\" class=\"wp-caption alignnone\" style=\"max-width: 760px;\"><img loading=\"lazy\" decoding=\"async\" class=\" wp-image-66430\" src=\"\/wp-content\/uploads\/2023\/06\/2209_1_Screengraps_Kurrende_Sonnborn_Hauptkirche_v1_00090000_grade_upscale-standard-scale-1_20x-scaled.jpeg\" alt=\"\" width=\"750\" height=\"422\" \/><span class=\"wp-caption-text\">Lukas Baumann, musikalischer Leiter der Wuppertaler Kurrende &#8211; \u00a9 Wuppertaler &#8211; Kurrende<\/span><\/div>\n<p>Besondere H\u00f6hepunkte werden eine Konzertreise durch Luxemburg und Frankreich sowie der Besuch der Regensburger Domspatzen im Herbst. Die Quempaskonzerte und zwei Auff\u00fchrungen des Bach\u2019schen Weihnachtsoratoriums mit Concerto K\u00f6ln, einem der weltweit f\u00fchrenden Barockorchester, werden das Kalenderjahr beschlie\u00dfen.<span class=\"Apple-converted-space\">\u00a0<\/span><\/p>\n<p>Im Januar produziert der Chor zusammen mit der ber\u00fchmten Berliner Lautten Compagney eine aufwendige Einspielung mit Weihnachtsliedern und am 26. Juni 2024 steht das gro\u00dfe Festkonzert zum 100. Chorjubil\u00e4um in der Historischen Stadthalle mit dem Sinfonieorchester Wuppertal und der Elberfelder M\u00e4dchenkurrende an.<\/p>\n<p>Die k\u00fcrzliche Entscheidung des Kirchenkreises Wuppertal, die Zusch\u00fcsse f\u00fcr die Kurrende nach 2025 vollst\u00e4ndig streichen zu wollen, war der gro\u00dfe R\u00fcckschlag f\u00fcr die Kurrende im sonst so erfolgreichen Konzertjahr.<span class=\"Apple-converted-space\">\u00a0<\/span><\/p>\n<div id=\"attachment_66431\" class=\"wp-caption alignnone\" style=\"max-width: 760px;\"><img loading=\"lazy\" decoding=\"async\" class=\" wp-image-66431\" src=\"\/wp-content\/uploads\/2023\/06\/WK_chorfoto_friedhofskirche_untoldunseen-1-1-2-scaled.jpeg\" alt=\"\" width=\"750\" height=\"500\" \/><span class=\"wp-caption-text\">Der erfolgreiche Wuppertaler Knabenchor Kurrende &#8211; \u00a9 Wuppertaler Kurrende<\/span><\/div>\n<p>Gesch\u00e4ftsf\u00fchrer Tilman Klett m\u00f6chte hier allerdings beruhigen: \u201eWir sind im guten und konstruktiven Austausch mit der Superintendentin Ilka Federschmidt, die uns Unterst\u00fctzung und eine enge Kooperation au\u00dferhalb der j\u00e4hrlichen F\u00f6rderung angeboten hat. Au\u00dferdem bin ich zuversichtlich, dass wir mit einer breiten Unterst\u00fctzung durch die Wuppertaler B\u00fcrgerschaft, die Kommune und auch Kirchengemeinden langfristig eine nachhaltige Finanzierung sicherstellen k\u00f6nnen. Hier gibt es erste sehr positive Entwicklungen, an die wir nun ankn\u00fcpfen.\u201c<\/p>\n<p>Die Wuppertaler Kurrende wurde vor 99 Jahren gegr\u00fcndet. Aktuell gibt es 110 Kurrendaner im Alter von 6 Jahren bis ins Erwachsenenalter.<\/p>\n<p><strong>Link zur Homepage der Wuppertaler Kurrende:<\/strong><\/p>\n<p><a href=\"http:\/\/www.wuppertaler-kurrende.de\">http:\/\/www.wuppertaler-kurrende.de<\/a><\/p>\n","protected":false},"excerpt":{"rendered":"<p>Lukas Baumann, seit August 2022 musikalischer Leiter der\u00a0 Wuppertaler Kurrende, wird nach seiner ersten Saison in h\u00f6chsten T\u00f6nen gelobt. \u201eDer Knabenchor hat innerhalb k\u00fcrzester Zeit enorm an Qualit\u00e4t und Leistungsf\u00e4higkeit gewonnen\u201c, freut sich Gesch\u00e4ftsf\u00fchrer Tilman Klett und f\u00fchrt den Qualit\u00e4tssprung auf die leidenschaftliche Arbeit und einschl\u00e4gige Knabenchor-Expertise des neuen Chorleiters zur\u00fcck.<\/p>\n","protected":false},"author":7,"featured_media":0,"comment_status":"open","ping_status":"open","sticky":false,"template":"","format":"standard","meta":{"footnotes":""},"categories":[29],"tags":[],"class_list":["post-66426","post","type-post","status-publish","format-standard","hentry","category-kultur"],"publishpress_future_action":{"enabled":false,"date":"2026-05-04 22:34:26","action":"change-status","newStatus":"draft","terms":[],"taxonomy":"category","extraData":[]},"publishpress_future_workflow_manual_trigger":{"enabledWorkflows":[]},"_links":{"self":[{"href":"https:\/\/www.die-stadtzeitung.de\/index.php\/wp-json\/wp\/v2\/posts\/66426","targetHints":{"allow":["GET"]}}],"collection":[{"href":"https:\/\/www.die-stadtzeitung.de\/index.php\/wp-json\/wp\/v2\/posts"}],"about":[{"href":"https:\/\/www.die-stadtzeitung.de\/index.php\/wp-json\/wp\/v2\/types\/post"}],"author":[{"embeddable":true,"href":"https:\/\/www.die-stadtzeitung.de\/index.php\/wp-json\/wp\/v2\/users\/7"}],"replies":[{"embeddable":true,"href":"https:\/\/www.die-stadtzeitung.de\/index.php\/wp-json\/wp\/v2\/comments?post=66426"}],"version-history":[{"count":3,"href":"https:\/\/www.die-stadtzeitung.de\/index.php\/wp-json\/wp\/v2\/posts\/66426\/revisions"}],"predecessor-version":[{"id":66432,"href":"https:\/\/www.die-stadtzeitung.de\/index.php\/wp-json\/wp\/v2\/posts\/66426\/revisions\/66432"}],"wp:attachment":[{"href":"https:\/\/www.die-stadtzeitung.de\/index.php\/wp-json\/wp\/v2\/media?parent=66426"}],"wp:term":[{"taxonomy":"category","embeddable":true,"href":"https:\/\/www.die-stadtzeitung.de\/index.php\/wp-json\/wp\/v2\/categories?post=66426"},{"taxonomy":"post_tag","embeddable":true,"href":"https:\/\/www.die-stadtzeitung.de\/index.php\/wp-json\/wp\/v2\/tags?post=66426"}],"curies":[{"name":"wp","href":"https:\/\/api.w.org\/{rel}","templated":true}]}}