{"id":66333,"date":"2023-06-15T08:19:02","date_gmt":"2023-06-15T06:19:02","guid":{"rendered":"https:\/\/www.die-stadtzeitung.de\/?p=66333"},"modified":"2023-06-23T10:22:29","modified_gmt":"2023-06-23T08:22:29","slug":"innovative-lampen-und-nachhaltige-junior-uni-modelle","status":"publish","type":"post","link":"https:\/\/www.die-stadtzeitung.de\/index.php\/2023\/06\/15\/innovative-lampen-und-nachhaltige-junior-uni-modelle\/","title":{"rendered":"Innovative Lampen und nachhaltige Junior Uni-Modelle\u00a0"},"content":{"rendered":"<div id=\"attachment_66336\" class=\"wp-caption alignnone\" style=\"max-width: 1034px;\"><img loading=\"lazy\" decoding=\"async\" class=\"size-large wp-image-66336\" src=\"\/wp-content\/uploads\/2023\/06\/Challenge-Finale-in-der-Junior-Uni-2-1024x626.jpg\" alt=\"\" width=\"1024\" height=\"626\" \/><span class=\"wp-caption-text\">Die gl\u00fccklichen Challenge-Teilnehmerinnen und -Teilnehmer freuen sich gemeinsam mit der Jury \u00fcber den tollen Wettbewerbsabschluss &#8211; \u00a9 Sandra Alex\/Junior Uni<\/span><\/div>\n<p>Seit Beginn des Sommersemesters im Februar wurde in den zwei Forschungsgruppen der Junior Uni-Challenge get\u00fcftelt, gewerkelt, erprobt und experimentiert. Dabei boten die beiden Kategorien \u201eDie Lampen-Challenge 2023 \u2013 smartes Licht f\u00fcr Euren Schreibtisch\u201c und \u201eDie Architekten-Challenge 2023: Wir stocken auf\u201c auch in diesem Jahr Raum f\u00fcr reichlich Kreativit\u00e4t und innovative Ideen. Jetzt durften die Studierenden im Alter von sieben bis 14 Jahren die anwesende Fachjury und zahlreiche Besucherinnen und Besucher von ihren Modellen \u00fcberzeugen.<span class=\"Apple-converted-space\">\u00a0<\/span><\/p>\n<p>Erstmalig dabei war in diesem Jahr die Lampen-Challenge. In diesem Kooperationskurs mit der Gebr\u00fcder Becker GmbH t\u00fcftelten Junior Uni-Studentiernde unter der Anleitung von Ausbildern und Auszubildenden des Wuppertaler Unternehmens an ausgefallenen Lampen-Modellen f\u00fcr den Schreibtisch. Hier wurde einiges an Kreativit\u00e4t geboten, wobei neben dem Design auch die Funktionalit\u00e4t und Nachhaltigkeit der Lampe von Bedeutung war.<span class=\"Apple-converted-space\">\u00a0<\/span><\/p>\n<p>Neben raffinierten Accessoires aus dem 3D-Drucker, wie beispielsweise dem schiefen Turm von Pisa, entstanden mit Holz und LED-Streifen tolle Lampenmodelle. Dabei war auch das Thema Nachhaltigkeit bei der Material- und Motivauswahl von zentraler Bedeutung: So w\u00e4hlten zwei Studentinnen einen filigranen Schmetterling als Motiv, um auf kreative Weise auf das Artensterben aufmerksam zu machen, mit dem sie sich bereits in einem anderen Junior Uni-Kurs auseinandergesetzt hatten.<span class=\"Apple-converted-space\">\u00a0<\/span><\/p>\n<p>&#8222;Uns ist es wichtig, Nachhaltigkeit und Praxisorientierung zu vereinen und dies gemeinsam mit jungen Menschen umzusetzen\u201c, schildert Philip Wilkes, Ausbilder Metalltechnik bei Gebr\u00fcder Becker, die Motivation ein solches Projekt an der Junior Uni zu betreuen.<span class=\"Apple-converted-space\">\u00a0<\/span><\/p>\n<h4>Motiviert und kreativ<\/h4>\n<p>Passend zum Tag der Architektur NRW, der am Samstag gefeiert wurde, pr\u00e4sentierten die Studentinnen und Studenten der Architekten-Challenge ihre Entw\u00fcrfe f\u00fcr eine zus\u00e4tzliche Etage der Junior Uni Die Teilnehmerinnen und Teilnehmer \u00fcberlegten sich wie eine vierte Etage der Junior Uni aussehen k\u00f6nnte und legten dabei besonderen Wert auf Nachhaltigkeit und Inklusion.<span class=\"Apple-converted-space\">\u00a0<\/span><\/p>\n<p>Junior Uni-Dozentin Annika Gro\u00df-Selbeck studiert an der Bergischen Universit\u00e4t Wuppertal und leitete den Kurs f\u00fcr die Sieben- bis Zehnj\u00e4hrigen. Im Rahmen ihrer Bachelorarbeit untersuchte sie im Kurs, ob die Motivation von Grundsch\u00fclern f\u00fcr Nachhaltigkeit und nachhaltige Entwicklung in einem Projektkurs gef\u00f6rdert werden kann. \u201eDie Studierenden waren sehr motiviert und wir konnten das Interesse am Thema bei allen wecken\u201c, schildert Gro\u00df- Selbeck.<\/p>\n<p>\u201eVor allem das freie Arbeiten an den Modellen war motivierend. In die Modelle sind tolle Ideen mit eingeflossen, die das Verst\u00e4ndnis f\u00fcr Nachhaltigkeit zeigen. So gibt es Bienenst\u00f6cke, Blumen- und Gem\u00fcsebeete, eine Regentonne mit eingebautem Filter, um daraus Trinkwasser f\u00fcr die Wasserspender zu gewinnen oder auch Solarzellen auf sehr vielen Modellen.\u201c<span class=\"Apple-converted-space\">\u00a0<\/span><\/p>\n<p>Von der Kreativit\u00e4t und dem Detailreichtum der Modelle zeigte sich auch Jury-Mitglied Dr. Katharina Simon begeistert. Simon arbeitet an der Uni Wuppertal in der Fakult\u00e4t f\u00fcr Architektur- und Bauingenieurwesen und leitet das Living Lab NRW. Dorthin unternahm der Kurs auch eine Exkursion und besch\u00e4ftigte sich mit dem Bauen der Zukunft.<span class=\"Apple-converted-space\">\u00a0<\/span><\/p>\n<p>Die Challenge-Kurse finden traditionell im Sommersemester statt. Zum Ende des Semesters werden die Projekte von einer Fachjury bewertet. Neben dem Projekt ist auch die Pr\u00e4sentation vor der Fachjury ein weiteres Kriterium bei der Begutachtung. Besonders ist auch, dass alle Junior Uni-Teilnehmerinnen und -Teilnehmer eine Urkunde erhalten und es statt einem viele gl\u00fcckliche Finalisten gibt, weil jedes Projekt f\u00fcr seine Besonderheit wertgesch\u00e4tzt wird. Alle Infos zur Junior Uni und ihrem Kursangebot gibt es unter junioruni-wuppertal.de<span class=\"Apple-converted-space\">\u00a0<\/span><\/p>\n<p>&nbsp;<\/p>\n","protected":false},"excerpt":{"rendered":"<p>Am Wochenende wurden in der Junior Uni die Finalistinnen und Finalisten des Junior Uni-eigenen Wettbewerbs \u201eDie Challenge\u201c ausgezeichnet. Die Nachwuchsingenieure und \u2013architekten pr\u00e4sentierten der Fachjury stolz ihre raffinierten LED-Lampen sowie kreative und nachhaltige Architektur-Modelle f\u00fcr eine vierte Junior Uni-Etage.\u00a0<\/p>\n","protected":false},"author":7,"featured_media":0,"comment_status":"open","ping_status":"open","sticky":false,"template":"","format":"standard","meta":{"footnotes":""},"categories":[27],"tags":[],"class_list":["post-66333","post","type-post","status-publish","format-standard","hentry","category-wissen"],"publishpress_future_action":{"enabled":false,"date":"2026-05-09 00:02:57","action":"change-status","newStatus":"draft","terms":[],"taxonomy":"category","extraData":[]},"publishpress_future_workflow_manual_trigger":{"enabledWorkflows":[]},"_links":{"self":[{"href":"https:\/\/www.die-stadtzeitung.de\/index.php\/wp-json\/wp\/v2\/posts\/66333","targetHints":{"allow":["GET"]}}],"collection":[{"href":"https:\/\/www.die-stadtzeitung.de\/index.php\/wp-json\/wp\/v2\/posts"}],"about":[{"href":"https:\/\/www.die-stadtzeitung.de\/index.php\/wp-json\/wp\/v2\/types\/post"}],"author":[{"embeddable":true,"href":"https:\/\/www.die-stadtzeitung.de\/index.php\/wp-json\/wp\/v2\/users\/7"}],"replies":[{"embeddable":true,"href":"https:\/\/www.die-stadtzeitung.de\/index.php\/wp-json\/wp\/v2\/comments?post=66333"}],"version-history":[{"count":3,"href":"https:\/\/www.die-stadtzeitung.de\/index.php\/wp-json\/wp\/v2\/posts\/66333\/revisions"}],"predecessor-version":[{"id":66337,"href":"https:\/\/www.die-stadtzeitung.de\/index.php\/wp-json\/wp\/v2\/posts\/66333\/revisions\/66337"}],"wp:attachment":[{"href":"https:\/\/www.die-stadtzeitung.de\/index.php\/wp-json\/wp\/v2\/media?parent=66333"}],"wp:term":[{"taxonomy":"category","embeddable":true,"href":"https:\/\/www.die-stadtzeitung.de\/index.php\/wp-json\/wp\/v2\/categories?post=66333"},{"taxonomy":"post_tag","embeddable":true,"href":"https:\/\/www.die-stadtzeitung.de\/index.php\/wp-json\/wp\/v2\/tags?post=66333"}],"curies":[{"name":"wp","href":"https:\/\/api.w.org\/{rel}","templated":true}]}}