{"id":65788,"date":"2023-06-01T14:00:34","date_gmt":"2023-06-01T12:00:34","guid":{"rendered":"https:\/\/www.die-stadtzeitung.de\/?p=65788"},"modified":"2023-06-01T14:00:34","modified_gmt":"2023-06-01T12:00:34","slug":"bjoern-krueger-vertritt-kunst-kulturszene-im-rat","status":"publish","type":"post","link":"https:\/\/www.die-stadtzeitung.de\/index.php\/2023\/06\/01\/bjoern-krueger-vertritt-kunst-kulturszene-im-rat\/","title":{"rendered":"Bj\u00f6rn Kr\u00fcger vertritt Kunst-&#038; Kulturszene im Rat"},"content":{"rendered":"<div id=\"attachment_65790\" class=\"wp-caption alignnone\" style=\"max-width: 1034px;\"><img loading=\"lazy\" decoding=\"async\" class=\"size-large wp-image-65790\" src=\"\/wp-content\/uploads\/2023\/06\/Bjoern-Krueger_Foto-_Tobias-Weidemann-2-1024x682.jpeg\" alt=\"\" width=\"1024\" height=\"682\" \/><span class=\"wp-caption-text\">Der Musiker Bj\u00f6rn Kr\u00fcger &#8211; \u00a9 Tobias Weidemann.<\/span><\/div>\n<p>Der im Herbst 2020 gegr\u00fcndete Wuppertaler KULTURRAT, angedockt an )) freies netz werk )) KULTUR, hatte damals den Kulturmanager und Utopisten Johannes Schmidt gew\u00e4hlt, der Rat ihn dann offiziell bestellt. Aus beruflichen Gr\u00fcnden kann er das Amt leider nicht weiter wahrnehmen.<span class=\"Apple-converted-space\">\u00a0<\/span><\/p>\n<p>Daher hat am 23. Mai 2023 eine Neuwahl in der offenen K\u00f6rperschaft KULTURRAT stattgefunden. Das Ergebnis: Bj\u00f6rn Kr\u00fcger<b> <\/b>wurde<b> <\/b>zum Vertreter der freien Szene gew\u00e4hlt. Er ist Musiker, k\u00fcnstlerischer Leiter des Kulturkindergartens und aktiv in der Steuergruppe Kulturelle Bildung.<span class=\"Apple-converted-space\">\u00a0<\/span><\/p>\n<p>Als Sachkundiger Einwohner m\u00f6chte er die Belange und die Stimmen der freien Kunst- und Kulturszene in den Kulturausschuss der Stadt Wuppertal tragen. Zur Wahrnehmung des Ehrenamtes wird Bj\u00f6rn Kr\u00fcger in der Sitzung des Rates der Stadt Wuppertal am 13.06.2023 offiziell als Sachkundiger Einwohner bestellt.<\/p>\n<p>Insbesondere die letzte Kulturausschuss-Sitzung hat das rege Interesse der freien Kunst- und Kulturszene an einer st\u00e4rkeren Teilhabe an kulturpolitischen Prozessen deutlich gemacht.<span class=\"Apple-converted-space\">\u00a0<\/span><\/p>\n<p>Bj\u00f6rn Kr\u00fcger \u00e4u\u00dferte sich zur Wahl: \u201eIch freue mich sehr darauf, die freie Szene zuk\u00fcnftig im Kulturausschuss vertreten zu d\u00fcrfen. Denn ich wei\u00df, wie wichtig der Dialog auf dieser Ebene mit den unterschiedlichen Entscheidungstr\u00e4gern ist. Daher hoffe ich auf einen konstruktiven Austausch und bin froh, den zahlreichen und gro\u00dfartigen Kulturschaffenden unserer Stadt in diesem Rahmen meine Stimme leihen zu d\u00fcrfen\u201c.<\/p>\n<p>&nbsp;<\/p>\n","protected":false},"excerpt":{"rendered":"<p>Seit November 2020 gibt es f\u00fcr die freie Kunst- und Kulturszene im Kulturausschuss der Stadt Wuppertal einen Vertreter, der als Sachkundiger Einwohner die Interessen der freien Szene mit vertritt.\u00a0Jetzt wurde Bj\u00f6rn Kr\u00fcger vom Kulturrat gew\u00e4hlt <\/p>\n","protected":false},"author":7,"featured_media":0,"comment_status":"open","ping_status":"open","sticky":false,"template":"","format":"standard","meta":{"footnotes":""},"categories":[29],"tags":[],"class_list":["post-65788","post","type-post","status-publish","format-standard","hentry","category-kultur"],"publishpress_future_action":{"enabled":false,"date":"2026-05-06 06:46:14","action":"change-status","newStatus":"draft","terms":[],"taxonomy":"category","extraData":[]},"publishpress_future_workflow_manual_trigger":{"enabledWorkflows":[]},"_links":{"self":[{"href":"https:\/\/www.die-stadtzeitung.de\/index.php\/wp-json\/wp\/v2\/posts\/65788","targetHints":{"allow":["GET"]}}],"collection":[{"href":"https:\/\/www.die-stadtzeitung.de\/index.php\/wp-json\/wp\/v2\/posts"}],"about":[{"href":"https:\/\/www.die-stadtzeitung.de\/index.php\/wp-json\/wp\/v2\/types\/post"}],"author":[{"embeddable":true,"href":"https:\/\/www.die-stadtzeitung.de\/index.php\/wp-json\/wp\/v2\/users\/7"}],"replies":[{"embeddable":true,"href":"https:\/\/www.die-stadtzeitung.de\/index.php\/wp-json\/wp\/v2\/comments?post=65788"}],"version-history":[{"count":4,"href":"https:\/\/www.die-stadtzeitung.de\/index.php\/wp-json\/wp\/v2\/posts\/65788\/revisions"}],"predecessor-version":[{"id":65793,"href":"https:\/\/www.die-stadtzeitung.de\/index.php\/wp-json\/wp\/v2\/posts\/65788\/revisions\/65793"}],"wp:attachment":[{"href":"https:\/\/www.die-stadtzeitung.de\/index.php\/wp-json\/wp\/v2\/media?parent=65788"}],"wp:term":[{"taxonomy":"category","embeddable":true,"href":"https:\/\/www.die-stadtzeitung.de\/index.php\/wp-json\/wp\/v2\/categories?post=65788"},{"taxonomy":"post_tag","embeddable":true,"href":"https:\/\/www.die-stadtzeitung.de\/index.php\/wp-json\/wp\/v2\/tags?post=65788"}],"curies":[{"name":"wp","href":"https:\/\/api.w.org\/{rel}","templated":true}]}}