{"id":65662,"date":"2023-05-26T06:24:03","date_gmt":"2023-05-26T04:24:03","guid":{"rendered":"https:\/\/www.die-stadtzeitung.de\/?p=65662"},"modified":"2023-05-26T10:26:58","modified_gmt":"2023-05-26T08:26:58","slug":"vor-30-jahren-brandanschlag-auf-die-familie-genc","status":"publish","type":"post","link":"https:\/\/www.die-stadtzeitung.de\/index.php\/2023\/05\/26\/vor-30-jahren-brandanschlag-auf-die-familie-genc\/","title":{"rendered":"Vor 30 Jahren: Brandanschlag auf die Familie Gen\u00e7"},"content":{"rendered":"<div id=\"attachment_65665\" class=\"wp-caption alignnone\" style=\"max-width: 778px;\"><img loading=\"lazy\" decoding=\"async\" class=\"size-full wp-image-65665\" src=\"\/wp-content\/uploads\/2023\/05\/2012-Mevluede-Genc-Gauck-Bundespraesidentenwahl-Reichs-tag-2.jpg\" alt=\"\" width=\"768\" height=\"649\" \/><span class=\"wp-caption-text\">Mevl\u00fcde Genc am 18.03.2012 mit dem gerade gew\u00e4hlten Bundespr\u00e4sidenten Joachim Gauck (r.). Mevl\u00fcde Gen\u00e7 war damals Mitglied der Bundesversammlung &#8211; \u00a9 Deutscher Bundestag<\/span><\/div>\n<p>Der Bundestagsabgeordnete (CDU) f\u00fcr<span class=\"Apple-converted-space\">\u00a0 <\/span>Solingen, Remscheid und Wuppertal II in einer Erkl\u00e4rung: &#8222;Die Bilder haben wir alle noch im Kopf, die Gef\u00fchle, die wir dabei empfunden haben, schmerzen immer noch. Ich bin froh, dass das Gedenken immer noch eine zentrale Rolle in unserem gesellschaftlichen Leben in Solingen und in ganz Deutschland spielt. Das muss es auch, denn das Gedenken hilft uns allen, dass wir Zusammenhalt in Solingen und \u00fcber die Stadtgrenzen hinaus schaffen.<\/p>\n<p>Ich bin in diesen Tagen mit meinen Gedanken bei der Familie Gen\u00e7, die ich mittlerweile nach vielen Treffen und Gespr\u00e4chen gut kenne und die ich bewundere ob ihrer menschlichen Gr\u00f6\u00dfe. Sie sind trotz des grausamen Mordanschlags auf ihre Familie in Deutschland, ja sogar in Solingen geblieben. Vor allem Mevl\u00fcde Genc, die leider letztes Jahr verstorben ist, hat mit ihren Worten \u201eLasst uns Freunde sein!\u201c ma\u00dfgeblich zu diesem Miteinander beigetragen.<span class=\"Apple-converted-space\">\u00a0<\/span><\/p>\n<div id=\"attachment_65667\" class=\"wp-caption alignnone\" style=\"max-width: 496px;\"><img loading=\"lazy\" decoding=\"async\" class=\"wp-image-65667 \" src=\"\/wp-content\/uploads\/2023\/05\/Juergen-Hardt-MdB-offizielles_Portraitfoto-1024x683.jpg\" alt=\"\" width=\"486\" height=\"324\" \/><span class=\"wp-caption-text\">Der Bundestagsabgeordnete (MdB) J\u00fcrgen Hardt &#8211; \u00a9 Deutscher Bundestag<\/span><\/div>\n<p>Ich wei\u00df nicht, ob wir ohne ihre Gro\u00dfherzigkeit und Barmherzigkeit das so gut geschafft h\u00e4tten. In ihrem Wikipedia-Eintrag wird sie zurecht \u201eFriedensbotschafterin\u201c genannt. Heute, in einer Zeit, in der das Miteinander von Menschen mit und ohne Migrationshintergrund immer noch eine gro\u00dfe Herausforderung ist, brauchen wir diese Erinnerungskultur mehr denn je. Denn Fremdenhass ist nach wie vor in zu vielen K\u00f6pfen verankert. Das Erinnern und Gedenken hilft, ein Zeichen gegen Rassismus und Rechtspopulismus zu setzen.&#8220;<\/p>\n<p>&nbsp;<\/p>\n<p>&nbsp;<\/p>\n","protected":false},"excerpt":{"rendered":"<p>Den 30. Mai 1993 werden viele Menschen nicht vergessen. An diesem Tag haben junge Rechtsextreme das Wohnhaus der Familie Gen\u00e7\u00a0angez\u00fcndet. F\u00fcnf Frauen und M\u00e4dchen starben in den Flammen. Am kommenden Dienstag (30.05.) j\u00e4hrt sich dieser traurige Tag zum 30. Mal. Der Politiker J\u00fcrgen Hardt erinnert sich.<\/p>\n","protected":false},"author":7,"featured_media":0,"comment_status":"open","ping_status":"open","sticky":false,"template":"","format":"standard","meta":{"footnotes":""},"categories":[26],"tags":[],"class_list":["post-65662","post","type-post","status-publish","format-standard","hentry","category-politik"],"publishpress_future_action":{"enabled":false,"date":"2026-05-04 22:27:44","action":"change-status","newStatus":"draft","terms":[],"taxonomy":"category","extraData":[]},"publishpress_future_workflow_manual_trigger":{"enabledWorkflows":[]},"_links":{"self":[{"href":"https:\/\/www.die-stadtzeitung.de\/index.php\/wp-json\/wp\/v2\/posts\/65662","targetHints":{"allow":["GET"]}}],"collection":[{"href":"https:\/\/www.die-stadtzeitung.de\/index.php\/wp-json\/wp\/v2\/posts"}],"about":[{"href":"https:\/\/www.die-stadtzeitung.de\/index.php\/wp-json\/wp\/v2\/types\/post"}],"author":[{"embeddable":true,"href":"https:\/\/www.die-stadtzeitung.de\/index.php\/wp-json\/wp\/v2\/users\/7"}],"replies":[{"embeddable":true,"href":"https:\/\/www.die-stadtzeitung.de\/index.php\/wp-json\/wp\/v2\/comments?post=65662"}],"version-history":[{"count":4,"href":"https:\/\/www.die-stadtzeitung.de\/index.php\/wp-json\/wp\/v2\/posts\/65662\/revisions"}],"predecessor-version":[{"id":65668,"href":"https:\/\/www.die-stadtzeitung.de\/index.php\/wp-json\/wp\/v2\/posts\/65662\/revisions\/65668"}],"wp:attachment":[{"href":"https:\/\/www.die-stadtzeitung.de\/index.php\/wp-json\/wp\/v2\/media?parent=65662"}],"wp:term":[{"taxonomy":"category","embeddable":true,"href":"https:\/\/www.die-stadtzeitung.de\/index.php\/wp-json\/wp\/v2\/categories?post=65662"},{"taxonomy":"post_tag","embeddable":true,"href":"https:\/\/www.die-stadtzeitung.de\/index.php\/wp-json\/wp\/v2\/tags?post=65662"}],"curies":[{"name":"wp","href":"https:\/\/api.w.org\/{rel}","templated":true}]}}